{"id":441255,"date":"2022-02-19T20:27:05","date_gmt":"2022-02-19T17:27:05","guid":{"rendered":"http:\/\/arantv.az\/?p=441255"},"modified":"2022-02-19T20:27:05","modified_gmt":"2022-02-19T17:27:05","slug":"ozu-d%c9%99-sev%c9%99r-insanlara-da-sevdir%c9%99r","status":"publish","type":"post","link":"https:\/\/arantv.az\/?p=441255","title":{"rendered":"\u00d6z\u00fc d\u0259 sev\u0259r, insanlara da sevdir\u0259r&#8230;"},"content":{"rendered":"<p>T\u0259\u015f\u0259kk\u00fcr &#8211; \u0259d\u0259b v\u0259 \u0259xlaq\u0131n \u0259n \u00fcst\u00fcn \u015f\u00f6b\u0259l\u0259rind\u0259n biridir. \u00c7\u00fcnki t\u0259\u015f\u0259kk\u00fcr etm\u0259yi g\u00f6z\u0259l \u015f\u0259kild\u0259 bacaran insan, h\u0259m Allah\u0131 raz\u0131 salm\u0131\u015f olur, h\u0259m d\u0259 qar\u015f\u0131s\u0131ndak\u0131 insana olan h\u00f6rm\u0259tini ifad\u0259 etmi\u015f olur, habel\u0259 onu sevindirir. Pey\u011f\u0259mb\u0259rimiz (ona Salam olsun) buyurmu\u015fdur: &#8220;\u0130nsanlara t\u0259\u015f\u0259kk\u00fcr etm\u0259y\u0259n, Allah&#8217;a da \u015f\u00fck\u00fcr etmi\u015f olmaz&#8221;. (Musn\u0259d).<\/p>\n<p>Lakin, t\u0259\u015f\u0259kk\u00fcr etm\u0259k &#8211; sad\u0259c\u0259 &#8220;minn\u0259tli qalmama\u011f\u0131n&#8221; ifad\u0259si hesab olunmamal\u0131d\u0131r. \u00c7\u00fcnki t\u0259\u015f\u0259kk\u00fcr adl\u0131 bir \u0259m\u0259lin var olma s\u0259b\u0259bl\u0259ri \u0259slind\u0259 tamam ba\u015fqad\u0131r.<\/p>\n<p>\u0130slam m\u00fcdrikl\u0259rinin s\u00f6zl\u0259rin\u0259 n\u0259z\u0259r yetirdikd\u0259, &#8216;insanlara t\u0259\u015f\u0259kk\u00fcr etm\u0259k&#8217; m\u00f6vzusunda dem\u0259k olar ki, he\u00e7 bilm\u0259diyimiz m\u0259s\u0259l\u0259l\u0259rin oldu\u011funu g\u00f6rm\u00fc\u015f oluruq:<\/p>\n<p>1. \u00d6yr\u0259nmi\u015f oluruq ki, qar\u015f\u0131 t\u0259r\u0259f\u0259 t\u0259\u015f\u0259kk\u00fcr etm\u0259k &#8211; i\u00e7d\u0259n g\u0259lm\u0259y\u0259n, k\u00f6k\u00fc olmayan, \u0259zb\u0259rl\u0259nmi\u015f &#8220;\u00e7ox sa\u011fol&#8221; v\u0259 ya &#8220;Allah raz\u0131 olsun&#8221; kimi ifad\u0259l\u0259rl\u0259 olmamal\u0131d\u0131r. Y\u0259ni, ist\u0259nil\u0259n g\u00f6z\u0259l s\u00f6z v\u0259 dua -i\u00e7d\u0259n g\u0259lm\u0259dikc\u0259- bir \u00f6n\u0259m k\u0259sb etmir. Dem\u0259li, t\u0259\u015f\u0259kk\u00fcr&#8217;\u00fcn \u0259sas m\u0259qs\u0259di var imi\u015f: Qar\u015f\u0131 t\u0259r\u0259f bu ifad\u0259l\u0259rin sad\u0259c\u0259 dild\u0259 deyil, i\u00e7d\u0259n g\u0259ldiyini hiss etm\u0259lidir.<\/p>\n<p>2. \u00d6yr\u0259nmi\u015f oluruq ki, t\u0259\u015f\u0259kk\u00fcr&#8217;\u00fcn dig\u0259r m\u0259qs\u0259di &#8211; &#8220;xala x\u0259tri qalmas\u0131n&#8221; anlay\u0131\u015f\u0131 deyil, aradak\u0131 m\u00fcnasib\u0259tl\u0259ri m\u00f6hk\u0259ml\u0259ndirm\u0259kdir. \u0130\u00e7d\u0259n g\u0259lm\u0259y\u0259n quru s\u00f6zl\u0259r, t\u0259\u015f\u0259kk\u00fcr&#8217;\u00fcn yerini doldurmad\u0131\u011f\u0131 kimi, insanlar aras\u0131ndak\u0131 m\u00fcnasib\u0259ti d\u0259 m\u00f6hk\u0259ml\u0259ndirmir. H\u0259tta zamanla s\u00fcniliyin yay\u0131lmas\u0131na s\u0259b\u0259b olur.<\/p>\n<p>&nbsp;<\/p>\n<div id=\"AinsyndicationPlayerId\" class=\"inpage\" data-viewable=\"1\">\n<div class=\"inpage-wrap\">\n<div class=\"inpage-top\">\n<div class=\"adsg-logo\">\n<p>3. Bununla yana\u015f\u0131 \u00f6yr\u0259nmi\u015f oluruq ki, t\u0259\u015f\u0259kk\u00fcr &#8211; h\u0259m\u00e7inin qar\u015f\u0131 t\u0259r\u0259fi sevindirm\u0259y\u0259 xidm\u0259t etm\u0259lidir. Pey\u011f\u0259mb\u0259rimiz (ona Salam olsun) demi\u015fdir: &#8220;F\u0259rzl\u0259rd\u0259n sonra \u0259n qiym\u0259tli \u0259m\u0259l, bir m\u00fcs\u0259lman\u0131 sevindirm\u0259kdir.&#8221; (T\u0259b\u0259rani). T\u0259\u015f\u0259kk\u00fcr\u00fc \u0259sirg\u0259m\u0259k v\u0259 ya do\u011fru formada etm\u0259m\u0259k &#8211; qar\u015f\u0131 t\u0259r\u0259fin ist\u0259nil\u0259n \u00fcst\u00fcn d\u0259y\u0259rl\u0259rd\u0259n soyumas\u0131na bel\u0259 s\u0259b\u0259b ola bil\u0259r.<\/p>\n<p>Buna g\u00f6r\u0259 d\u0259, insanlara t\u0259\u015f\u0259kk\u00fcr etm\u0259y\u0259n v\u0259 bunu do\u011fru \u015f\u0259kild\u0259 etm\u0259y\u0259n k\u0259s -yuxar\u0131dak\u0131 h\u0259disd\u0259 d\u0259 qeyd edildiyi kimi- Allah&#8217;a da \u015f\u00fck\u00fcr etmi\u015f say\u0131lmaz. Uca Allah, insanlara d\u0259y\u0259r ver\u0259n, daima s\u0259mimi t\u0259\u015f\u0259kk\u00fcr\u00fcn\u00fc ifad\u0259 ed\u0259n k\u0259sl\u0259ri, \u00d6z\u00fc d\u0259 sev\u0259r, insanlara da sevdir\u0259r.<\/p>\n<\/div>\n<\/div>\n<div class=\"inpage-video\">\n<div id=\"fluid_video_wrapper_AinsyndicationPlayer\" class=\"fluid_video_wrapper fluid_player_layout_default fluid_player_layout_default\">\n<div id=\"fluid_video_wrapper_AinsyndicationPlayer\" class=\"fluid_video_wrapper\">\n<div id=\"AinsyndicationPlayer_fluid_subtitles_container\" class=\"fluid_subtitles_container\"><\/div>\n<div id=\"vast_video_loading_AinsyndicationPlayer\" class=\"vast_video_loading\"><\/div>\n<div id=\"AinsyndicationPlayer_fluid_controls_container\" class=\"fluid_controls_container fade_out\">\n<div class=\"fluid_controls_right\">\n<div id=\"AinsyndicationPlayer_fluid_control_mute\" class=\"fluid_button fluid_button_mute fluid_control_mute\"><\/div>\n<\/div>\n<\/div>\n<\/div>\n<div id=\"AinsyndicationPlayer_fluid_subtitles_container\" class=\"fluid_subtitles_container\"><\/div>\n<div id=\"AinsyndicationPlayer_fluid_controls_container\" class=\"fluid_controls_container\">\n<div class=\"fluid_controls_right\">\n<div id=\"AinsyndicationPlayer_fluid_control_mute\" class=\"fluid_button fluid_button_volume fluid_control_mute\"><\/div>\n<\/div>\n<\/div>\n<\/div>\n<\/div>\n<div class=\"inpage-bottom\">\n<div class=\"inpage-bottom-right\"><\/div>\n<\/div>\n<\/div>\n<\/div>\n<p>&nbsp;<\/p>\n","protected":false},"excerpt":{"rendered":"<p>T\u0259\u015f\u0259kk\u00fcr &#8211; \u0259d\u0259b v\u0259 \u0259xlaq\u0131n \u0259n \u00fcst\u00fcn \u015f\u00f6b\u0259l\u0259rind\u0259n biridir. \u00c7\u00fcnki t\u0259\u015f\u0259kk\u00fcr etm\u0259yi g\u00f6z\u0259l \u015f\u0259kild\u0259 bacaran insan, h\u0259m Allah\u0131 raz\u0131 salm\u0131\u015f olur, h\u0259m d\u0259 qar\u015f\u0131s\u0131ndak\u0131 insana olan h\u00f6rm\u0259tini ifad\u0259 etmi\u015f olur, habel\u0259 onu sevindirir. Pey\u011f\u0259mb\u0259rimiz (ona Salam olsun) buyurmu\u015fdur: &#8220;\u0130nsanlara t\u0259\u015f\u0259kk\u00fcr etm\u0259y\u0259n, Allah&#8217;a da \u015f\u00fck\u00fcr etmi\u015f olmaz&#8221;. (Musn\u0259d). Lakin, t\u0259\u015f\u0259kk\u00fcr etm\u0259k &#8211; sad\u0259c\u0259 &#8220;minn\u0259tli qalmama\u011f\u0131n&#8221; ifad\u0259si hesab olunmamal\u0131d\u0131r. \u00c7\u00fcnki t\u0259\u015f\u0259kk\u00fcr adl\u0131 bir \u0259m\u0259lin var olma s\u0259b\u0259bl\u0259ri \u0259slind\u0259 tamam ba\u015fqad\u0131r. \u0130slam m\u00fcdrikl\u0259rinin s\u00f6zl\u0259rin\u0259 n\u0259z\u0259r yetirdikd\u0259, &#8216;insanlara t\u0259\u015f\u0259kk\u00fcr etm\u0259k&#8217; m\u00f6vzusunda dem\u0259k olar ki, he\u00e7 bilm\u0259diyimiz m\u0259s\u0259l\u0259l\u0259rin oldu\u011funu g\u00f6rm\u00fc\u015f oluruq: 1. \u00d6yr\u0259nmi\u015f oluruq ki,&hellip;<\/p>\n","protected":false},"author":2,"featured_media":441256,"comment_status":"closed","ping_status":"closed","sticky":false,"template":"","format":"standard","meta":{"om_disable_all_campaigns":false,"_monsterinsights_skip_tracking":false,"_monsterinsights_sitenote_active":false,"_monsterinsights_sitenote_note":"","_monsterinsights_sitenote_category":0},"categories":[27],"tags":[],"aioseo_notices":[],"gutentor_comment":0,"rttpg_featured_image_url":{"full":["https:\/\/arantv.az\/wp-content\/uploads\/2022\/02\/1018286.jpg",800,600,false],"landscape":["https:\/\/arantv.az\/wp-content\/uploads\/2022\/02\/1018286.jpg",800,600,false],"portraits":["https:\/\/arantv.az\/wp-content\/uploads\/2022\/02\/1018286.jpg",800,600,false],"thumbnail":["https:\/\/arantv.az\/wp-content\/uploads\/2022\/02\/1018286-500x280.jpg",500,280,true],"medium":["https:\/\/arantv.az\/wp-content\/uploads\/2022\/02\/1018286-487x365.jpg",487,365,true],"large":["https:\/\/arantv.az\/wp-content\/uploads\/2022\/02\/1018286.jpg",640,480,false],"1536x1536":["https:\/\/arantv.az\/wp-content\/uploads\/2022\/02\/1018286.jpg",800,600,false],"2048x2048":["https:\/\/arantv.az\/wp-content\/uploads\/2022\/02\/1018286.jpg",800,600,false],"post-thumbnail":["https:\/\/arantv.az\/wp-content\/uploads\/2022\/02\/1018286-240x172.jpg",240,172,true],"advps-thumb-one":["https:\/\/arantv.az\/wp-content\/uploads\/2022\/02\/1018286.jpg",800,600,false]},"rttpg_author":{"display_name":"V\u00fcsal Rafiqo\u011flu","author_link":"https:\/\/arantv.az\/?author=2"},"rttpg_comment":0,"rttpg_category":"<a href=\"https:\/\/arantv.az\/?cat=27\" rel=\"category\">\u0130SLAM<\/a>","rttpg_excerpt":"T\u0259\u015f\u0259kk\u00fcr &#8211; \u0259d\u0259b v\u0259 \u0259xlaq\u0131n \u0259n \u00fcst\u00fcn \u015f\u00f6b\u0259l\u0259rind\u0259n biridir. \u00c7\u00fcnki t\u0259\u015f\u0259kk\u00fcr etm\u0259yi g\u00f6z\u0259l \u015f\u0259kild\u0259 bacaran insan, h\u0259m Allah\u0131 raz\u0131 salm\u0131\u015f olur, h\u0259m d\u0259 qar\u015f\u0131s\u0131ndak\u0131 insana olan h\u00f6rm\u0259tini ifad\u0259 etmi\u015f olur, habel\u0259 onu sevindirir. Pey\u011f\u0259mb\u0259rimiz (ona Salam olsun) buyurmu\u015fdur: &#8220;\u0130nsanlara t\u0259\u015f\u0259kk\u00fcr etm\u0259y\u0259n, Allah&#8217;a da \u015f\u00fck\u00fcr etmi\u015f olmaz&#8221;. (Musn\u0259d). Lakin, t\u0259\u015f\u0259kk\u00fcr etm\u0259k &#8211; sad\u0259c\u0259 &#8220;minn\u0259tli qalmama\u011f\u0131n&#8221; ifad\u0259si&hellip;","_links":{"self":[{"href":"https:\/\/arantv.az\/index.php?rest_route=\/wp\/v2\/posts\/441255"}],"collection":[{"href":"https:\/\/arantv.az\/index.php?rest_route=\/wp\/v2\/posts"}],"about":[{"href":"https:\/\/arantv.az\/index.php?rest_route=\/wp\/v2\/types\/post"}],"author":[{"embeddable":true,"href":"https:\/\/arantv.az\/index.php?rest_route=\/wp\/v2\/users\/2"}],"replies":[{"embeddable":true,"href":"https:\/\/arantv.az\/index.php?rest_route=%2Fwp%2Fv2%2Fcomments&post=441255"}],"version-history":[{"count":0,"href":"https:\/\/arantv.az\/index.php?rest_route=\/wp\/v2\/posts\/441255\/revisions"}],"wp:featuredmedia":[{"embeddable":true,"href":"https:\/\/arantv.az\/index.php?rest_route=\/wp\/v2\/media\/441256"}],"wp:attachment":[{"href":"https:\/\/arantv.az\/index.php?rest_route=%2Fwp%2Fv2%2Fmedia&parent=441255"}],"wp:term":[{"taxonomy":"category","embeddable":true,"href":"https:\/\/arantv.az\/index.php?rest_route=%2Fwp%2Fv2%2Fcategories&post=441255"},{"taxonomy":"post_tag","embeddable":true,"href":"https:\/\/arantv.az\/index.php?rest_route=%2Fwp%2Fv2%2Ftags&post=441255"}],"curies":[{"name":"wp","href":"https:\/\/api.w.org\/{rel}","templated":true}]}}