{"id":441264,"date":"2022-02-19T20:53:27","date_gmt":"2022-02-19T17:53:27","guid":{"rendered":"http:\/\/arantv.az\/?p=441264"},"modified":"2022-02-19T20:53:27","modified_gmt":"2022-02-19T17:53:27","slug":"ukraynali-t%c9%99l%c9%99b%c9%99-agdam-s%c9%99h%c9%99ri-erm%c9%99ni-vandalizmin%c9%99-m%c9%99ruz-qalib","status":"publish","type":"post","link":"https:\/\/arantv.az\/?p=441264","title":{"rendered":"Ukraynal\u0131 t\u0259l\u0259b\u0259: A\u011fdam \u015f\u0259h\u0259ri erm\u0259ni vandalizmin\u0259 m\u0259ruz qal\u0131b"},"content":{"rendered":"<p>A\u011fdama s\u0259f\u0259r zaman\u0131 g\u00f6rd\u00fckl\u0259rimd\u0259n heyr\u0259t\u0259 g\u0259ldim. \u015e\u0259h\u0259r tamamil\u0259 da\u011f\u0131d\u0131l\u0131b, bir salamat bina bel\u0259 yoxdur.<\/p>\n<p><strong>ARANTV.AZ\u00a0 <\/strong>x\u0259b\u0259r verir ki,\u00a0bu s\u00f6zl\u0259ri\u00a0AZ\u018fRTAC-\u0131n b\u00f6lg\u0259 m\u00fcxbirin\u0259 m\u00fcsahib\u0259sind\u0259 Bak\u0131 Beyn\u0259lxalq Multikulturalizm M\u0259rk\u0259zinin (BBMM) t\u0259\u015fkilat\u00e7\u0131l\u0131\u011f\u0131 il\u0259 ke\u00e7iril\u0259n \u201cM\u00fcharib\u0259 cinay\u0259tl\u0259ri m\u0259d\u0259ni irs\u0259 qar\u015f\u0131: Qaraba\u011f m\u00fcnaqi\u015f\u0259sinin tarixi kontekstind\u0259\u201d adl\u0131 XI Beyn\u0259lxalq Multikulturalizm Q\u0131\u015f M\u0259kt\u0259binin Ukraynadan olan i\u015ftirak\u00e7\u0131s\u0131 Marina Qon\u00e7aruk s\u00f6yl\u0259yib.<\/p>\n<p>M.Qon\u00e7aruk A\u011fdamda g\u00f6rd\u00fckl\u0259rind\u0259n \u00e7ox t\u0259sirl\u0259ndiyini bildirib: \u201cBiz bu \u015f\u0259h\u0259rin, az\u0259rbaycanl\u0131lar \u00fc\u00e7\u00fcn m\u00fcq\u0259dd\u0259s olan g\u00f6z\u0259l arxitekturaya malik m\u0259scidin erm\u0259ni vandalizmin\u0259 m\u0259ruz qald\u0131\u011f\u0131n\u0131 g\u00f6rd\u00fck. Biz ist\u0259yirik ki, bura tezlikl\u0259 yenid\u0259n qurulsun. Az\u0259rbaycanl\u0131lar \u00f6z do\u011fma yerl\u0259rin\u0259 qay\u0131ts\u0131nlar v\u0259 \u0259cdadlar\u0131n\u0131n yurdunda xo\u015fb\u0259xt ya\u015fas\u0131nlar. Bu yerl\u0259r\u0259 yenid\u0259n h\u0259yat g\u0259lsin, bu g\u00f6z\u0259l dini-arxitektura n\u00fcmun\u0259si b\u0259rpa edilsin\u201d.<\/p>\n","protected":false},"excerpt":{"rendered":"<p>A\u011fdama s\u0259f\u0259r zaman\u0131 g\u00f6rd\u00fckl\u0259rimd\u0259n heyr\u0259t\u0259 g\u0259ldim. \u015e\u0259h\u0259r tamamil\u0259 da\u011f\u0131d\u0131l\u0131b, bir salamat bina bel\u0259 yoxdur. ARANTV.AZ\u00a0 x\u0259b\u0259r verir ki,\u00a0bu s\u00f6zl\u0259ri\u00a0AZ\u018fRTAC-\u0131n b\u00f6lg\u0259 m\u00fcxbirin\u0259 m\u00fcsahib\u0259sind\u0259 Bak\u0131 Beyn\u0259lxalq Multikulturalizm M\u0259rk\u0259zinin (BBMM) t\u0259\u015fkilat\u00e7\u0131l\u0131\u011f\u0131 il\u0259 ke\u00e7iril\u0259n \u201cM\u00fcharib\u0259 cinay\u0259tl\u0259ri m\u0259d\u0259ni irs\u0259 qar\u015f\u0131: Qaraba\u011f m\u00fcnaqi\u015f\u0259sinin tarixi kontekstind\u0259\u201d adl\u0131 XI Beyn\u0259lxalq Multikulturalizm Q\u0131\u015f M\u0259kt\u0259binin Ukraynadan olan i\u015ftirak\u00e7\u0131s\u0131 Marina Qon\u00e7aruk s\u00f6yl\u0259yib. M.Qon\u00e7aruk A\u011fdamda g\u00f6rd\u00fckl\u0259rind\u0259n \u00e7ox t\u0259sirl\u0259ndiyini bildirib: \u201cBiz bu \u015f\u0259h\u0259rin, az\u0259rbaycanl\u0131lar \u00fc\u00e7\u00fcn m\u00fcq\u0259dd\u0259s olan g\u00f6z\u0259l arxitekturaya malik m\u0259scidin erm\u0259ni vandalizmin\u0259 m\u0259ruz qald\u0131\u011f\u0131n\u0131 g\u00f6rd\u00fck. Biz ist\u0259yirik ki, bura tezlikl\u0259 yenid\u0259n qurulsun. Az\u0259rbaycanl\u0131lar \u00f6z do\u011fma yerl\u0259rin\u0259 qay\u0131ts\u0131nlar v\u0259 \u0259cdadlar\u0131n\u0131n yurdunda xo\u015fb\u0259xt ya\u015fas\u0131nlar.&hellip;<\/p>\n","protected":false},"author":2,"featured_media":441265,"comment_status":"closed","ping_status":"closed","sticky":false,"template":"","format":"standard","meta":{"om_disable_all_campaigns":false,"_monsterinsights_skip_tracking":false,"_monsterinsights_sitenote_active":false,"_monsterinsights_sitenote_note":"","_monsterinsights_sitenote_category":0},"categories":[1],"tags":[],"aioseo_notices":[],"gutentor_comment":0,"rttpg_featured_image_url":{"full":["https:\/\/arantv.az\/wp-content\/uploads\/2022\/02\/583cf6a4164528998097123345310218781.jpg",975,540,false],"landscape":["https:\/\/arantv.az\/wp-content\/uploads\/2022\/02\/583cf6a4164528998097123345310218781.jpg",975,540,false],"portraits":["https:\/\/arantv.az\/wp-content\/uploads\/2022\/02\/583cf6a4164528998097123345310218781.jpg",975,540,false],"thumbnail":["https:\/\/arantv.az\/wp-content\/uploads\/2022\/02\/583cf6a4164528998097123345310218781-500x280.jpg",500,280,true],"medium":["https:\/\/arantv.az\/wp-content\/uploads\/2022\/02\/583cf6a4164528998097123345310218781-660x365.jpg",660,365,true],"large":["https:\/\/arantv.az\/wp-content\/uploads\/2022\/02\/583cf6a4164528998097123345310218781-840x465.jpg",640,354,true],"1536x1536":["https:\/\/arantv.az\/wp-content\/uploads\/2022\/02\/583cf6a4164528998097123345310218781.jpg",975,540,false],"2048x2048":["https:\/\/arantv.az\/wp-content\/uploads\/2022\/02\/583cf6a4164528998097123345310218781.jpg",975,540,false],"post-thumbnail":["https:\/\/arantv.az\/wp-content\/uploads\/2022\/02\/583cf6a4164528998097123345310218781-240x172.jpg",240,172,true],"advps-thumb-one":["https:\/\/arantv.az\/wp-content\/uploads\/2022\/02\/583cf6a4164528998097123345310218781.jpg",975,540,false]},"rttpg_author":{"display_name":"V\u00fcsal Rafiqo\u011flu","author_link":"https:\/\/arantv.az\/?author=2"},"rttpg_comment":0,"rttpg_category":"<a href=\"https:\/\/arantv.az\/?cat=1\" rel=\"category\">C\u0259miyy\u0259t<\/a>","rttpg_excerpt":"A\u011fdama s\u0259f\u0259r zaman\u0131 g\u00f6rd\u00fckl\u0259rimd\u0259n heyr\u0259t\u0259 g\u0259ldim. \u015e\u0259h\u0259r tamamil\u0259 da\u011f\u0131d\u0131l\u0131b, bir salamat bina bel\u0259 yoxdur. ARANTV.AZ\u00a0 x\u0259b\u0259r verir ki,\u00a0bu s\u00f6zl\u0259ri\u00a0AZ\u018fRTAC-\u0131n b\u00f6lg\u0259 m\u00fcxbirin\u0259 m\u00fcsahib\u0259sind\u0259 Bak\u0131 Beyn\u0259lxalq Multikulturalizm M\u0259rk\u0259zinin (BBMM) t\u0259\u015fkilat\u00e7\u0131l\u0131\u011f\u0131 il\u0259 ke\u00e7iril\u0259n \u201cM\u00fcharib\u0259 cinay\u0259tl\u0259ri m\u0259d\u0259ni irs\u0259 qar\u015f\u0131: Qaraba\u011f m\u00fcnaqi\u015f\u0259sinin tarixi kontekstind\u0259\u201d adl\u0131 XI Beyn\u0259lxalq Multikulturalizm Q\u0131\u015f M\u0259kt\u0259binin Ukraynadan olan i\u015ftirak\u00e7\u0131s\u0131 Marina Qon\u00e7aruk s\u00f6yl\u0259yib. M.Qon\u00e7aruk A\u011fdamda g\u00f6rd\u00fckl\u0259rind\u0259n \u00e7ox&hellip;","_links":{"self":[{"href":"https:\/\/arantv.az\/index.php?rest_route=\/wp\/v2\/posts\/441264"}],"collection":[{"href":"https:\/\/arantv.az\/index.php?rest_route=\/wp\/v2\/posts"}],"about":[{"href":"https:\/\/arantv.az\/index.php?rest_route=\/wp\/v2\/types\/post"}],"author":[{"embeddable":true,"href":"https:\/\/arantv.az\/index.php?rest_route=\/wp\/v2\/users\/2"}],"replies":[{"embeddable":true,"href":"https:\/\/arantv.az\/index.php?rest_route=%2Fwp%2Fv2%2Fcomments&post=441264"}],"version-history":[{"count":0,"href":"https:\/\/arantv.az\/index.php?rest_route=\/wp\/v2\/posts\/441264\/revisions"}],"wp:featuredmedia":[{"embeddable":true,"href":"https:\/\/arantv.az\/index.php?rest_route=\/wp\/v2\/media\/441265"}],"wp:attachment":[{"href":"https:\/\/arantv.az\/index.php?rest_route=%2Fwp%2Fv2%2Fmedia&parent=441264"}],"wp:term":[{"taxonomy":"category","embeddable":true,"href":"https:\/\/arantv.az\/index.php?rest_route=%2Fwp%2Fv2%2Fcategories&post=441264"},{"taxonomy":"post_tag","embeddable":true,"href":"https:\/\/arantv.az\/index.php?rest_route=%2Fwp%2Fv2%2Ftags&post=441264"}],"curies":[{"name":"wp","href":"https:\/\/api.w.org\/{rel}","templated":true}]}}