{"id":441273,"date":"2022-02-19T21:25:58","date_gmt":"2022-02-19T18:25:58","guid":{"rendered":"http:\/\/arantv.az\/?p=441273"},"modified":"2022-02-19T21:25:58","modified_gmt":"2022-02-19T18:25:58","slug":"g7-olk%c9%99l%c9%99rind%c9%99n-ukrayna-il%c9%99-bagli-birg%c9%99-b%c9%99yanat","status":"publish","type":"post","link":"https:\/\/arantv.az\/?p=441273","title":{"rendered":"G7 \u00f6lk\u0259l\u0259rind\u0259n Ukrayna il\u0259 ba\u011fl\u0131 birg\u0259 b\u0259yanat"},"content":{"rendered":"<p>G7 \u00f6lk\u0259l\u0259rinin Xarici \u0130\u015fl\u0259r nazirl\u0259ri birg\u0259 b\u0259yanatla \u00e7\u0131x\u0131\u015f edibl\u0259r.<\/p>\n<div class=\"AdviadNativeVideo\"><\/div>\n<p>X\u0130N r\u0259hb\u0259rl\u0259ri dan\u0131\u015f\u0131qlar\u0131n\u0131n yekunlar\u0131na \u0259sas\u0259n \u00e7\u0131x\u0131\u015f etdikl\u0259ri b\u0259yanatda Rusiya qo\u015funlar\u0131n\u0131n Ukrayna s\u0259rh\u0259dl\u0259ri yax\u0131nl\u0131\u011f\u0131nda yerl\u0259\u015fdirilm\u0259sind\u0259n narahatl\u0131qlar\u0131n\u0131 ifad\u0259 edibl\u0259r.<\/p>\n<p>Bildirilib ki, G7 Minsk raz\u0131la\u015fmalar\u0131n\u0131n tam \u015f\u0259kild\u0259 h\u0259yata ke\u00e7irilm\u0259si \u00fc\u00e7\u00fcn Normand Format\u0131n\u0131n s\u0259yl\u0259rini d\u0259st\u0259kl\u0259yir.<\/p>\n<p>\u201cUkraynan\u0131n \u015f\u0259rqind\u0259ki m\u00fcnaqi\u015f\u0259nin davaml\u0131 siyasi h\u0259llinin yegan\u0259 yolu olan Minsk raz\u0131la\u015fmalar\u0131n\u0131n tam \u015f\u0259kild\u0259 h\u0259yata ke\u00e7irilm\u0259sini t\u0259min etm\u0259k \u00fc\u00e7\u00fcn Normand prosesi \u00e7\u0259r\u00e7iv\u0259sind\u0259 Almaniya v\u0259 Fransan\u0131n s\u0259yl\u0259rini y\u00fcks\u0259k qiym\u0259tl\u0259ndirdiyimizi v\u0259 davaml\u0131 d\u0259st\u0259yimizi vur\u011fulay\u0131r\u0131q\u201d, &#8211; dey\u0259 bildirilib.<\/p>\n<p>M\u0259nb\u0259: TASS<\/p>\n","protected":false},"excerpt":{"rendered":"<p>G7 \u00f6lk\u0259l\u0259rinin Xarici \u0130\u015fl\u0259r nazirl\u0259ri birg\u0259 b\u0259yanatla \u00e7\u0131x\u0131\u015f edibl\u0259r. X\u0130N r\u0259hb\u0259rl\u0259ri dan\u0131\u015f\u0131qlar\u0131n\u0131n yekunlar\u0131na \u0259sas\u0259n \u00e7\u0131x\u0131\u015f etdikl\u0259ri b\u0259yanatda Rusiya qo\u015funlar\u0131n\u0131n Ukrayna s\u0259rh\u0259dl\u0259ri yax\u0131nl\u0131\u011f\u0131nda yerl\u0259\u015fdirilm\u0259sind\u0259n narahatl\u0131qlar\u0131n\u0131 ifad\u0259 edibl\u0259r. Bildirilib ki, G7 Minsk raz\u0131la\u015fmalar\u0131n\u0131n tam \u015f\u0259kild\u0259 h\u0259yata ke\u00e7irilm\u0259si \u00fc\u00e7\u00fcn Normand Format\u0131n\u0131n s\u0259yl\u0259rini d\u0259st\u0259kl\u0259yir. \u201cUkraynan\u0131n \u015f\u0259rqind\u0259ki m\u00fcnaqi\u015f\u0259nin davaml\u0131 siyasi h\u0259llinin yegan\u0259 yolu olan Minsk raz\u0131la\u015fmalar\u0131n\u0131n tam \u015f\u0259kild\u0259 h\u0259yata ke\u00e7irilm\u0259sini t\u0259min etm\u0259k \u00fc\u00e7\u00fcn Normand prosesi \u00e7\u0259r\u00e7iv\u0259sind\u0259 Almaniya v\u0259 Fransan\u0131n s\u0259yl\u0259rini y\u00fcks\u0259k qiym\u0259tl\u0259ndirdiyimizi v\u0259 davaml\u0131 d\u0259st\u0259yimizi vur\u011fulay\u0131r\u0131q\u201d, &#8211; dey\u0259 bildirilib. M\u0259nb\u0259: TASS<\/p>\n","protected":false},"author":2,"featured_media":441274,"comment_status":"closed","ping_status":"closed","sticky":false,"template":"","format":"standard","meta":{"om_disable_all_campaigns":false,"_monsterinsights_skip_tracking":false,"_monsterinsights_sitenote_active":false,"_monsterinsights_sitenote_note":"","_monsterinsights_sitenote_category":0},"categories":[7],"tags":[],"aioseo_notices":[],"gutentor_comment":0,"rttpg_featured_image_url":{"full":["https:\/\/arantv.az\/wp-content\/uploads\/2022\/02\/FotoJet-2022-02-19T221055.086.jpg",620,413,false],"landscape":["https:\/\/arantv.az\/wp-content\/uploads\/2022\/02\/FotoJet-2022-02-19T221055.086.jpg",620,413,false],"portraits":["https:\/\/arantv.az\/wp-content\/uploads\/2022\/02\/FotoJet-2022-02-19T221055.086.jpg",620,413,false],"thumbnail":["https:\/\/arantv.az\/wp-content\/uploads\/2022\/02\/FotoJet-2022-02-19T221055.086-500x280.jpg",500,280,true],"medium":["https:\/\/arantv.az\/wp-content\/uploads\/2022\/02\/FotoJet-2022-02-19T221055.086-548x365.jpg",548,365,true],"large":["https:\/\/arantv.az\/wp-content\/uploads\/2022\/02\/FotoJet-2022-02-19T221055.086.jpg",620,413,false],"1536x1536":["https:\/\/arantv.az\/wp-content\/uploads\/2022\/02\/FotoJet-2022-02-19T221055.086.jpg",620,413,false],"2048x2048":["https:\/\/arantv.az\/wp-content\/uploads\/2022\/02\/FotoJet-2022-02-19T221055.086.jpg",620,413,false],"post-thumbnail":["https:\/\/arantv.az\/wp-content\/uploads\/2022\/02\/FotoJet-2022-02-19T221055.086-240x172.jpg",240,172,true],"advps-thumb-one":["https:\/\/arantv.az\/wp-content\/uploads\/2022\/02\/FotoJet-2022-02-19T221055.086.jpg",620,413,false]},"rttpg_author":{"display_name":"V\u00fcsal Rafiqo\u011flu","author_link":"https:\/\/arantv.az\/?author=2"},"rttpg_comment":0,"rttpg_category":"<a href=\"https:\/\/arantv.az\/?cat=7\" rel=\"category\">D\u00fcnya<\/a>","rttpg_excerpt":"G7 \u00f6lk\u0259l\u0259rinin Xarici \u0130\u015fl\u0259r nazirl\u0259ri birg\u0259 b\u0259yanatla \u00e7\u0131x\u0131\u015f edibl\u0259r. X\u0130N r\u0259hb\u0259rl\u0259ri dan\u0131\u015f\u0131qlar\u0131n\u0131n yekunlar\u0131na \u0259sas\u0259n \u00e7\u0131x\u0131\u015f etdikl\u0259ri b\u0259yanatda Rusiya qo\u015funlar\u0131n\u0131n Ukrayna s\u0259rh\u0259dl\u0259ri yax\u0131nl\u0131\u011f\u0131nda yerl\u0259\u015fdirilm\u0259sind\u0259n narahatl\u0131qlar\u0131n\u0131 ifad\u0259 edibl\u0259r. Bildirilib ki, G7 Minsk raz\u0131la\u015fmalar\u0131n\u0131n tam \u015f\u0259kild\u0259 h\u0259yata ke\u00e7irilm\u0259si \u00fc\u00e7\u00fcn Normand Format\u0131n\u0131n s\u0259yl\u0259rini d\u0259st\u0259kl\u0259yir. \u201cUkraynan\u0131n \u015f\u0259rqind\u0259ki m\u00fcnaqi\u015f\u0259nin davaml\u0131 siyasi h\u0259llinin yegan\u0259 yolu olan Minsk raz\u0131la\u015fmalar\u0131n\u0131n tam \u015f\u0259kild\u0259 h\u0259yata ke\u00e7irilm\u0259sini&hellip;","_links":{"self":[{"href":"https:\/\/arantv.az\/index.php?rest_route=\/wp\/v2\/posts\/441273"}],"collection":[{"href":"https:\/\/arantv.az\/index.php?rest_route=\/wp\/v2\/posts"}],"about":[{"href":"https:\/\/arantv.az\/index.php?rest_route=\/wp\/v2\/types\/post"}],"author":[{"embeddable":true,"href":"https:\/\/arantv.az\/index.php?rest_route=\/wp\/v2\/users\/2"}],"replies":[{"embeddable":true,"href":"https:\/\/arantv.az\/index.php?rest_route=%2Fwp%2Fv2%2Fcomments&post=441273"}],"version-history":[{"count":0,"href":"https:\/\/arantv.az\/index.php?rest_route=\/wp\/v2\/posts\/441273\/revisions"}],"wp:featuredmedia":[{"embeddable":true,"href":"https:\/\/arantv.az\/index.php?rest_route=\/wp\/v2\/media\/441274"}],"wp:attachment":[{"href":"https:\/\/arantv.az\/index.php?rest_route=%2Fwp%2Fv2%2Fmedia&parent=441273"}],"wp:term":[{"taxonomy":"category","embeddable":true,"href":"https:\/\/arantv.az\/index.php?rest_route=%2Fwp%2Fv2%2Fcategories&post=441273"},{"taxonomy":"post_tag","embeddable":true,"href":"https:\/\/arantv.az\/index.php?rest_route=%2Fwp%2Fv2%2Ftags&post=441273"}],"curies":[{"name":"wp","href":"https:\/\/api.w.org\/{rel}","templated":true}]}}