{"id":441538,"date":"2022-02-21T08:34:29","date_gmt":"2022-02-21T05:34:29","guid":{"rendered":"http:\/\/arantv.az\/?p=441538"},"modified":"2022-02-21T08:34:29","modified_gmt":"2022-02-21T05:34:29","slug":"yuks%c9%99k-etimad-v%c9%99-ulu-ond%c9%99r-heyd%c9%99r-%c9%99liyevin-siyasi-irsin%c9%99-sadiqlik","status":"publish","type":"post","link":"https:\/\/arantv.az\/?p=441538","title":{"rendered":"Y\u00fcks\u0259k etimad v\u0259 Ulu \u00d6nd\u0259r Heyd\u0259r \u018fliyevin siyasi irsin\u0259 sadiqlik."},"content":{"rendered":"<div class=\"cxmmr5t8 oygrvhab hcukyx3x c1et5uql o9v6fnle ii04i59q\">\n<div dir=\"auto\">\u201cAz\u0259rbaycan qad\u0131nlar\u0131 xalq\u0131m\u0131z\u0131n ad\u0259t-\u0259n\u0259n\u0259l\u0259rini, m\u0259d\u0259niyy\u0259tini, elmini, intellektual potensial\u0131n\u0131 y\u00fcks\u0259k s\u0259viyy\u0259d\u0259 t\u0259msil etmi\u015fl\u0259r v\u0259 bu, indi d\u0259 bel\u0259dir. Qad\u0131nlar d\u00f6vl\u0259timizin, d\u00f6vl\u0259t\u00e7iliyimizin, m\u00fcst\u0259qilliyimizin, bu g\u00fcn\u00fcm\u00fcz\u00fcn, g\u0259l\u0259c\u0259yimizin daya\u011f\u0131d\u0131r\u201d. Ulu \u00d6nd\u0259rimiz Heyd\u0259r \u018fliyev\u0259 m\u0259xsus olan bu d\u0259y\u0259rli fikri m\u00fcst\u0259qil Az\u0259rbaycan\u0131n h\u0259yat\u0131nda qad\u0131nlar\u0131n roluna d\u00f6vl\u0259t s\u0259viyy\u0259sind\u0259 veril\u0259n y\u00fcks\u0259k qiym\u0259ti \u0259ks etdirir. M\u00f6ht\u0259r\u0259m Prezidentimiz c\u0259nab \u0130lham \u018fliyev d\u0259 qad\u0131nlar\u0131n c\u0259miyy\u0259tin inki\u015faf\u0131ndak\u0131 rolunu qiym\u0259tl\u0259ndir\u0259r\u0259k qeyd edir ki, \u201cTariximizin h\u0259r bir d\u00f6vr\u00fcnd\u0259 qad\u0131nlar\u0131m\u0131z c\u0259miyy\u0259tin sars\u0131lmaz m\u0259n\u0259vi daya\u011f\u0131 olmu\u015f, \u00f6lk\u0259mizin bu g\u00fcnk\u00fc simas\u0131n\u0131n m\u00fc\u0259yy\u0259nl\u0259\u015fm\u0259si \u00fc\u00e7\u00fcn b\u00f6y\u00fck f\u0259dakarl\u0131qlar g\u00f6st\u0259rmi\u015fl\u0259r.\u201c B\u0259li, b\u00f6y\u00fck tarixi, m\u0259d\u0259ni irs\u0259 malik olan Az\u0259rbaycan xalq\u0131 qad\u0131n\u0131n ail\u0259d\u0259 v\u0259 c\u0259miyy\u0259td\u0259ki roluna daim y\u00fcks\u0259k ehtiramla yana\u015fm\u0131\u015fd\u0131r. Qad\u0131n ya\u015fad\u0131\u011f\u0131 tarixi d\u00f6vrd\u0259n, onun sosial-iqtisadi v\u0259ziyy\u0259tind\u0259n, co\u011frafi m\u0259kandan, irqind\u0259n, dilind\u0259n, dinind\u0259n as\u0131l\u0131 olmayaraq, h\u0259r zaman b\u0259\u015f\u0259riyy\u0259tin inki\u015faf\u0131na m\u00fch\u00fcm t\u00f6hf\u0259l\u0259r veribl\u0259r. Az\u0259rbaycan qad\u0131n\u0131 \u00e7\u0259tin, ke\u015fm\u0259ke\u015fli inki\u015faf yolu ke\u00e7\u0259r\u0259k b\u00fct\u00fcn m\u0259rh\u0259l\u0259l\u0259rd\u0259 ilkl\u0259r\u0259 imza atma\u011fa m\u00fcv\u0259ff\u0259q olmu\u015fdur.<\/div>\n<div dir=\"auto\">Sovet hakimiyy\u0259ti d\u00f6vr\u00fcnd\u0259 bir s\u0131ra \u00e7\u0259tinlikl\u0259r\u0259 baxmayaraq, Az\u0259rbaycan qad\u0131n\u0131 inamla \u00f6z\u00fcn\u00fc ifad\u0259 edir, h\u0259yat\u0131n b\u00fct\u00fcn sah\u0259l\u0259rind\u0259 aktiv f\u0259aliyy\u0259t g\u00f6st\u0259rirdi. \u00d6lk\u0259mizd\u0259 d\u00f6vl\u0259t qad\u0131n siyas\u0259tinin \u0259sas prinsipl\u0259rinin m\u00fc\u0259yy\u0259n edilm\u0259si v\u0259 d\u00f6vl\u0259t s\u0259viyy\u0259sin\u0259 qald\u0131r\u0131lmas\u0131 m\u0259hz Ulu \u00d6nd\u0259rimiz Heyd\u0259r \u018fliyevin ad\u0131 il\u0259 ba\u011fl\u0131d\u0131r. O, ist\u0259r sovet hakimiyy\u0259ti, is\u0259rs\u0259 d\u0259 m\u00fcst\u0259qillik d\u00f6vr\u00fcnd\u0259 milli qad\u0131n h\u0259rakat\u0131n\u0131n formala\u015fmas\u0131, geni\u015fl\u0259n\u0259r\u0259k institutla\u015fmas\u0131 \u00fc\u00e7\u00fcn b\u00f6y\u00fck i\u015fl\u0259r g\u00f6rm\u00fc\u015fd\u00fcr. M\u00fcsq\u0259illiyimizin \u0259n a\u011f\u0131r zaman\u0131nda bel\u0259 \u201cAz\u0259rbaycan qad\u0131nlar\u0131n\u0131n Milli Komit\u0259sinin yarad\u0131lmas\u0131 haqq\u0131nda\u201d F\u0259rman imzalad\u0131. 1998-ci ild\u0259 Az\u0259rbaycan Respublikas\u0131n\u0131n Qad\u0131n Probleml\u0259ri \u00fczr\u0259 D\u00f6vl\u0259t Komit\u0259si yarad\u0131ld\u0131. X\u00fcsusil\u0259, qeyd etm\u0259k laz\u0131md\u0131r ki, MDB \u00f6lk\u0259l\u0259ri i\u00e7\u0259risind\u0259 yegan\u0259 bizim \u00f6lk\u0259mizd\u0259 bel\u0259 bir d\u00f6vl\u0259t qurumu var. Zaman ke\u00e7dikc\u0259, \u00f6lk\u0259d\u0259 ail\u0259, qad\u0131n v\u0259 u\u015faq m\u0259s\u0259l\u0259l\u0259ri kompleks yana\u015fma t\u0259l\u0259b etm\u0259y\u0259 ba\u015flad\u0131. V\u0259 bu z\u0259rur\u0259t yeni Komit\u0259nin yaranmas\u0131na s\u0259b\u0259b oldu. M\u00f6ht\u0259r\u0259m Prezident \u0130lham \u018fliyevin S\u0259r\u0259ncam\u0131 il\u0259 2006-c\u0131 ild\u0259 Ail\u0259, Qad\u0131n v\u0259 U\u015faq Probleml\u0259ri \u00fczr\u0259 D\u00f6vl\u0259t Komit\u0259si yarad\u0131ld\u0131.<\/div>\n<div dir=\"auto\">Bu g\u00fcn bizim qad\u0131nlar\u0131m\u0131z aras\u0131nda bel\u0259 n\u00fcmun\u0259l\u0259r var. C\u0259nab Prezident \u0130lham \u018fliyev t\u0259r\u0259find\u0259n Mehriban xan\u0131m\u0131n Birinci vitse-prezident t\u0259yin edilm\u0259si d\u0259 c\u0259miyy\u0259td\u0259 qad\u0131n i\u015ftirak\u00e7\u0131l\u0131\u011f\u0131na, b\u00fct\u00f6vl\u00fckd\u0259 qad\u0131na verdiyi \u00f6n\u0259min bariz g\u00f6st\u0259ricisidir. Mehriban xan\u0131m\u0131n g\u0259nc v\u0259 m\u00fcst\u0259qil d\u00f6vl\u0259timizin m\u00f6hk\u0259ml\u0259nm\u0259si yolunda apard\u0131\u011f\u0131 ideoloji m\u00fcbariz\u0259sin\u0259, \u00fcmum\u0259n g\u00f6rd\u00fcy\u00fc i\u015fl\u0259r\u0259 n\u0259z\u0259r yetir\u0259nd\u0259 bu xidm\u0259tin h\u0259cmini t\u0259s\u0259vv\u00fcr etm\u0259k, \u00f6lk\u0259nin v\u0259 xalq\u0131n h\u0259yat\u0131nda yenilikl\u0259rl\u0259 m\u00fc\u015fayi\u0259t olunan inki\u015faf\u0131n\u0131 g\u00f6rm\u0259k, duymaq el\u0259 d\u0259 \u00e7\u0259tin deyil. O, 2004-c\u00fc il may\u0131n 10-da, Heyd\u0259r \u018fliyev Fondunu yaratmaqla, Ulu \u00d6nd\u0259r Heyd\u0259r \u018fliyevin v\u0259t\u0259nimiz v\u0259 xalq\u0131m\u0131z\u0131n inki\u015faf\u0131 namin\u0259 g\u00f6rd\u00fcy\u00fc i\u015fl\u0259ri, i\u015f\u0131ql\u0131 ideyalar\u0131n\u0131 y\u00fcks\u0259k s\u0259viyy\u0259d\u0259 davam etdirir.<\/div>\n<div dir=\"auto\">2016-c\u0131 il sentyabr\u0131n 26-da Prezident \u0130lham \u018fliyevin t\u0259\u015f\u0259bb\u00fcs\u00fc \u0259sas\u0131nda Konstitusiya islahatlar\u0131 il\u0259 ba\u011fl\u0131 ke\u00e7iril\u0259n referendumunun n\u0259tic\u0259l\u0259rin\u0259 g\u00f6r\u0259 \u00f6lk\u0259d\u0259 Birinci vitse-prezidentlik institutu yarad\u0131lm\u0131\u015fd\u0131r. D\u00f6vl\u0259t idar\u0259\u00e7ilik sistemind\u0259 yeni t\u0259sisat\u0131n yarad\u0131lmas\u0131 Prezident \u0130lham \u018fliyevin islahatlar kursunun t\u0259zah\u00fcr\u00fcd\u00fcr. D\u00f6vl\u0259t idar\u0259\u00e7iliyind\u0259 funksional vahid kimi Birinci vitse-prezidentlik institutunun yarad\u0131lmas\u0131 Az\u0259rbaycan\u0131n m\u00fcasir demokratik simas\u0131n\u0131n yeni v\u0259 m\u00fct\u0259r\u0259qqi \u0259lam\u0259tidir.<\/div>\n<div dir=\"auto\">Mehriban \u018fliyeva Az\u0259rbaycan Respublikas\u0131n\u0131n prezidenti \u0130lham \u018fliyevin 21 fevral 2017-ci il S\u0259r\u0259ncam\u0131 il\u0259 Az\u0259rbaycan Respublikas\u0131n\u0131n Birinci vitse-prezidenti t\u0259yin olundu. H\u0259min g\u00fcn T\u0259hl\u00fck\u0259sizlik \u015euras\u0131n\u0131n iclas\u0131nda Mehriban xan\u0131m \u018fliyevan\u0131 t\u0259qdim ed\u0259n prezident \u0130lham \u018fliyev onun ictimai-siyasi f\u0259aliyy\u0259tind\u0259n b\u0259hs ed\u0259r\u0259k ke\u00e7diyi h\u0259yat yoluna q\u0131sa n\u0259z\u0259r salm\u0131\u015f, h\u0259yat\u0131n\u0131n ictimai \u0259h\u0259miyy\u0259t k\u0259sb ed\u0259n m\u0259qamlar\u0131na toxunmu\u015fdur.<\/div>\n<div dir=\"auto\">Az\u0259rbaycan ail\u0259sinin probleml\u0259rini h\u0259mi\u015f\u0259 diqq\u0259t m\u0259rk\u0259zind\u0259 saxlayan Mehriban xan\u0131m \u00f6lk\u0259d\u0259 ail\u0259, qad\u0131n v\u0259 u\u015faq probleml\u0259rinin h\u0259llin\u0259 b\u00f6y\u00fck d\u0259st\u0259k verir. Onun fikrinc\u0259, \u201c Ail\u0259y\u0259 olan h\u00f6rm\u0259t &#8211; Az\u0259rbaycan xalq\u0131na m\u0259xsus \u0259n g\u00f6z\u0259l x\u00fcsusiyy\u0259tl\u0259rd\u0259n biridir. Bu g\u00fcn Az\u0259rbaycan qad\u0131n\u0131 ana olmaqla \u00f6z \u00f6lk\u0259sinin sosial h\u0259yat\u0131nda f\u0259al i\u015ftirak edir\u201d. Mehriban xan\u0131m\u0131n t\u0259\u015f\u0259bb\u00fcs\u00fc il\u0259 ail\u0259l\u0259rin rifah\u0131na y\u00f6n\u0259lmi\u015f maraql\u0131 layih\u0259l\u0259r realla\u015f\u0131r. Qad\u0131n h\u00fcquqlar\u0131n m\u00fcdafi\u0259si, onlar \u00fc\u00e7\u00fcn b\u0259rab\u0259r imkanlar\u0131n yarad\u0131lmas\u0131 istiqam\u0259tl\u0259rind\u0259 etdiyi \u00e7a\u011f\u0131r\u0131\u015flar qad\u0131n h\u0259r\u0259kat\u0131n\u0131n yeni m\u0259rh\u0259l\u0259sinin \u0259as\u0131n\u0131 qoydu.<\/div>\n<div dir=\"auto\">Bu g\u00fcn ictimai-sosial h\u0259yat\u0131m\u0131z\u0131n el\u0259 bir sah\u0259si yoxdur ki, Mehriban xan\u0131m\u0131n n\u0259z\u0259rind\u0259n k\u0259narda qals\u0131n. Xalq\u0131n sosial-m\u0259d\u0259ni h\u0259yat\u0131nda, s\u0259hiyy\u0259nin, t\u0259hsilin, idman\u0131n inki\u015faf\u0131nda onun xidm\u0259tl\u0259ri misilsizdir. U\u015faqlara \u015f\u0259fq\u0259t, m\u0259rh\u0259m\u0259t g\u00f6st\u0259rilm\u0259si, ail\u0259y\u0259, v\u0259t\u0259n\u0259 ba\u011fl\u0131l\u0131q duy\u011fular\u0131 a\u015f\u0131lamaq onlar\u0131n t\u0259rbiy\u0259si, sa\u011flam b\u00f6y\u00fcm\u0259si, b\u00f6y\u00fckl\u0259rin sevgisi il\u0259 \u0259hat\u0259 olunmas\u0131, g\u0259ncl\u0259rin kamil bir v\u0259t\u0259nda\u015f kimi yeti\u015fm\u0259si, onlar\u0131 v\u0259t\u0259np\u0259rv\u0259r ruhda t\u0259rbiy\u0259 etm\u0259k \u2013 b\u00fct\u00fcn bunlar Mehriban \u018fliyevan\u0131n daim diqq\u0259t m\u0259rk\u0259zind\u0259 olmu\u015fdur. Mehriban \u018fliyeva Yeni Az\u0259rbaycan Partiyas\u0131 Siyasi \u015euras\u0131n\u0131n \u00fczv\u00fc, 2013-c\u00fc ild\u0259n partiyan\u0131n s\u0259dr m\u00fcavinidir. 2005-ci ild\u0259n Az\u0259rbaycan Respublikas\u0131n\u0131n Milli M\u0259clisinin deputat\u0131 olan Mehriban xan\u0131m s\u00f6z\u00fcn \u0259sl m\u0259nas\u0131nda xalq\u0131n el\u00e7isidir.<\/div>\n<div dir=\"auto\">\u00d6lk\u0259mizd\u0259 idman\u0131n inki\u015faf\u0131na g\u00f6st\u0259rdiyi qay\u011f\u0131, b\u00f6y\u00fck d\u0259st\u0259k vaxta\u015f\u0131r\u0131 olaraq idman\u00e7\u0131lar\u0131m\u0131z\u0131n d\u00fcnyada ke\u00e7iril\u0259n yar\u0131\u015flarda v\u0259t\u0259n\u0259 u\u011furlar qazand\u0131rmas\u0131na s\u0259b\u0259b olmu\u015fdur. Onun \u201cBak\u0131-2015\u201d Birinci Avropa Oyunlar\u0131 T\u0259\u015fkilat Komit\u0259sinin s\u0259dri olaraq \u0259lahidd\u0259 bir bacar\u0131q n\u00fcmayi\u015f etdirm\u0259si \u00f6lk\u0259miz\u0259 ba\u015fqa d\u00f6vl\u0259tl\u0259rin d\u0259 inam\u0131n\u0131n, b\u00f6y\u00fck mara\u011f\u0131n\u0131n yaranmas\u0131na s\u0259b\u0259b olmu\u015fdur. 2017-ci ild\u0259 \u00f6lk\u0259mizd\u0259 IV \u0130slam H\u0259mr\u0259yliyi Oyunlar\u0131n\u0131n u\u011furla ke\u00e7irilm\u0259sind\u0259 d\u0259 bu oyunlar\u0131n T\u0259\u015fkilat Komit\u0259sinin s\u0259dri kimi onun z\u0259hm\u0259ti t\u0259qdir\u0259layiqdir.<\/div>\n<div dir=\"auto\">1995-ci ild\u0259 Az\u0259rbaycan M\u0259d\u0259niyy\u0259t Fondunun prezidenti, 2002-ci ild\u0259 is\u0259 Az\u0259rbaycan Gimnastika Federasiyas\u0131n\u0131n prezidenti kimi \u00fcz\u0259rin\u0259 b\u00f6y\u00fck m\u0259suliyy\u0259t g\u00f6t\u00fcr\u0259r\u0259k, probleml\u0259rin d\u0259rinlyini d\u0259rk ed\u0259r\u0259k, yaddan \u00e7\u0131xm\u0131\u015f sah\u0259l\u0259ri \u0259tal\u0259td\u0259n \u00e7\u0131xararaq onlara k\u00fctl\u0259vilik elementl\u0259ri il\u0259 z\u0259ngin olan ictimai m\u0259zmun verdi. O, 2004-c\u00fc il may\u0131n 10-da, Heyd\u0259r \u018fliyev Fondunu yaratmaqla, Ulu \u00d6nd\u0259r Heyd\u0259r \u018fliyevin v\u0259t\u0259nimiz v\u0259 xalq\u0131m\u0131z\u0131n inki\u015faf\u0131 namin\u0259 g\u00f6rd\u00fcy\u00fc i\u015fl\u0259ri, i\u015f\u0131ql\u0131 ideyalar\u0131n\u0131 y\u00fcks\u0259k s\u0259viyy\u0259d\u0259 davam etdirir.<\/div>\n<div dir=\"auto\">Mehriban \u018fliyeva bu ill\u0259rd\u0259 \u00e7ox titullara, t\u0259ltifl\u0259r\u0259, m\u00fckafatlara layiq g\u00f6r\u00fcl\u00fcb. Birinci xan\u0131m\u0131n, Az\u0259rbaycan\u0131n f\u00fcsunkar Ledisinin beyn\u0259lxalq al\u0259md\u0259ki n\u00fcfuzu, ald\u0131\u011f\u0131 m\u00fckafatlar t\u0259bii ki, \u00f6lk\u0259mizin, xalq\u0131m\u0131z\u0131n ad\u0131na ba\u015fucal\u0131\u011f\u0131 g\u0259tirir. Amma onlar\u0131n i\u00e7\u0259risind\u0259 bir m\u00fckafat\u0131n yeri \u0259lahidd\u0259 oldu\u011fundan burda onu xat\u0131rlatma\u011f\u0131 vacib say\u0131r\u0131q. Bu, Az\u0259rbaycanda ke\u00e7irilmi\u015f I Avropa Oyunlar\u0131n\u0131n u\u011furla, b\u00f6y\u00fck q\u0259l\u0259b\u0259 il\u0259 ba\u015fa \u00e7atmas\u0131nda \u0259sl f\u0259dakarl\u0131q n\u00fcmayi\u015f etdir\u0259n \u201cBak\u0131-2015\u201d I Avropa Oyunlar\u0131 T\u0259\u015fkilat Komit\u0259sinin s\u0259dri Mehriban \u018fliyevan\u0131n 29 iyun 2015-ci il tarixind\u0259 \u201cHeyd\u0259r \u018fliyev\u201d ordeni il\u0259 t\u0259ltif olunmas\u0131 idi.<\/div>\n<div dir=\"auto\">Az\u0259rbaycan Respublikas\u0131n\u0131n Birinci vitse-prezidenti Mehriban \u018fliyevan\u0131n V\u0259t\u0259nin v\u0259 xalq\u0131n taleyind\u0259 bundan sonra da misilsiz rolu olaca\u011f\u0131na, \u00f6lk\u0259nin v\u00fcs\u0259tli inki\u015faf\u0131na yeni v\u0259 davaml\u0131 t\u00f6hf\u0259l\u0259r ver\u0259c\u0259yin\u0259 inam\u0131m\u0131z b\u00f6y\u00fckd\u00fcr. Bu inam\u0131 yaradan ba\u015fl\u0131ca amil d\u0259 qeyd etdiyimiz kimi, Onun h\u0259r zaman d\u00f6vl\u0259t\u00e7iliyimiz\u0259, xalq\u0131m\u0131za xidm\u0259t etm\u0259k ist\u0259yi, arzusudur.<\/div>\n<\/div>\n<div class=\"cxmmr5t8 oygrvhab hcukyx3x c1et5uql o9v6fnle ii04i59q\">\n<div dir=\"auto\">Heyd\u0259r \u018fliyev M\u0259rk\u0259zinin m\u00fch\u0259ndisi N\u0259c\u0259fova Lamiy\u0259<\/div>\n<\/div>\n","protected":false},"excerpt":{"rendered":"<p>\u201cAz\u0259rbaycan qad\u0131nlar\u0131 xalq\u0131m\u0131z\u0131n ad\u0259t-\u0259n\u0259n\u0259l\u0259rini, m\u0259d\u0259niyy\u0259tini, elmini, intellektual potensial\u0131n\u0131 y\u00fcks\u0259k s\u0259viyy\u0259d\u0259 t\u0259msil etmi\u015fl\u0259r v\u0259 bu, indi d\u0259 bel\u0259dir. Qad\u0131nlar d\u00f6vl\u0259timizin, d\u00f6vl\u0259t\u00e7iliyimizin, m\u00fcst\u0259qilliyimizin, bu g\u00fcn\u00fcm\u00fcz\u00fcn, g\u0259l\u0259c\u0259yimizin daya\u011f\u0131d\u0131r\u201d. Ulu \u00d6nd\u0259rimiz Heyd\u0259r \u018fliyev\u0259 m\u0259xsus olan bu d\u0259y\u0259rli fikri m\u00fcst\u0259qil Az\u0259rbaycan\u0131n h\u0259yat\u0131nda qad\u0131nlar\u0131n roluna d\u00f6vl\u0259t s\u0259viyy\u0259sind\u0259 veril\u0259n y\u00fcks\u0259k qiym\u0259ti \u0259ks etdirir. M\u00f6ht\u0259r\u0259m Prezidentimiz c\u0259nab \u0130lham \u018fliyev d\u0259 qad\u0131nlar\u0131n c\u0259miyy\u0259tin inki\u015faf\u0131ndak\u0131 rolunu qiym\u0259tl\u0259ndir\u0259r\u0259k qeyd edir ki, \u201cTariximizin h\u0259r bir d\u00f6vr\u00fcnd\u0259 qad\u0131nlar\u0131m\u0131z c\u0259miyy\u0259tin sars\u0131lmaz m\u0259n\u0259vi daya\u011f\u0131 olmu\u015f, \u00f6lk\u0259mizin bu g\u00fcnk\u00fc simas\u0131n\u0131n m\u00fc\u0259yy\u0259nl\u0259\u015fm\u0259si \u00fc\u00e7\u00fcn b\u00f6y\u00fck f\u0259dakarl\u0131qlar g\u00f6st\u0259rmi\u015fl\u0259r.\u201c B\u0259li, b\u00f6y\u00fck tarixi, m\u0259d\u0259ni irs\u0259 malik olan Az\u0259rbaycan xalq\u0131 qad\u0131n\u0131n ail\u0259d\u0259&hellip;<\/p>\n","protected":false},"author":2,"featured_media":441539,"comment_status":"closed","ping_status":"closed","sticky":false,"template":"","format":"standard","meta":{"om_disable_all_campaigns":false,"_monsterinsights_skip_tracking":false,"_monsterinsights_sitenote_active":false,"_monsterinsights_sitenote_note":"","_monsterinsights_sitenote_category":0},"categories":[8],"tags":[],"aioseo_notices":[],"gutentor_comment":0,"rttpg_featured_image_url":{"full":["https:\/\/arantv.az\/wp-content\/uploads\/2022\/02\/274535247_257999239848530_7123300049037196393_n.jpg",927,669,false],"landscape":["https:\/\/arantv.az\/wp-content\/uploads\/2022\/02\/274535247_257999239848530_7123300049037196393_n.jpg",927,669,false],"portraits":["https:\/\/arantv.az\/wp-content\/uploads\/2022\/02\/274535247_257999239848530_7123300049037196393_n.jpg",927,669,false],"thumbnail":["https:\/\/arantv.az\/wp-content\/uploads\/2022\/02\/274535247_257999239848530_7123300049037196393_n-500x280.jpg",500,280,true],"medium":["https:\/\/arantv.az\/wp-content\/uploads\/2022\/02\/274535247_257999239848530_7123300049037196393_n-506x365.jpg",506,365,true],"large":["https:\/\/arantv.az\/wp-content\/uploads\/2022\/02\/274535247_257999239848530_7123300049037196393_n-840x606.jpg",640,462,true],"1536x1536":["https:\/\/arantv.az\/wp-content\/uploads\/2022\/02\/274535247_257999239848530_7123300049037196393_n.jpg",927,669,false],"2048x2048":["https:\/\/arantv.az\/wp-content\/uploads\/2022\/02\/274535247_257999239848530_7123300049037196393_n.jpg",927,669,false],"post-thumbnail":["https:\/\/arantv.az\/wp-content\/uploads\/2022\/02\/274535247_257999239848530_7123300049037196393_n-240x172.jpg",240,172,true],"advps-thumb-one":["https:\/\/arantv.az\/wp-content\/uploads\/2022\/02\/274535247_257999239848530_7123300049037196393_n-927x620.jpg",927,620,true]},"rttpg_author":{"display_name":"V\u00fcsal Rafiqo\u011flu","author_link":"https:\/\/arantv.az\/?author=2"},"rttpg_comment":0,"rttpg_category":"<a href=\"https:\/\/arantv.az\/?cat=8\" rel=\"category\">\u018fsas s\u0259hif\u0259<\/a>","rttpg_excerpt":"\u201cAz\u0259rbaycan qad\u0131nlar\u0131 xalq\u0131m\u0131z\u0131n ad\u0259t-\u0259n\u0259n\u0259l\u0259rini, m\u0259d\u0259niyy\u0259tini, elmini, intellektual potensial\u0131n\u0131 y\u00fcks\u0259k s\u0259viyy\u0259d\u0259 t\u0259msil etmi\u015fl\u0259r v\u0259 bu, indi d\u0259 bel\u0259dir. Qad\u0131nlar d\u00f6vl\u0259timizin, d\u00f6vl\u0259t\u00e7iliyimizin, m\u00fcst\u0259qilliyimizin, bu g\u00fcn\u00fcm\u00fcz\u00fcn, g\u0259l\u0259c\u0259yimizin daya\u011f\u0131d\u0131r\u201d. Ulu \u00d6nd\u0259rimiz Heyd\u0259r \u018fliyev\u0259 m\u0259xsus olan bu d\u0259y\u0259rli fikri m\u00fcst\u0259qil Az\u0259rbaycan\u0131n h\u0259yat\u0131nda qad\u0131nlar\u0131n roluna d\u00f6vl\u0259t s\u0259viyy\u0259sind\u0259 veril\u0259n y\u00fcks\u0259k qiym\u0259ti \u0259ks etdirir. M\u00f6ht\u0259r\u0259m Prezidentimiz c\u0259nab \u0130lham \u018fliyev d\u0259 qad\u0131nlar\u0131n c\u0259miyy\u0259tin inki\u015faf\u0131ndak\u0131&hellip;","_links":{"self":[{"href":"https:\/\/arantv.az\/index.php?rest_route=\/wp\/v2\/posts\/441538"}],"collection":[{"href":"https:\/\/arantv.az\/index.php?rest_route=\/wp\/v2\/posts"}],"about":[{"href":"https:\/\/arantv.az\/index.php?rest_route=\/wp\/v2\/types\/post"}],"author":[{"embeddable":true,"href":"https:\/\/arantv.az\/index.php?rest_route=\/wp\/v2\/users\/2"}],"replies":[{"embeddable":true,"href":"https:\/\/arantv.az\/index.php?rest_route=%2Fwp%2Fv2%2Fcomments&post=441538"}],"version-history":[{"count":0,"href":"https:\/\/arantv.az\/index.php?rest_route=\/wp\/v2\/posts\/441538\/revisions"}],"wp:featuredmedia":[{"embeddable":true,"href":"https:\/\/arantv.az\/index.php?rest_route=\/wp\/v2\/media\/441539"}],"wp:attachment":[{"href":"https:\/\/arantv.az\/index.php?rest_route=%2Fwp%2Fv2%2Fmedia&parent=441538"}],"wp:term":[{"taxonomy":"category","embeddable":true,"href":"https:\/\/arantv.az\/index.php?rest_route=%2Fwp%2Fv2%2Fcategories&post=441538"},{"taxonomy":"post_tag","embeddable":true,"href":"https:\/\/arantv.az\/index.php?rest_route=%2Fwp%2Fv2%2Ftags&post=441538"}],"curies":[{"name":"wp","href":"https:\/\/api.w.org\/{rel}","templated":true}]}}