{"id":441544,"date":"2022-02-21T08:49:35","date_gmt":"2022-02-21T05:49:35","guid":{"rendered":"http:\/\/arantv.az\/?p=441544"},"modified":"2022-02-21T08:49:35","modified_gmt":"2022-02-21T05:49:35","slug":"azad-edilmis-torpaqlarda-butun-tarixi-v%c9%99-dini-abid%c9%99l%c9%99r-b%c9%99rpa-olunacaqdir","status":"publish","type":"post","link":"https:\/\/arantv.az\/?p=441544","title":{"rendered":"Azad edilmi\u015f torpaqlarda b\u00fct\u00fcn tarixi v\u0259 dini abid\u0259l\u0259r b\u0259rpa olunacaqd\u0131r."},"content":{"rendered":"<div dir=\"auto\">Torpaqlar\u0131m\u0131z\u0131 30 il\u0259 yax\u0131n m\u00fcdd\u0259td\u0259 i\u015f\u011fal alt\u0131nda saxlayan erm\u0259nil\u0259rin Qaraba\u011fda v\u0259 \u0259traf rayonlarda t\u00f6r\u0259tdikl\u0259ri da\u011f\u0131nt\u0131lar\u0131n miqyas\u0131 h\u0259r k\u0259s\u0259 m\u0259lumdur. Bu \u0259razil\u0259rind\u0259ki m\u0259scidl\u0259r, dini, tarixi, m\u0259d\u0259ni abid\u0259l\u0259r erm\u0259ni vandallar\u0131 t\u0259r\u0259find\u0259n da\u011f\u0131d\u0131l\u0131b. M\u0259s\u0259l\u0259n A\u011fdam rayonunda bir d\u0259n\u0259 d\u0259 olsun salamat bina yoxdur. T\u0259kc\u0259 yar\u0131da\u011f\u0131lm\u0131\u015f A\u011fdam m\u0259sciddir ki, onun da dam \u00f6rt\u00fcy\u00fc z\u0259d\u0259l\u0259nmi\u015fdir. M\u0259scid erm\u0259nil\u0259r t\u0259r\u0259find\u0259n t\u0259hqir edilib, burada in\u0259kl\u0259r, donuzlar saxlan\u0131l\u0131b. Erm\u0259nil\u0259r n\u0259inki Az\u0259rbaycan xalq\u0131n\u0131, b\u00fct\u00fcn m\u00fcs\u0259lman al\u0259mini t\u0259hqir edibl\u0259r.<\/div>\n<div dir=\"auto\">Azad edil\u0259n \u0259razil\u0259rd\u0259 apar\u0131lan quruculuq i\u015fl\u0259rinin m\u00fch\u00fcm bir istiqam\u0259tini da\u011f\u0131nt\u0131lara m\u0259ruz qalan tarixi-memarl\u0131q kompleksl\u0259rinin b\u0259rpa v\u0259 konservasiyas\u0131d\u0131r. Bu abid\u0259l\u0259r t\u0259kc\u0259 maddi-m\u0259d\u0259niyy\u0259t n\u00fcmun\u0259l\u0259ri deyil, h\u0259m d\u0259 m\u0259n\u0259viyyat tariximizin parlaq incil\u0259ridir.<\/div>\n<div dir=\"auto\">Azad edilmi\u015f torpaqlarda haz\u0131rda 8 m\u0259scidin \u0259sasl\u0131 t\u0259miri, b\u0259rpas\u0131 v\u0259 tikintisi n\u0259z\u0259rd\u0259 tutulub. A\u011fdam C\u00fcm\u0259 m\u0259scidi, \u015eu\u015fada Yuxar\u0131 G\u00f6vh\u0259ra\u011fa, A\u015fa\u011f\u0131 G\u00f6vh\u0259ra\u011fa, Saatl\u0131 m\u0259scidl\u0259ri \u0259sasl\u0131 t\u0259mir edilir. \u015eu\u015fa \u015f\u0259h\u0259rind\u0259 yeni m\u0259scidin in\u015fas\u0131na start verilib. Z\u0259ngilan \u015f\u0259h\u0259rind\u0259, Hadrutda v\u0259 Da\u015falt\u0131da m\u0259scidl\u0259rin yenid\u0259n qurulmas\u0131 v\u0259 tikintisi prosesi ba\u015flam\u0131\u015fd\u0131r.<\/div>\n<div dir=\"auto\">Tarixi v\u0259 dini abid\u0259l\u0259rin b\u0259rpa olunmas\u0131 i\u015fl\u0259ri Heyd\u0259r \u018fliyev Fondunun imkanlar\u0131 hesab\u0131na g\u00f6r\u00fcl\u00fcr. Fondun i\u015f\u011faldan azad olunmu\u015f \u0259razil\u0259rd\u0259 g\u00f6rd\u00fcy\u00fc i\u015fl\u0259r Az\u0259rbaycan\u0131n milli-m\u0259n\u0259vi d\u0259y\u0259rl\u0259rinin qorunmas\u0131na n\u00f6vb\u0259ti t\u00f6hf\u0259dir.<\/div>\n","protected":false},"excerpt":{"rendered":"<p>Torpaqlar\u0131m\u0131z\u0131 30 il\u0259 yax\u0131n m\u00fcdd\u0259td\u0259 i\u015f\u011fal alt\u0131nda saxlayan erm\u0259nil\u0259rin Qaraba\u011fda v\u0259 \u0259traf rayonlarda t\u00f6r\u0259tdikl\u0259ri da\u011f\u0131nt\u0131lar\u0131n miqyas\u0131 h\u0259r k\u0259s\u0259 m\u0259lumdur. Bu \u0259razil\u0259rind\u0259ki m\u0259scidl\u0259r, dini, tarixi, m\u0259d\u0259ni abid\u0259l\u0259r erm\u0259ni vandallar\u0131 t\u0259r\u0259find\u0259n da\u011f\u0131d\u0131l\u0131b. M\u0259s\u0259l\u0259n A\u011fdam rayonunda bir d\u0259n\u0259 d\u0259 olsun salamat bina yoxdur. T\u0259kc\u0259 yar\u0131da\u011f\u0131lm\u0131\u015f A\u011fdam m\u0259sciddir ki, onun da dam \u00f6rt\u00fcy\u00fc z\u0259d\u0259l\u0259nmi\u015fdir. M\u0259scid erm\u0259nil\u0259r t\u0259r\u0259find\u0259n t\u0259hqir edilib, burada in\u0259kl\u0259r, donuzlar saxlan\u0131l\u0131b. Erm\u0259nil\u0259r n\u0259inki Az\u0259rbaycan xalq\u0131n\u0131, b\u00fct\u00fcn m\u00fcs\u0259lman al\u0259mini t\u0259hqir edibl\u0259r. Azad edil\u0259n \u0259razil\u0259rd\u0259 apar\u0131lan quruculuq i\u015fl\u0259rinin m\u00fch\u00fcm bir istiqam\u0259tini da\u011f\u0131nt\u0131lara m\u0259ruz qalan tarixi-memarl\u0131q kompleksl\u0259rinin b\u0259rpa v\u0259 konservasiyas\u0131d\u0131r. Bu abid\u0259l\u0259r t\u0259kc\u0259 maddi-m\u0259d\u0259niyy\u0259t n\u00fcmun\u0259l\u0259ri&hellip;<\/p>\n","protected":false},"author":2,"featured_media":441545,"comment_status":"closed","ping_status":"closed","sticky":false,"template":"","format":"standard","meta":{"om_disable_all_campaigns":false,"_monsterinsights_skip_tracking":false,"_monsterinsights_sitenote_active":false,"_monsterinsights_sitenote_note":"","_monsterinsights_sitenote_category":0},"categories":[2],"tags":[],"aioseo_notices":[],"gutentor_comment":0,"rttpg_featured_image_url":{"full":["https:\/\/arantv.az\/wp-content\/uploads\/2022\/02\/274034912_1082779685629197_1099000569075512595_n.jpg",509,669,false],"landscape":["https:\/\/arantv.az\/wp-content\/uploads\/2022\/02\/274034912_1082779685629197_1099000569075512595_n.jpg",509,669,false],"portraits":["https:\/\/arantv.az\/wp-content\/uploads\/2022\/02\/274034912_1082779685629197_1099000569075512595_n.jpg",509,669,false],"thumbnail":["https:\/\/arantv.az\/wp-content\/uploads\/2022\/02\/274034912_1082779685629197_1099000569075512595_n-500x280.jpg",500,280,true],"medium":["https:\/\/arantv.az\/wp-content\/uploads\/2022\/02\/274034912_1082779685629197_1099000569075512595_n-278x365.jpg",278,365,true],"large":["https:\/\/arantv.az\/wp-content\/uploads\/2022\/02\/274034912_1082779685629197_1099000569075512595_n.jpg",509,669,false],"1536x1536":["https:\/\/arantv.az\/wp-content\/uploads\/2022\/02\/274034912_1082779685629197_1099000569075512595_n.jpg",509,669,false],"2048x2048":["https:\/\/arantv.az\/wp-content\/uploads\/2022\/02\/274034912_1082779685629197_1099000569075512595_n.jpg",509,669,false],"post-thumbnail":["https:\/\/arantv.az\/wp-content\/uploads\/2022\/02\/274034912_1082779685629197_1099000569075512595_n-240x172.jpg",240,172,true],"advps-thumb-one":["https:\/\/arantv.az\/wp-content\/uploads\/2022\/02\/274034912_1082779685629197_1099000569075512595_n-509x620.jpg",509,620,true]},"rttpg_author":{"display_name":"V\u00fcsal Rafiqo\u011flu","author_link":"https:\/\/arantv.az\/?author=2"},"rttpg_comment":0,"rttpg_category":"<a href=\"https:\/\/arantv.az\/?cat=2\" rel=\"category\">Region X\u0259b\u0259rl\u0259ri<\/a>","rttpg_excerpt":"Torpaqlar\u0131m\u0131z\u0131 30 il\u0259 yax\u0131n m\u00fcdd\u0259td\u0259 i\u015f\u011fal alt\u0131nda saxlayan erm\u0259nil\u0259rin Qaraba\u011fda v\u0259 \u0259traf rayonlarda t\u00f6r\u0259tdikl\u0259ri da\u011f\u0131nt\u0131lar\u0131n miqyas\u0131 h\u0259r k\u0259s\u0259 m\u0259lumdur. Bu \u0259razil\u0259rind\u0259ki m\u0259scidl\u0259r, dini, tarixi, m\u0259d\u0259ni abid\u0259l\u0259r erm\u0259ni vandallar\u0131 t\u0259r\u0259find\u0259n da\u011f\u0131d\u0131l\u0131b. M\u0259s\u0259l\u0259n A\u011fdam rayonunda bir d\u0259n\u0259 d\u0259 olsun salamat bina yoxdur. T\u0259kc\u0259 yar\u0131da\u011f\u0131lm\u0131\u015f A\u011fdam m\u0259sciddir ki, onun da dam \u00f6rt\u00fcy\u00fc z\u0259d\u0259l\u0259nmi\u015fdir. M\u0259scid erm\u0259nil\u0259r t\u0259r\u0259find\u0259n t\u0259hqir edilib,&hellip;","_links":{"self":[{"href":"https:\/\/arantv.az\/index.php?rest_route=\/wp\/v2\/posts\/441544"}],"collection":[{"href":"https:\/\/arantv.az\/index.php?rest_route=\/wp\/v2\/posts"}],"about":[{"href":"https:\/\/arantv.az\/index.php?rest_route=\/wp\/v2\/types\/post"}],"author":[{"embeddable":true,"href":"https:\/\/arantv.az\/index.php?rest_route=\/wp\/v2\/users\/2"}],"replies":[{"embeddable":true,"href":"https:\/\/arantv.az\/index.php?rest_route=%2Fwp%2Fv2%2Fcomments&post=441544"}],"version-history":[{"count":0,"href":"https:\/\/arantv.az\/index.php?rest_route=\/wp\/v2\/posts\/441544\/revisions"}],"wp:featuredmedia":[{"embeddable":true,"href":"https:\/\/arantv.az\/index.php?rest_route=\/wp\/v2\/media\/441545"}],"wp:attachment":[{"href":"https:\/\/arantv.az\/index.php?rest_route=%2Fwp%2Fv2%2Fmedia&parent=441544"}],"wp:term":[{"taxonomy":"category","embeddable":true,"href":"https:\/\/arantv.az\/index.php?rest_route=%2Fwp%2Fv2%2Fcategories&post=441544"},{"taxonomy":"post_tag","embeddable":true,"href":"https:\/\/arantv.az\/index.php?rest_route=%2Fwp%2Fv2%2Ftags&post=441544"}],"curies":[{"name":"wp","href":"https:\/\/api.w.org\/{rel}","templated":true}]}}