{"id":441562,"date":"2022-02-21T09:02:20","date_gmt":"2022-02-21T06:02:20","guid":{"rendered":"http:\/\/arantv.az\/?p=441562"},"modified":"2022-02-21T09:02:20","modified_gmt":"2022-02-21T06:02:20","slug":"p%c9%99rviz-sahbazov-qaz-ixrac-ed%c9%99n-olk%c9%99l%c9%99r-forumunun-6-ci-sammitind%c9%99-istirak-ed%c9%99c%c9%99k","status":"publish","type":"post","link":"https:\/\/arantv.az\/?p=441562","title":{"rendered":"P\u0259rviz \u015eahbazov Qaz \u0130xrac ed\u0259n \u00d6lk\u0259l\u0259r Forumunun 6-c\u0131 Sammitind\u0259 i\u015ftirak ed\u0259c\u0259k"},"content":{"rendered":"<p>Energetika naziri P\u0259rviz \u015eahbazov Q\u0259t\u0259rin enerji m\u0259s\u0259l\u0259l\u0259ri \u00fczr\u0259 d\u00f6vl\u0259t naziri Saad \u015eerida al-Kaabinin d\u0259v\u0259ti il\u0259 Q\u0259t\u0259r D\u00f6vl\u0259tin\u0259 s\u0259f\u0259r edib.<\/p>\n<p><strong>ARANTV.AZ<\/strong> x\u0259b\u0259r verir ki, nazir cari ilin 21-22 fevral tarixl\u0259rind\u0259 Doha \u015f\u0259h\u0259rind\u0259 ke\u00e7iril\u0259c\u0259k Qaz \u0130xrac ed\u0259n \u00d6lk\u0259l\u0259r Forumunun (GECF) Nazirl\u0259r \u0130clas\u0131nda v\u0259 GECF-in d\u00f6vl\u0259t v\u0259 h\u00f6kum\u0259t ba\u015f\u00e7\u0131lar\u0131n\u0131n 6-c\u0131 Sammitind\u0259 i\u015ftirak ed\u0259c\u0259k.<\/p>\n<p>GECF-in toplant\u0131lar\u0131nda qlobal qaz bazar\u0131n\u0131n m\u00f6vcud v\u0259ziyy\u0259ti, inki\u015faf perspektivl\u0259ri v\u0259 qaz ixrac ed\u0259n \u00f6lk\u0259l\u0259r aras\u0131nda \u0259m\u0259kda\u015fl\u0131\u011f\u0131n geni\u015fl\u0259ndirilm\u0259si il\u0259 ba\u011fl\u0131 m\u0259s\u0259l\u0259l\u0259r m\u00fczakir\u0259 edil\u0259c\u0259k. Nazir P\u0259rviz \u015eahbazovun h\u0259r iki t\u0259dbird\u0259 \u00e7\u0131x\u0131\u015f\u0131 v\u0259 bir s\u0131ra ikit\u0259r\u0259fli g\u00f6r\u00fc\u015fl\u0259ri n\u0259z\u0259rd\u0259 tutulub.<\/p>\n","protected":false},"excerpt":{"rendered":"<p>Energetika naziri P\u0259rviz \u015eahbazov Q\u0259t\u0259rin enerji m\u0259s\u0259l\u0259l\u0259ri \u00fczr\u0259 d\u00f6vl\u0259t naziri Saad \u015eerida al-Kaabinin d\u0259v\u0259ti il\u0259 Q\u0259t\u0259r D\u00f6vl\u0259tin\u0259 s\u0259f\u0259r edib. ARANTV.AZ x\u0259b\u0259r verir ki, nazir cari ilin 21-22 fevral tarixl\u0259rind\u0259 Doha \u015f\u0259h\u0259rind\u0259 ke\u00e7iril\u0259c\u0259k Qaz \u0130xrac ed\u0259n \u00d6lk\u0259l\u0259r Forumunun (GECF) Nazirl\u0259r \u0130clas\u0131nda v\u0259 GECF-in d\u00f6vl\u0259t v\u0259 h\u00f6kum\u0259t ba\u015f\u00e7\u0131lar\u0131n\u0131n 6-c\u0131 Sammitind\u0259 i\u015ftirak ed\u0259c\u0259k. GECF-in toplant\u0131lar\u0131nda qlobal qaz bazar\u0131n\u0131n m\u00f6vcud v\u0259ziyy\u0259ti, inki\u015faf perspektivl\u0259ri v\u0259 qaz ixrac ed\u0259n \u00f6lk\u0259l\u0259r aras\u0131nda \u0259m\u0259kda\u015fl\u0131\u011f\u0131n geni\u015fl\u0259ndirilm\u0259si il\u0259 ba\u011fl\u0131 m\u0259s\u0259l\u0259l\u0259r m\u00fczakir\u0259 edil\u0259c\u0259k. Nazir P\u0259rviz \u015eahbazovun h\u0259r iki t\u0259dbird\u0259 \u00e7\u0131x\u0131\u015f\u0131 v\u0259 bir s\u0131ra ikit\u0259r\u0259fli g\u00f6r\u00fc\u015fl\u0259ri n\u0259z\u0259rd\u0259 tutulub.<\/p>\n","protected":false},"author":2,"featured_media":441563,"comment_status":"closed","ping_status":"closed","sticky":false,"template":"","format":"standard","meta":{"om_disable_all_campaigns":false,"_monsterinsights_skip_tracking":false,"_monsterinsights_sitenote_active":false,"_monsterinsights_sitenote_note":"","_monsterinsights_sitenote_category":0},"categories":[19],"tags":[],"aioseo_notices":[],"gutentor_comment":0,"rttpg_featured_image_url":{"full":["https:\/\/arantv.az\/wp-content\/uploads\/2022\/02\/3f24bb0816454208532964482831053881.png",975,540,false],"landscape":["https:\/\/arantv.az\/wp-content\/uploads\/2022\/02\/3f24bb0816454208532964482831053881.png",975,540,false],"portraits":["https:\/\/arantv.az\/wp-content\/uploads\/2022\/02\/3f24bb0816454208532964482831053881.png",975,540,false],"thumbnail":["https:\/\/arantv.az\/wp-content\/uploads\/2022\/02\/3f24bb0816454208532964482831053881-500x280.png",500,280,true],"medium":["https:\/\/arantv.az\/wp-content\/uploads\/2022\/02\/3f24bb0816454208532964482831053881-660x365.png",660,365,true],"large":["https:\/\/arantv.az\/wp-content\/uploads\/2022\/02\/3f24bb0816454208532964482831053881-840x465.png",640,354,true],"1536x1536":["https:\/\/arantv.az\/wp-content\/uploads\/2022\/02\/3f24bb0816454208532964482831053881.png",975,540,false],"2048x2048":["https:\/\/arantv.az\/wp-content\/uploads\/2022\/02\/3f24bb0816454208532964482831053881.png",975,540,false],"post-thumbnail":["https:\/\/arantv.az\/wp-content\/uploads\/2022\/02\/3f24bb0816454208532964482831053881-240x172.png",240,172,true],"advps-thumb-one":["https:\/\/arantv.az\/wp-content\/uploads\/2022\/02\/3f24bb0816454208532964482831053881.png",975,540,false]},"rttpg_author":{"display_name":"V\u00fcsal Rafiqo\u011flu","author_link":"https:\/\/arantv.az\/?author=2"},"rttpg_comment":0,"rttpg_category":"<a href=\"https:\/\/arantv.az\/?cat=19\" rel=\"category\">G\u00fcnd\u0259m<\/a>","rttpg_excerpt":"Energetika naziri P\u0259rviz \u015eahbazov Q\u0259t\u0259rin enerji m\u0259s\u0259l\u0259l\u0259ri \u00fczr\u0259 d\u00f6vl\u0259t naziri Saad \u015eerida al-Kaabinin d\u0259v\u0259ti il\u0259 Q\u0259t\u0259r D\u00f6vl\u0259tin\u0259 s\u0259f\u0259r edib. ARANTV.AZ x\u0259b\u0259r verir ki, nazir cari ilin 21-22 fevral tarixl\u0259rind\u0259 Doha \u015f\u0259h\u0259rind\u0259 ke\u00e7iril\u0259c\u0259k Qaz \u0130xrac ed\u0259n \u00d6lk\u0259l\u0259r Forumunun (GECF) Nazirl\u0259r \u0130clas\u0131nda v\u0259 GECF-in d\u00f6vl\u0259t v\u0259 h\u00f6kum\u0259t ba\u015f\u00e7\u0131lar\u0131n\u0131n 6-c\u0131 Sammitind\u0259 i\u015ftirak ed\u0259c\u0259k. GECF-in toplant\u0131lar\u0131nda qlobal qaz bazar\u0131n\u0131n&hellip;","_links":{"self":[{"href":"https:\/\/arantv.az\/index.php?rest_route=\/wp\/v2\/posts\/441562"}],"collection":[{"href":"https:\/\/arantv.az\/index.php?rest_route=\/wp\/v2\/posts"}],"about":[{"href":"https:\/\/arantv.az\/index.php?rest_route=\/wp\/v2\/types\/post"}],"author":[{"embeddable":true,"href":"https:\/\/arantv.az\/index.php?rest_route=\/wp\/v2\/users\/2"}],"replies":[{"embeddable":true,"href":"https:\/\/arantv.az\/index.php?rest_route=%2Fwp%2Fv2%2Fcomments&post=441562"}],"version-history":[{"count":0,"href":"https:\/\/arantv.az\/index.php?rest_route=\/wp\/v2\/posts\/441562\/revisions"}],"wp:featuredmedia":[{"embeddable":true,"href":"https:\/\/arantv.az\/index.php?rest_route=\/wp\/v2\/media\/441563"}],"wp:attachment":[{"href":"https:\/\/arantv.az\/index.php?rest_route=%2Fwp%2Fv2%2Fmedia&parent=441562"}],"wp:term":[{"taxonomy":"category","embeddable":true,"href":"https:\/\/arantv.az\/index.php?rest_route=%2Fwp%2Fv2%2Fcategories&post=441562"},{"taxonomy":"post_tag","embeddable":true,"href":"https:\/\/arantv.az\/index.php?rest_route=%2Fwp%2Fv2%2Ftags&post=441562"}],"curies":[{"name":"wp","href":"https:\/\/api.w.org\/{rel}","templated":true}]}}