{"id":441571,"date":"2022-02-21T09:17:01","date_gmt":"2022-02-21T06:17:01","guid":{"rendered":"http:\/\/arantv.az\/?p=441571"},"modified":"2022-02-21T09:17:01","modified_gmt":"2022-02-21T06:17:01","slug":"kicik-cill%c9%99-cixdi-boz-ay-basladi-xalq-t%c9%99qvimi","status":"publish","type":"post","link":"https:\/\/arantv.az\/?p=441571","title":{"rendered":"Ki\u00e7ik \u00e7ill\u0259 \u00e7\u0131xd\u0131, Boz ay ba\u015flad\u0131 \u2013 Xalq t\u0259qvimi"},"content":{"rendered":"<p>Az\u0259rbaycanda q\u0131\u015f\u0131n daha soyuq hesab edil\u0259n d\u00f6vr\u00fc \u2013 Ki\u00e7ik \u00e7ill\u0259 gerid\u0259 qald\u0131.<br \/>\n<b>ARANTV.AZ <\/b>x\u0259b\u0259r verir ki, Xalq t\u0259qvimin\u0259 g\u00f6r\u0259, dekabr\u0131n 21-d\u0259n ba\u015flayan q\u0131\u015f f\u0259slinin \u201co\u011flan \u00e7a\u011f\u0131\u201d \u2013\u00a020 g\u00fcnl\u00fck Ki\u015fik \u00e7ill\u0259\u00a0fevral\u0131n 20-d\u0259 ba\u015fa \u00e7at\u0131b.<\/p>\n<p>Bu g\u00fcnd\u0259n \u2013 21 fevraldan Novruz bayram\u0131nad\u0259k qalan 30 g\u00fcnl\u00fck m\u00fcdd\u0259ti \u2013 Boz ay\u0131 ya\u015fayaca\u011f\u0131q.<\/p>\n<p>Bu t\u0259qviml\u0259 q\u0131\u015f \u00fc\u00e7 hiss\u0259d\u0259n ibar\u0259tdir:\u00a0dekabr\u0131n 21-d\u0259n yanvar\u0131n 31-d\u0259k B\u00f6y\u00fck \u00e7ill\u0259, yanvar\u0131n 31-d\u0259n fevral\u0131n 21-d\u0259k Ki\u00e7ik \u00e7ill\u0259, fevral\u0131n 21-d\u0259n mart\u0131n 21-d\u0259k Boz ay davam edir.<\/p>\n<p>Qeyd ed\u0259k ki, Az\u0259rbaycana bu il yaz f\u0259sli\u00a0mart\u0131n 20-d\u0259 yerli vaxtla saat 19:33-y\u0259 t\u0259sad\u00fcf ed\u0259c\u0259k.<\/p>\n<p>H\u0259min g\u00fcn gec\u0259 il\u0259 g\u00fcnd\u00fcz b\u0259rab\u0259rl\u0259\u015fir. G\u00fcn\u0259\u015f ekliptika \u00fczr\u0259 h\u0259r\u0259k\u0259t ed\u0259r\u0259k ekvatoru k\u0259sm\u0259kl\u0259 c\u0259nub yar\u0131mk\u00fcr\u0259sind\u0259n \u015fimal yar\u0131m k\u00fcr\u0259sin\u0259 ke\u00e7ir v\u0259 h\u0259min andan \u015eimal yar\u0131mk\u00fcr\u0259sind\u0259 yaz f\u0259sli ba\u015flay\u0131r.<\/p>\n<p>AMEA-n\u0131n \u015eamax\u0131 Astrofizika R\u0259s\u0259dxanas\u0131n\u0131n m\u0259lumat\u0131na g\u00f6r\u0259, bu il ilk \u00e7\u0259r\u015f\u0259nb\u0259 \u2013 Su \u00e7\u0259r\u015f\u0259nb\u0259si\u00a0fevral\u0131n 22-si, ax\u0131r\u0131nc\u0131 \u00e7\u0259r\u015f\u0259nb\u0259 is\u0259\u00a0mart\u0131n 15-n\u0259 t\u0259sad\u00fcf ed\u0259c\u0259k.<\/p>\n<p>Fevral\u0131n 22-d\u0259 ilk \u2013 Su \u00e7\u0259r\u015f\u0259nb\u0259si, mart\u0131n 1-d\u0259 Od, mart\u0131n 8-d\u0259 Hava (Yel), mart\u0131n 15-d\u0259 is\u0259 ax\u0131r\u0131nc\u0131 \u2013 Torpaq \u00e7\u0259r\u015f\u0259nb\u0259si qeyd olunacaq.<\/p>\n<p>Yer oxunun ekvator m\u00fcst\u0259visin\u0259 meylliliyi gec\u0259 v\u0259 g\u00fcnd\u00fcz\u00fcn qeyri-b\u0259rab\u0259r olmas\u0131na, f\u0259sill\u0259rin yaranmas\u0131na s\u0259b\u0259b olub. Yerin G\u00fcn\u0259\u015f \u0259traf\u0131nda h\u0259r\u0259k\u0259ti il\u0259 ba\u011fl\u0131 olaraq ill\u0259r, f\u0259sill\u0259r \u0259m\u0259l\u0259 g\u0259lir. \u0130stilik, i\u015f\u0131qlanma v\u0259 iqlim qur\u015faqlar\u0131 yaran\u0131r. Canl\u0131lar\u0131n h\u0259yat\u0131nda b\u00f6y\u00fck d\u0259yi\u015fiklikl\u0259r ba\u015f verir\u2026<\/p>\n","protected":false},"excerpt":{"rendered":"<p>Az\u0259rbaycanda q\u0131\u015f\u0131n daha soyuq hesab edil\u0259n d\u00f6vr\u00fc \u2013 Ki\u00e7ik \u00e7ill\u0259 gerid\u0259 qald\u0131. ARANTV.AZ x\u0259b\u0259r verir ki, Xalq t\u0259qvimin\u0259 g\u00f6r\u0259, dekabr\u0131n 21-d\u0259n ba\u015flayan q\u0131\u015f f\u0259slinin \u201co\u011flan \u00e7a\u011f\u0131\u201d \u2013\u00a020 g\u00fcnl\u00fck Ki\u015fik \u00e7ill\u0259\u00a0fevral\u0131n 20-d\u0259 ba\u015fa \u00e7at\u0131b. Bu g\u00fcnd\u0259n \u2013 21 fevraldan Novruz bayram\u0131nad\u0259k qalan 30 g\u00fcnl\u00fck m\u00fcdd\u0259ti \u2013 Boz ay\u0131 ya\u015fayaca\u011f\u0131q. Bu t\u0259qviml\u0259 q\u0131\u015f \u00fc\u00e7 hiss\u0259d\u0259n ibar\u0259tdir:\u00a0dekabr\u0131n 21-d\u0259n yanvar\u0131n 31-d\u0259k B\u00f6y\u00fck \u00e7ill\u0259, yanvar\u0131n 31-d\u0259n fevral\u0131n 21-d\u0259k Ki\u00e7ik \u00e7ill\u0259, fevral\u0131n 21-d\u0259n mart\u0131n 21-d\u0259k Boz ay davam edir. Qeyd ed\u0259k ki, Az\u0259rbaycana bu il yaz f\u0259sli\u00a0mart\u0131n 20-d\u0259 yerli vaxtla saat 19:33-y\u0259 t\u0259sad\u00fcf ed\u0259c\u0259k. H\u0259min g\u00fcn&hellip;<\/p>\n","protected":false},"author":2,"featured_media":441572,"comment_status":"closed","ping_status":"closed","sticky":false,"template":"","format":"standard","meta":{"om_disable_all_campaigns":false,"_monsterinsights_skip_tracking":false,"_monsterinsights_sitenote_active":false,"_monsterinsights_sitenote_note":"","_monsterinsights_sitenote_category":0},"categories":[1],"tags":[],"aioseo_notices":[],"gutentor_comment":0,"rttpg_featured_image_url":{"full":["https:\/\/arantv.az\/wp-content\/uploads\/2022\/02\/1645389880_photo_11353.jpg",750,423,false],"landscape":["https:\/\/arantv.az\/wp-content\/uploads\/2022\/02\/1645389880_photo_11353.jpg",750,423,false],"portraits":["https:\/\/arantv.az\/wp-content\/uploads\/2022\/02\/1645389880_photo_11353.jpg",750,423,false],"thumbnail":["https:\/\/arantv.az\/wp-content\/uploads\/2022\/02\/1645389880_photo_11353-500x280.jpg",500,280,true],"medium":["https:\/\/arantv.az\/wp-content\/uploads\/2022\/02\/1645389880_photo_11353-647x365.jpg",647,365,true],"large":["https:\/\/arantv.az\/wp-content\/uploads\/2022\/02\/1645389880_photo_11353.jpg",640,361,false],"1536x1536":["https:\/\/arantv.az\/wp-content\/uploads\/2022\/02\/1645389880_photo_11353.jpg",750,423,false],"2048x2048":["https:\/\/arantv.az\/wp-content\/uploads\/2022\/02\/1645389880_photo_11353.jpg",750,423,false],"post-thumbnail":["https:\/\/arantv.az\/wp-content\/uploads\/2022\/02\/1645389880_photo_11353-240x172.jpg",240,172,true],"advps-thumb-one":["https:\/\/arantv.az\/wp-content\/uploads\/2022\/02\/1645389880_photo_11353.jpg",750,423,false]},"rttpg_author":{"display_name":"V\u00fcsal Rafiqo\u011flu","author_link":"https:\/\/arantv.az\/?author=2"},"rttpg_comment":0,"rttpg_category":"<a href=\"https:\/\/arantv.az\/?cat=1\" rel=\"category\">C\u0259miyy\u0259t<\/a>","rttpg_excerpt":"Az\u0259rbaycanda q\u0131\u015f\u0131n daha soyuq hesab edil\u0259n d\u00f6vr\u00fc \u2013 Ki\u00e7ik \u00e7ill\u0259 gerid\u0259 qald\u0131. ARANTV.AZ x\u0259b\u0259r verir ki, Xalq t\u0259qvimin\u0259 g\u00f6r\u0259, dekabr\u0131n 21-d\u0259n ba\u015flayan q\u0131\u015f f\u0259slinin \u201co\u011flan \u00e7a\u011f\u0131\u201d \u2013\u00a020 g\u00fcnl\u00fck Ki\u015fik \u00e7ill\u0259\u00a0fevral\u0131n 20-d\u0259 ba\u015fa \u00e7at\u0131b. Bu g\u00fcnd\u0259n \u2013 21 fevraldan Novruz bayram\u0131nad\u0259k qalan 30 g\u00fcnl\u00fck m\u00fcdd\u0259ti \u2013 Boz ay\u0131 ya\u015fayaca\u011f\u0131q. Bu t\u0259qviml\u0259 q\u0131\u015f \u00fc\u00e7 hiss\u0259d\u0259n ibar\u0259tdir:\u00a0dekabr\u0131n 21-d\u0259n&hellip;","_links":{"self":[{"href":"https:\/\/arantv.az\/index.php?rest_route=\/wp\/v2\/posts\/441571"}],"collection":[{"href":"https:\/\/arantv.az\/index.php?rest_route=\/wp\/v2\/posts"}],"about":[{"href":"https:\/\/arantv.az\/index.php?rest_route=\/wp\/v2\/types\/post"}],"author":[{"embeddable":true,"href":"https:\/\/arantv.az\/index.php?rest_route=\/wp\/v2\/users\/2"}],"replies":[{"embeddable":true,"href":"https:\/\/arantv.az\/index.php?rest_route=%2Fwp%2Fv2%2Fcomments&post=441571"}],"version-history":[{"count":0,"href":"https:\/\/arantv.az\/index.php?rest_route=\/wp\/v2\/posts\/441571\/revisions"}],"wp:featuredmedia":[{"embeddable":true,"href":"https:\/\/arantv.az\/index.php?rest_route=\/wp\/v2\/media\/441572"}],"wp:attachment":[{"href":"https:\/\/arantv.az\/index.php?rest_route=%2Fwp%2Fv2%2Fmedia&parent=441571"}],"wp:term":[{"taxonomy":"category","embeddable":true,"href":"https:\/\/arantv.az\/index.php?rest_route=%2Fwp%2Fv2%2Fcategories&post=441571"},{"taxonomy":"post_tag","embeddable":true,"href":"https:\/\/arantv.az\/index.php?rest_route=%2Fwp%2Fv2%2Ftags&post=441571"}],"curies":[{"name":"wp","href":"https:\/\/api.w.org\/{rel}","templated":true}]}}