{"id":441575,"date":"2022-02-21T09:22:33","date_gmt":"2022-02-21T06:22:33","guid":{"rendered":"http:\/\/arantv.az\/?p=441575"},"modified":"2022-02-21T09:22:33","modified_gmt":"2022-02-21T06:22:33","slug":"az%c9%99rbaycan-ordusu-erm%c9%99nistana-c%c9%99h%c9%99nn%c9%99m-yasada-bil%c9%99r-t%c9%99hlil","status":"publish","type":"post","link":"https:\/\/arantv.az\/?p=441575","title":{"rendered":"Az\u0259rbaycan ordusu Erm\u0259nistana c\u0259h\u0259nn\u0259m ya\u015fada bil\u0259r \u2013 T\u018fHL\u0130L"},"content":{"rendered":"<p>Qab\u0131\u011f\u0131 v\u0259 i\u00e7\u0259risi \u00e7\u00fcr\u00fck qoza b\u0259nz\u0259y\u0259n Erm\u0259nistan 10 noyabr b\u0259yanat\u0131n\u0131n m\u00fcdd\u0259alar\u0131n\u0131n, \u0259sas\u0259n d\u0259 s\u0259n\u0259din 4-c\u00fc b\u0259ndinin icras\u0131n\u0131 dalana dir\u0259m\u0259y\u0259 \u00e7al\u0131\u015fsa da, bu s\u0259yl\u0259r h\u0259d\u0259r gedir.<\/p>\n<p>Az\u0259rbaycan t\u0259dric\u0259n strateji h\u0259d\u0259fl\u0259rin\u0259 nail olur, h\u0259tta b\u0259zisin\u0259 laz\u0131m oldu\u011fundan da tez.<\/p>\n<div class=\"AdviadNativeVideo\"><\/div>\n<p>\u0130r\u0259van is\u0259 Rusiya s\u00fclhm\u0259raml\u0131 kontingentinin m\u00fcv\u0259qq\u0259ti yerl\u0259\u015fdiyi Az\u0259rbaycan \u0259razil\u0259rind\u0259 qorxudan dili topuq \u00e7alan, k\u00fcnc\u0259 s\u0131x\u0131lm\u0131\u015f si\u00e7an kimi di\u015fini q\u0131cayan separat\u00e7\u0131lar bar\u0259d\u0259 t\u0259dbir g\u00f6rm\u0259kd\u0259n boyun qa\u00e7\u0131r\u0131r.<\/p>\n<p>Bunun s\u0259b\u0259bl\u0259rini xat\u0131rlatmaq vacib deyil, n\u0259tic\u0259 budur ki, ya z\u0259lz\u0259l\u0259d\u0259n, ya v\u0259lv\u0259l\u0259d\u0259n Erm\u0259nistan \u00f6hd\u0259liyini yerin\u0259 yetirmir.<\/p>\n<p>\u0130r\u0259van\u0131n q\u0259tiyy\u0259tli h\u0259yas\u0131zl\u0131\u011f\u0131n\u0131n b\u0259d\u0259li Erm\u0259nistan\u0131n g\u0259l\u0259c\u0259k taleyi bar\u0259d\u0259 he\u00e7 d\u0259 xo\u015f olmayan proqnozlar s\u0259sl\u0259ndirm\u0259y\u0259 \u0259saslar verir.<\/p>\n<p>Az\u0259rbaycan torpaqlar\u0131n\u0131 i\u015f\u011falda saxlad\u0131\u011f\u0131 m\u00fcdd\u0259td\u0259 \u00f6z\u00fc haqq\u0131nda mifik r\u0259y yaradan Erm\u0259nistan\u0131n bu yalan\u0131n\u0131n \u00fcst\u00fc \u00e7oxdan a\u00e7\u0131lm\u0131\u015fd\u0131. Amma \u0130r\u0259van if\u015fa olunan m\u0259krli niyy\u0259tl\u0259rinin \u00fcz\u0259rini p\u0259rd\u0259 il\u0259 \u00f6rt\u00fcrd\u00fc, Az\u0259rbaycan is\u0259 44 g\u00fcnl\u00fck V\u0259t\u0259n m\u00fcharib\u0259si il\u0259 h\u0259min p\u0259rd\u0259ni d\u0259 aradan g\u00f6t\u00fcrd\u00fc.<\/p>\n<p>Qaraba\u011f m\u0259s\u0259l\u0259si ill\u0259r boyu erm\u0259ni xalq\u0131n\u0131n boynundan as\u0131lan d\u0259yirman da\u015f\u0131 olub, 44 g\u00fcnl\u00fck m\u00fcharib\u0259nin n\u0259tic\u0259si is\u0259\u00a0Erm\u0259nistan \u00fc\u00e7\u00fcn n\u00f6vb\u0259ti faci\u0259vi faza yaratd\u0131.<\/p>\n<p>Erm\u0259nistan\u0131n beyn\u0259lxalq dayaqlar\u0131 sars\u0131ld\u0131, \u0130r\u0259van\u0131n vassala \u00e7evrilm\u0259si prosesind\u0259 yeni m\u0259rh\u0259l\u0259 ba\u015fland\u0131.<\/p>\n<p>Az\u0259rbaycan yeni reall\u0131qda da \u0259tal\u0259td\u0259 qalmad\u0131, s\u0259rh\u0259d\u0259 \u00e7\u0131x\u0131\u015f\u0131n\u0131 t\u0259min etdi, h\u0259rbi g\u00fcc\u00fcn\u00fc yeni geosiyasi \u015f\u0259rtl\u0259r\u0259 uy\u011funla\u015fd\u0131rd\u0131, T\u00fcrkiy\u0259 il\u0259 strateji m\u00fctt\u0259fiqlik \u0259laq\u0259l\u0259rini m\u00f6hk\u0259ml\u0259ndirdi.<\/p>\n<p>Erm\u0259nistan\u0131n darmada\u011f\u0131n edilmi\u015f ordusundak\u0131 da\u011f\u0131n\u0131q psixoloji durum, isterika h\u00f6km s\u00fcrm\u0259kd\u0259dir, bu g\u00fcn Erm\u0259nistanda \u00e7a\u011f\u0131r\u0131\u015f\u00e7\u0131 problemi d\u0259 ya\u015fan\u0131r. G\u0259ncl\u0259r yeni m\u00fcharib\u0259 ehtimal\u0131ndan qorxaraq \u00f6lk\u0259ni t\u0259rk edir, demoqrafik b\u00f6hran d\u0259rinl\u0259\u015fir, n\u0259tic\u0259d\u0259 iqtisadi tabloda da qara r\u0259ngl\u0259r t\u00fc\u011fyan edir.<\/p>\n<p>Erm\u0259nistan ba\u015f\u0131 \u00fcz\u0259rind\u0259 qat\u0131la\u015fan qara buludlar\u0131n \u00e7\u0259kilm\u0259sini ist\u0259yirs\u0259, \u00f6hd\u0259likl\u0259rin\u0259 \u0259m\u0259l etm\u0259lidir.<\/p>\n<p>Nec\u0259 ki, Z\u0259ng\u0259zur d\u0259hlizinin a\u00e7\u0131lmas\u0131 istiqam\u0259tind\u0259 son zamanlar m\u00fcsb\u0259t siqnallar verir v\u0259 praktiki i\u015fl\u0259r\u0259 ba\u015flad\u0131\u011f\u0131n\u0131 elan edir.<\/p>\n<p>Bu c\u00fcr yana\u015fman\u0131 \u0130r\u0259van 10 noyabr, 11 yanvar v\u0259 26 noyabr \u00fc\u00e7t\u0259r\u0259fli b\u0259yanatlar\u0131nda t\u0259sbit olunan b\u00fct\u00fcn m\u00fcdd\u0259alara m\u00fcnasib\u0259td\u0259 d\u0259 s\u0259rgil\u0259m\u0259k m\u0259cburiyy\u0259tind\u0259dir.<\/p>\n<p>\u018fks t\u0259qdird\u0259, Az\u0259rbaycan \u00f6z\u00fcn\u00fcn h\u0259rbi potensial\u0131n\u0131 n\u00fcmayi\u015f etdir\u0259c\u0259k.<\/p>\n<p>H\u0259rbi ssenari \u00fczr\u0259 ba\u015f tuta bil\u0259c\u0259k \u0259m\u0259liyyatlar bar\u0259d\u0259 d\u0259 fikirl\u0259r y\u00fcr\u00fctm\u0259k olar.<\/p>\n<p>Birincisi, Qaraba\u011fda v\u0259 \u015e\u0259rqi Z\u0259ng\u0259zurda h\u0259r an d\u00f6y\u00fc\u015f tap\u015f\u0131r\u0131qlar\u0131 alma\u011fa haz\u0131r olan h\u0259rbi hiss\u0259l\u0259r var.<\/p>\n<p>\u0130kincisi, Az\u0259rbaycanda pe\u015f\u0259kar \u015f\u0259kild\u0259 da\u011f d\u00f6y\u00fc\u015fl\u0259ri aparmaq \u00fc\u00e7\u00fcn komando birlikl\u0259ri m\u00f6vcuddur.<\/p>\n<p>\u00dc\u00e7\u00fcnc\u00fcs\u00fc, Az\u0259rbaycan\u0131n arsenal\u0131nda \u0259n m\u00fcasir v\u0259 d\u0259qiq z\u0259rb\u0259l\u0259r endir\u0259n silahlar var.<\/p>\n<p>D\u00f6rd\u00fcnc\u00fcs\u00fc, Az\u0259rbaycan ordusunun \u0259n elit q\u00fcvv\u0259l\u0259ri m\u00f6vcuddur ki, onlar ist\u0259nil\u0259n an ist\u0259nil\u0259n tap\u015f\u0131r\u0131\u011f\u0131n \u00f6hd\u0259sind\u0259n asanl\u0131qla g\u0259l\u0259 bil\u0259rl\u0259r.<\/p>\n<p>Be\u015fincisi, Nax\u00e7\u0131van amilidir, s\u0259rh\u0259din bu zonas\u0131 da Erm\u0259nistana c\u0259h\u0259nn\u0259m ya\u015fada bil\u0259.<\/p>\n<p><strong>N\u018fT\u0130C\u018f:<\/strong><\/p>\n<p>Az\u0259rbaycan ordusu ist\u0259r Erm\u0259nistan\u0131n taktiki, ist\u0259rs\u0259 d\u0259 strateji d\u0259rinlikl\u0259rini m\u0259hv ed\u0259 bil\u0259r. Bu zaman is\u0259 Erm\u0259nistan forpostluqdan da b\u0259rbad g\u00fcn\u0259 d\u00fc\u015f\u0259c\u0259k.<\/p>\n","protected":false},"excerpt":{"rendered":"<p>Qab\u0131\u011f\u0131 v\u0259 i\u00e7\u0259risi \u00e7\u00fcr\u00fck qoza b\u0259nz\u0259y\u0259n Erm\u0259nistan 10 noyabr b\u0259yanat\u0131n\u0131n m\u00fcdd\u0259alar\u0131n\u0131n, \u0259sas\u0259n d\u0259 s\u0259n\u0259din 4-c\u00fc b\u0259ndinin icras\u0131n\u0131 dalana dir\u0259m\u0259y\u0259 \u00e7al\u0131\u015fsa da, bu s\u0259yl\u0259r h\u0259d\u0259r gedir. Az\u0259rbaycan t\u0259dric\u0259n strateji h\u0259d\u0259fl\u0259rin\u0259 nail olur, h\u0259tta b\u0259zisin\u0259 laz\u0131m oldu\u011fundan da tez. \u0130r\u0259van is\u0259 Rusiya s\u00fclhm\u0259raml\u0131 kontingentinin m\u00fcv\u0259qq\u0259ti yerl\u0259\u015fdiyi Az\u0259rbaycan \u0259razil\u0259rind\u0259 qorxudan dili topuq \u00e7alan, k\u00fcnc\u0259 s\u0131x\u0131lm\u0131\u015f si\u00e7an kimi di\u015fini q\u0131cayan separat\u00e7\u0131lar bar\u0259d\u0259 t\u0259dbir g\u00f6rm\u0259kd\u0259n boyun qa\u00e7\u0131r\u0131r. Bunun s\u0259b\u0259bl\u0259rini xat\u0131rlatmaq vacib deyil, n\u0259tic\u0259 budur ki, ya z\u0259lz\u0259l\u0259d\u0259n, ya v\u0259lv\u0259l\u0259d\u0259n Erm\u0259nistan \u00f6hd\u0259liyini yerin\u0259 yetirmir. \u0130r\u0259van\u0131n q\u0259tiyy\u0259tli h\u0259yas\u0131zl\u0131\u011f\u0131n\u0131n b\u0259d\u0259li Erm\u0259nistan\u0131n g\u0259l\u0259c\u0259k taleyi bar\u0259d\u0259 he\u00e7 d\u0259 xo\u015f olmayan&hellip;<\/p>\n","protected":false},"author":2,"featured_media":441576,"comment_status":"closed","ping_status":"closed","sticky":false,"template":"","format":"standard","meta":{"om_disable_all_campaigns":false,"_monsterinsights_skip_tracking":false,"_monsterinsights_sitenote_active":false,"_monsterinsights_sitenote_note":"","_monsterinsights_sitenote_category":0},"categories":[4],"tags":[],"aioseo_notices":[],"gutentor_comment":0,"rttpg_featured_image_url":{"full":["https:\/\/arantv.az\/wp-content\/uploads\/2022\/02\/dde9289d8996fd2c24168e105ab4950e.jpg",620,395,false],"landscape":["https:\/\/arantv.az\/wp-content\/uploads\/2022\/02\/dde9289d8996fd2c24168e105ab4950e.jpg",620,395,false],"portraits":["https:\/\/arantv.az\/wp-content\/uploads\/2022\/02\/dde9289d8996fd2c24168e105ab4950e.jpg",620,395,false],"thumbnail":["https:\/\/arantv.az\/wp-content\/uploads\/2022\/02\/dde9289d8996fd2c24168e105ab4950e-500x280.jpg",500,280,true],"medium":["https:\/\/arantv.az\/wp-content\/uploads\/2022\/02\/dde9289d8996fd2c24168e105ab4950e-573x365.jpg",573,365,true],"large":["https:\/\/arantv.az\/wp-content\/uploads\/2022\/02\/dde9289d8996fd2c24168e105ab4950e.jpg",620,395,false],"1536x1536":["https:\/\/arantv.az\/wp-content\/uploads\/2022\/02\/dde9289d8996fd2c24168e105ab4950e.jpg",620,395,false],"2048x2048":["https:\/\/arantv.az\/wp-content\/uploads\/2022\/02\/dde9289d8996fd2c24168e105ab4950e.jpg",620,395,false],"post-thumbnail":["https:\/\/arantv.az\/wp-content\/uploads\/2022\/02\/dde9289d8996fd2c24168e105ab4950e-240x172.jpg",240,172,true],"advps-thumb-one":["https:\/\/arantv.az\/wp-content\/uploads\/2022\/02\/dde9289d8996fd2c24168e105ab4950e.jpg",620,395,false]},"rttpg_author":{"display_name":"V\u00fcsal Rafiqo\u011flu","author_link":"https:\/\/arantv.az\/?author=2"},"rttpg_comment":0,"rttpg_category":"<a href=\"https:\/\/arantv.az\/?cat=4\" rel=\"category\">Siyas\u0259t<\/a>","rttpg_excerpt":"Qab\u0131\u011f\u0131 v\u0259 i\u00e7\u0259risi \u00e7\u00fcr\u00fck qoza b\u0259nz\u0259y\u0259n Erm\u0259nistan 10 noyabr b\u0259yanat\u0131n\u0131n m\u00fcdd\u0259alar\u0131n\u0131n, \u0259sas\u0259n d\u0259 s\u0259n\u0259din 4-c\u00fc b\u0259ndinin icras\u0131n\u0131 dalana dir\u0259m\u0259y\u0259 \u00e7al\u0131\u015fsa da, bu s\u0259yl\u0259r h\u0259d\u0259r gedir. Az\u0259rbaycan t\u0259dric\u0259n strateji h\u0259d\u0259fl\u0259rin\u0259 nail olur, h\u0259tta b\u0259zisin\u0259 laz\u0131m oldu\u011fundan da tez. \u0130r\u0259van is\u0259 Rusiya s\u00fclhm\u0259raml\u0131 kontingentinin m\u00fcv\u0259qq\u0259ti yerl\u0259\u015fdiyi Az\u0259rbaycan \u0259razil\u0259rind\u0259 qorxudan dili topuq \u00e7alan, k\u00fcnc\u0259 s\u0131x\u0131lm\u0131\u015f si\u00e7an kimi di\u015fini&hellip;","_links":{"self":[{"href":"https:\/\/arantv.az\/index.php?rest_route=\/wp\/v2\/posts\/441575"}],"collection":[{"href":"https:\/\/arantv.az\/index.php?rest_route=\/wp\/v2\/posts"}],"about":[{"href":"https:\/\/arantv.az\/index.php?rest_route=\/wp\/v2\/types\/post"}],"author":[{"embeddable":true,"href":"https:\/\/arantv.az\/index.php?rest_route=\/wp\/v2\/users\/2"}],"replies":[{"embeddable":true,"href":"https:\/\/arantv.az\/index.php?rest_route=%2Fwp%2Fv2%2Fcomments&post=441575"}],"version-history":[{"count":0,"href":"https:\/\/arantv.az\/index.php?rest_route=\/wp\/v2\/posts\/441575\/revisions"}],"wp:featuredmedia":[{"embeddable":true,"href":"https:\/\/arantv.az\/index.php?rest_route=\/wp\/v2\/media\/441576"}],"wp:attachment":[{"href":"https:\/\/arantv.az\/index.php?rest_route=%2Fwp%2Fv2%2Fmedia&parent=441575"}],"wp:term":[{"taxonomy":"category","embeddable":true,"href":"https:\/\/arantv.az\/index.php?rest_route=%2Fwp%2Fv2%2Fcategories&post=441575"},{"taxonomy":"post_tag","embeddable":true,"href":"https:\/\/arantv.az\/index.php?rest_route=%2Fwp%2Fv2%2Ftags&post=441575"}],"curies":[{"name":"wp","href":"https:\/\/api.w.org\/{rel}","templated":true}]}}