{"id":441578,"date":"2022-02-21T09:23:41","date_gmt":"2022-02-21T06:23:41","guid":{"rendered":"http:\/\/arantv.az\/?p=441578"},"modified":"2022-02-21T09:23:41","modified_gmt":"2022-02-21T06:23:41","slug":"ukraynada-n%c9%99-q%c9%99d%c9%99r-az%c9%99rbaycanli-yasayir","status":"publish","type":"post","link":"https:\/\/arantv.az\/?p=441578","title":{"rendered":"Ukraynada n\u0259 q\u0259d\u0259r az\u0259rbaycanl\u0131 ya\u015fay\u0131r?"},"content":{"rendered":"<p>\u201cUkraynada ya\u015fayan Az\u0259rbaycan v\u0259t\u0259nda\u015flar\u0131n\u0131n d\u0259qiq say\u0131 tam b\u0259lli deyil. Lakin Dnepr \u015f\u0259h\u0259rind\u0259\u00a030 min, Dnepropetrovsk vilay\u0259ti \u00fczr\u0259 is\u0259 70 min\u0259 yax\u0131n soyda\u015f\u0131m\u0131z\u0131n ya\u015fad\u0131\u011f\u0131 bildirilir\u201d.<\/p>\n<div class=\"AdviadNativeVideo\"><\/div>\n<p>Bu bar\u0259d\u0259 Az\u0259rbaycan\u0131n Ukraynadak\u0131 s\u0259firliyind\u0259n\u00a0Modern.az-\u0131n\u00a0sor\u011fusuna cavab olaraq bildirilib:<\/p>\n<p>\u201cUkraynada on min, h\u0259tta y\u00fcz minl\u0259rl\u0259 az\u0259rbaycanl\u0131 ya\u015fay\u0131r. S\u0259firliy\u0259 g\u00fcnd\u0259lik \u0259sasda t\u0259xmin\u0259n 40-50 n\u0259f\u0259r v\u0259t\u0259nda\u015f m\u00fcraci\u0259t edir. \u00d6t\u0259n ay \u0259rzind\u0259 500-550, bu ay 300\u00a0v\u0259t\u0259nda\u015f m\u00fcaraci\u0259ti qeyd\u0259 al\u0131n\u0131b. V\u0259t\u0259nda\u015flar \u0259sas\u0259n yeni pasport almaq, pasportlar\u0131n\u0131n m\u00fcdd\u0259ti bitdiyi v\u0259 ya itirdikl\u0259ri \u00fc\u00e7\u00fcn onlara Az\u0259rbaycana qay\u0131d\u0131\u015f \u015f\u0259had\u0259tnam\u0259si verilm\u0259si,\u00a0m\u00fcxt\u0259lif m\u0259zmunlu aray\u0131\u015flar (m\u0259hkumluq, qeydiyyat bar\u0259d\u0259 aray\u0131\u015f) almaq \u00fc\u00e7\u00fcn s\u0259firliy\u0259 m\u00fcraci\u0259t edirl\u0259r.<\/p>\n<p>Bundan ba\u015fqa\u00a0h\u00fcquq v\u0259 m\u0259nafel\u0259rinin m\u00fcdafi\u0259si m\u0259qs\u0259dil\u0259 m\u00fcraci\u0259t ed\u0259n v\u0259t\u0259nda\u015flar olmu\u015fdur ki, h\u0259min v\u0259t\u0259nda\u015flara s\u0259firliyin s\u0259lahiyy\u0259tl\u0259ri daxilind\u0259 laz\u0131mi h\u00fcquqi yard\u0131m g\u00f6st\u0259rilib\u201d, &#8211; dey\u0259 s\u0259firlikd\u0259n veril\u0259n m\u0259lumatda qeyd olunub.<\/p>\n","protected":false},"excerpt":{"rendered":"<p>\u201cUkraynada ya\u015fayan Az\u0259rbaycan v\u0259t\u0259nda\u015flar\u0131n\u0131n d\u0259qiq say\u0131 tam b\u0259lli deyil. Lakin Dnepr \u015f\u0259h\u0259rind\u0259\u00a030 min, Dnepropetrovsk vilay\u0259ti \u00fczr\u0259 is\u0259 70 min\u0259 yax\u0131n soyda\u015f\u0131m\u0131z\u0131n ya\u015fad\u0131\u011f\u0131 bildirilir\u201d. Bu bar\u0259d\u0259 Az\u0259rbaycan\u0131n Ukraynadak\u0131 s\u0259firliyind\u0259n\u00a0Modern.az-\u0131n\u00a0sor\u011fusuna cavab olaraq bildirilib: \u201cUkraynada on min, h\u0259tta y\u00fcz minl\u0259rl\u0259 az\u0259rbaycanl\u0131 ya\u015fay\u0131r. S\u0259firliy\u0259 g\u00fcnd\u0259lik \u0259sasda t\u0259xmin\u0259n 40-50 n\u0259f\u0259r v\u0259t\u0259nda\u015f m\u00fcraci\u0259t edir. \u00d6t\u0259n ay \u0259rzind\u0259 500-550, bu ay 300\u00a0v\u0259t\u0259nda\u015f m\u00fcaraci\u0259ti qeyd\u0259 al\u0131n\u0131b. V\u0259t\u0259nda\u015flar \u0259sas\u0259n yeni pasport almaq, pasportlar\u0131n\u0131n m\u00fcdd\u0259ti bitdiyi v\u0259 ya itirdikl\u0259ri \u00fc\u00e7\u00fcn onlara Az\u0259rbaycana qay\u0131d\u0131\u015f \u015f\u0259had\u0259tnam\u0259si verilm\u0259si,\u00a0m\u00fcxt\u0259lif m\u0259zmunlu aray\u0131\u015flar (m\u0259hkumluq, qeydiyyat bar\u0259d\u0259 aray\u0131\u015f) almaq \u00fc\u00e7\u00fcn s\u0259firliy\u0259 m\u00fcraci\u0259t edirl\u0259r. Bundan ba\u015fqa\u00a0h\u00fcquq v\u0259 m\u0259nafel\u0259rinin&hellip;<\/p>\n","protected":false},"author":2,"featured_media":441579,"comment_status":"closed","ping_status":"closed","sticky":false,"template":"","format":"standard","meta":{"om_disable_all_campaigns":false,"_monsterinsights_skip_tracking":false,"_monsterinsights_sitenote_active":false,"_monsterinsights_sitenote_note":"","_monsterinsights_sitenote_category":0},"categories":[1],"tags":[],"aioseo_notices":[],"gutentor_comment":0,"rttpg_featured_image_url":{"full":["https:\/\/arantv.az\/wp-content\/uploads\/2022\/02\/FotoJet-2022-02-21T094403.077.jpg",620,413,false],"landscape":["https:\/\/arantv.az\/wp-content\/uploads\/2022\/02\/FotoJet-2022-02-21T094403.077.jpg",620,413,false],"portraits":["https:\/\/arantv.az\/wp-content\/uploads\/2022\/02\/FotoJet-2022-02-21T094403.077.jpg",620,413,false],"thumbnail":["https:\/\/arantv.az\/wp-content\/uploads\/2022\/02\/FotoJet-2022-02-21T094403.077-500x280.jpg",500,280,true],"medium":["https:\/\/arantv.az\/wp-content\/uploads\/2022\/02\/FotoJet-2022-02-21T094403.077-548x365.jpg",548,365,true],"large":["https:\/\/arantv.az\/wp-content\/uploads\/2022\/02\/FotoJet-2022-02-21T094403.077.jpg",620,413,false],"1536x1536":["https:\/\/arantv.az\/wp-content\/uploads\/2022\/02\/FotoJet-2022-02-21T094403.077.jpg",620,413,false],"2048x2048":["https:\/\/arantv.az\/wp-content\/uploads\/2022\/02\/FotoJet-2022-02-21T094403.077.jpg",620,413,false],"post-thumbnail":["https:\/\/arantv.az\/wp-content\/uploads\/2022\/02\/FotoJet-2022-02-21T094403.077-240x172.jpg",240,172,true],"advps-thumb-one":["https:\/\/arantv.az\/wp-content\/uploads\/2022\/02\/FotoJet-2022-02-21T094403.077.jpg",620,413,false]},"rttpg_author":{"display_name":"V\u00fcsal Rafiqo\u011flu","author_link":"https:\/\/arantv.az\/?author=2"},"rttpg_comment":0,"rttpg_category":"<a href=\"https:\/\/arantv.az\/?cat=1\" rel=\"category\">C\u0259miyy\u0259t<\/a>","rttpg_excerpt":"\u201cUkraynada ya\u015fayan Az\u0259rbaycan v\u0259t\u0259nda\u015flar\u0131n\u0131n d\u0259qiq say\u0131 tam b\u0259lli deyil. Lakin Dnepr \u015f\u0259h\u0259rind\u0259\u00a030 min, Dnepropetrovsk vilay\u0259ti \u00fczr\u0259 is\u0259 70 min\u0259 yax\u0131n soyda\u015f\u0131m\u0131z\u0131n ya\u015fad\u0131\u011f\u0131 bildirilir\u201d. Bu bar\u0259d\u0259 Az\u0259rbaycan\u0131n Ukraynadak\u0131 s\u0259firliyind\u0259n\u00a0Modern.az-\u0131n\u00a0sor\u011fusuna cavab olaraq bildirilib: \u201cUkraynada on min, h\u0259tta y\u00fcz minl\u0259rl\u0259 az\u0259rbaycanl\u0131 ya\u015fay\u0131r. S\u0259firliy\u0259 g\u00fcnd\u0259lik \u0259sasda t\u0259xmin\u0259n 40-50 n\u0259f\u0259r v\u0259t\u0259nda\u015f m\u00fcraci\u0259t edir. \u00d6t\u0259n ay \u0259rzind\u0259 500-550, bu ay 300\u00a0v\u0259t\u0259nda\u015f&hellip;","_links":{"self":[{"href":"https:\/\/arantv.az\/index.php?rest_route=\/wp\/v2\/posts\/441578"}],"collection":[{"href":"https:\/\/arantv.az\/index.php?rest_route=\/wp\/v2\/posts"}],"about":[{"href":"https:\/\/arantv.az\/index.php?rest_route=\/wp\/v2\/types\/post"}],"author":[{"embeddable":true,"href":"https:\/\/arantv.az\/index.php?rest_route=\/wp\/v2\/users\/2"}],"replies":[{"embeddable":true,"href":"https:\/\/arantv.az\/index.php?rest_route=%2Fwp%2Fv2%2Fcomments&post=441578"}],"version-history":[{"count":0,"href":"https:\/\/arantv.az\/index.php?rest_route=\/wp\/v2\/posts\/441578\/revisions"}],"wp:featuredmedia":[{"embeddable":true,"href":"https:\/\/arantv.az\/index.php?rest_route=\/wp\/v2\/media\/441579"}],"wp:attachment":[{"href":"https:\/\/arantv.az\/index.php?rest_route=%2Fwp%2Fv2%2Fmedia&parent=441578"}],"wp:term":[{"taxonomy":"category","embeddable":true,"href":"https:\/\/arantv.az\/index.php?rest_route=%2Fwp%2Fv2%2Fcategories&post=441578"},{"taxonomy":"post_tag","embeddable":true,"href":"https:\/\/arantv.az\/index.php?rest_route=%2Fwp%2Fv2%2Ftags&post=441578"}],"curies":[{"name":"wp","href":"https:\/\/api.w.org\/{rel}","templated":true}]}}