{"id":441593,"date":"2022-02-21T09:48:41","date_gmt":"2022-02-21T06:48:41","guid":{"rendered":"http:\/\/arantv.az\/?p=441593"},"modified":"2022-02-21T09:48:41","modified_gmt":"2022-02-21T06:48:41","slug":"az%c9%99rbaycan-deputatlari-erm%c9%99nistana-gedir","status":"publish","type":"post","link":"https:\/\/arantv.az\/?p=441593","title":{"rendered":"Az\u0259rbaycan deputatlar\u0131 Erm\u0259nistana gedir"},"content":{"rendered":"<p>Fevral\u0131n 22-d\u0259 Erm\u0259nistan\u0131n paytaxt\u0131 Yerevanda AVRONEST Parlament Assambleyas\u0131n\u0131n komit\u0259 iclaslar\u0131 ke\u00e7iril\u0259c\u0259k.<\/p>\n<p>Milli M\u0259clisin M\u0259tbuat v\u0259\u00a0ictimaiyy\u0259tl\u0259 \u0259laq\u0259l\u0259r \u015f\u00f6b\u0259sind\u0259n\u00a0&#8220;\u0130ki sahil&#8221;\u0259 veril\u0259n x\u0259b\u0259r\u0259 g\u00f6r\u0259, t\u0259dbirl\u0259rd\u0259 Milli M\u0259clisin deputatlar\u0131, AVRONEST PA-da Az\u0259rbaycan n\u00fcmay\u0259nd\u0259 hey\u0259tinin \u00fczvl\u0259ri Tahir Mirki\u015fili v\u0259 Soltan M\u0259mm\u0259dov i\u015ftirak ed\u0259c\u0259kl\u0259r.<\/p>\n<p>Deputatlar iclaslarda m\u00fczakir\u0259 olunacaq m\u0259s\u0259l\u0259l\u0259r\u0259 Az\u0259rbaycan t\u0259r\u0259finin m\u00f6vqeyini bildir\u0259c\u0259kl\u0259r.<\/p>\n","protected":false},"excerpt":{"rendered":"<p>Fevral\u0131n 22-d\u0259 Erm\u0259nistan\u0131n paytaxt\u0131 Yerevanda AVRONEST Parlament Assambleyas\u0131n\u0131n komit\u0259 iclaslar\u0131 ke\u00e7iril\u0259c\u0259k. Milli M\u0259clisin M\u0259tbuat v\u0259\u00a0ictimaiyy\u0259tl\u0259 \u0259laq\u0259l\u0259r \u015f\u00f6b\u0259sind\u0259n\u00a0&#8220;\u0130ki sahil&#8221;\u0259 veril\u0259n x\u0259b\u0259r\u0259 g\u00f6r\u0259, t\u0259dbirl\u0259rd\u0259 Milli M\u0259clisin deputatlar\u0131, AVRONEST PA-da Az\u0259rbaycan n\u00fcmay\u0259nd\u0259 hey\u0259tinin \u00fczvl\u0259ri Tahir Mirki\u015fili v\u0259 Soltan M\u0259mm\u0259dov i\u015ftirak ed\u0259c\u0259kl\u0259r. Deputatlar iclaslarda m\u00fczakir\u0259 olunacaq m\u0259s\u0259l\u0259l\u0259r\u0259 Az\u0259rbaycan t\u0259r\u0259finin m\u00f6vqeyini bildir\u0259c\u0259kl\u0259r.<\/p>\n","protected":false},"author":2,"featured_media":441594,"comment_status":"closed","ping_status":"closed","sticky":false,"template":"","format":"standard","meta":{"om_disable_all_campaigns":false,"_monsterinsights_skip_tracking":false,"_monsterinsights_sitenote_active":false,"_monsterinsights_sitenote_note":"","_monsterinsights_sitenote_category":0},"categories":[4],"tags":[],"aioseo_notices":[],"gutentor_comment":0,"rttpg_featured_image_url":{"full":["https:\/\/arantv.az\/wp-content\/uploads\/2022\/02\/b24d2101164542570354253239710975278.jpg",975,540,false],"landscape":["https:\/\/arantv.az\/wp-content\/uploads\/2022\/02\/b24d2101164542570354253239710975278.jpg",975,540,false],"portraits":["https:\/\/arantv.az\/wp-content\/uploads\/2022\/02\/b24d2101164542570354253239710975278.jpg",975,540,false],"thumbnail":["https:\/\/arantv.az\/wp-content\/uploads\/2022\/02\/b24d2101164542570354253239710975278-500x280.jpg",500,280,true],"medium":["https:\/\/arantv.az\/wp-content\/uploads\/2022\/02\/b24d2101164542570354253239710975278-660x365.jpg",660,365,true],"large":["https:\/\/arantv.az\/wp-content\/uploads\/2022\/02\/b24d2101164542570354253239710975278-840x465.jpg",640,354,true],"1536x1536":["https:\/\/arantv.az\/wp-content\/uploads\/2022\/02\/b24d2101164542570354253239710975278.jpg",975,540,false],"2048x2048":["https:\/\/arantv.az\/wp-content\/uploads\/2022\/02\/b24d2101164542570354253239710975278.jpg",975,540,false],"post-thumbnail":["https:\/\/arantv.az\/wp-content\/uploads\/2022\/02\/b24d2101164542570354253239710975278-240x172.jpg",240,172,true],"advps-thumb-one":["https:\/\/arantv.az\/wp-content\/uploads\/2022\/02\/b24d2101164542570354253239710975278.jpg",975,540,false]},"rttpg_author":{"display_name":"V\u00fcsal Rafiqo\u011flu","author_link":"https:\/\/arantv.az\/?author=2"},"rttpg_comment":0,"rttpg_category":"<a href=\"https:\/\/arantv.az\/?cat=4\" rel=\"category\">Siyas\u0259t<\/a>","rttpg_excerpt":"Fevral\u0131n 22-d\u0259 Erm\u0259nistan\u0131n paytaxt\u0131 Yerevanda AVRONEST Parlament Assambleyas\u0131n\u0131n komit\u0259 iclaslar\u0131 ke\u00e7iril\u0259c\u0259k. Milli M\u0259clisin M\u0259tbuat v\u0259\u00a0ictimaiyy\u0259tl\u0259 \u0259laq\u0259l\u0259r \u015f\u00f6b\u0259sind\u0259n\u00a0&#8220;\u0130ki sahil&#8221;\u0259 veril\u0259n x\u0259b\u0259r\u0259 g\u00f6r\u0259, t\u0259dbirl\u0259rd\u0259 Milli M\u0259clisin deputatlar\u0131, AVRONEST PA-da Az\u0259rbaycan n\u00fcmay\u0259nd\u0259 hey\u0259tinin \u00fczvl\u0259ri Tahir Mirki\u015fili v\u0259 Soltan M\u0259mm\u0259dov i\u015ftirak ed\u0259c\u0259kl\u0259r. Deputatlar iclaslarda m\u00fczakir\u0259 olunacaq m\u0259s\u0259l\u0259l\u0259r\u0259 Az\u0259rbaycan t\u0259r\u0259finin m\u00f6vqeyini bildir\u0259c\u0259kl\u0259r.","_links":{"self":[{"href":"https:\/\/arantv.az\/index.php?rest_route=\/wp\/v2\/posts\/441593"}],"collection":[{"href":"https:\/\/arantv.az\/index.php?rest_route=\/wp\/v2\/posts"}],"about":[{"href":"https:\/\/arantv.az\/index.php?rest_route=\/wp\/v2\/types\/post"}],"author":[{"embeddable":true,"href":"https:\/\/arantv.az\/index.php?rest_route=\/wp\/v2\/users\/2"}],"replies":[{"embeddable":true,"href":"https:\/\/arantv.az\/index.php?rest_route=%2Fwp%2Fv2%2Fcomments&post=441593"}],"version-history":[{"count":0,"href":"https:\/\/arantv.az\/index.php?rest_route=\/wp\/v2\/posts\/441593\/revisions"}],"wp:featuredmedia":[{"embeddable":true,"href":"https:\/\/arantv.az\/index.php?rest_route=\/wp\/v2\/media\/441594"}],"wp:attachment":[{"href":"https:\/\/arantv.az\/index.php?rest_route=%2Fwp%2Fv2%2Fmedia&parent=441593"}],"wp:term":[{"taxonomy":"category","embeddable":true,"href":"https:\/\/arantv.az\/index.php?rest_route=%2Fwp%2Fv2%2Fcategories&post=441593"},{"taxonomy":"post_tag","embeddable":true,"href":"https:\/\/arantv.az\/index.php?rest_route=%2Fwp%2Fv2%2Ftags&post=441593"}],"curies":[{"name":"wp","href":"https:\/\/api.w.org\/{rel}","templated":true}]}}