{"id":441596,"date":"2022-02-21T09:49:42","date_gmt":"2022-02-21T06:49:42","guid":{"rendered":"http:\/\/arantv.az\/?p=441596"},"modified":"2022-02-21T09:52:38","modified_gmt":"2022-02-21T06:52:38","slug":"erm%c9%99nistan-xin-in-b%c9%99yanati-bu-olk%c9%99nin-son-hadis%c9%99l%c9%99rd%c9%99n-h%c9%99l%c9%99-d%c9%99-d%c9%99rs-cixarmadigini-gost%c9%99rir","status":"publish","type":"post","link":"https:\/\/arantv.az\/?p=441596","title":{"rendered":"Az\u0259rbaycandan Erm\u0259nistana X\u018fB\u018fRDARLIQ"},"content":{"rendered":"<div class=\"content lead font-weight-normal\">\n<p>Erm\u0259nistan Xarici \u0130\u015fl\u0259r Nazirliyinin (X\u0130N) Az\u0259rbaycan SSR-in Da\u011fl\u0131q Qaraba\u011f Muxtar Vilay\u0259tinin (DQMV) radikal erm\u0259nil\u0259rinin aqressiv separat\u00e7\u0131l\u0131\u011f\u0131n\u0131n \u0259sas\u0131n\u0131 qoyan 20 fevral 1988-ci il tarixli qeyri-qanuni q\u0259rar\u0131n\u0131 d\u0259st\u0259kl\u0259y\u0259n b\u0259yanat\u0131 q\u0259tiyy\u0259tl\u0259 q\u0131nay\u0131r\u0131q.<\/p>\n<p>Xarici \u0130\u015fl\u0259r Nazirliyinin M\u0259tbuat xidm\u0259ti idar\u0259sind\u0259n\u00a0&#8220;\u0130ki sahil&#8221;\u0259 bildirilib ki, s\u00f6z\u00fcged\u0259n qondarma q\u0259rar SSR\u0130 Konstitusiyas\u0131na, DQMV haqq\u0131nda 1981-ci il Qanununa, habel\u0259 b\u00fct\u00fcn dig\u0259r m\u00fcvafiq normativ h\u00fcquqi aktlara ziddiyy\u0259t t\u0259\u015fkil edib.<\/p>\n<p>&#8220;Erm\u0259nistan\u0131n aqressiv erm\u0259ni separat\u00e7\u0131lar\u0131n\u0131 d\u0259st\u0259kl\u0259m\u0259si v\u0259 Az\u0259rbaycana qar\u015f\u0131 \u0259razi iddialar\u0131ndan \u00e7\u0131x\u0131\u015f ed\u0259r\u0259k t\u0259cav\u00fczkar siyas\u0259t h\u0259yata ke\u00e7irm\u0259si Az\u0259rbaycan\u0131n \u0259razil\u0259rinin bir hiss\u0259sinin 30 il\u0259 yax\u0131n h\u0259rbi i\u015f\u011fal alt\u0131nda qalmas\u0131na, bu torpaqlarda qanl\u0131 etnik t\u0259mizl\u0259m\u0259y\u0259, bir milyon az\u0259rbaycanl\u0131n\u0131n fundamental h\u00fcquqlar\u0131n\u0131n pozulmas\u0131na s\u0259b\u0259b olub.<\/p>\n<p>Erm\u0259nistan X\u0130N-in \u201cdir\u00e7\u0259li\u015f\u201d kimi qiym\u0259tl\u0259ndirdiyi aqressiv separat\u00e7\u0131l\u0131q b\u00f6lg\u0259d\u0259 onillikl\u0259r \u0259rzind\u0259 davam ed\u0259n geni\u015f miqyasl\u0131 f\u0259lak\u0259t\u0259 g\u0259tirib \u00e7\u0131xar\u0131b. Bu v\u0259ziyy\u0259t b\u00f6lg\u0259nin uzun ill\u0259r \u0259rzind\u0259 s\u00fclh v\u0259 t\u0259hl\u00fck\u0259sizlik \u015f\u0259raitind\u0259 inki\u015faf\u0131na ciddi \u0259ng\u0259l t\u00f6r\u0259dib.<\/p>\n<p>Haz\u0131rda b\u00f6lg\u0259d\u0259 beyn\u0259lxalq h\u00fcququn b\u0259rq\u0259rar oldu\u011fu v\u0259 iki d\u00f6vl\u0259t aras\u0131nda m\u00fcnasib\u0259tl\u0259rin normalla\u015fmas\u0131 istiqam\u0259tind\u0259 c\u0259hdl\u0259rin edildiyi bir vaxtda Erm\u0259nistan X\u0130N-in xalqlararas\u0131 nifaq\u0131 t\u0259\u015fviq ed\u0259n b\u0259yanatla \u00e7\u0131x\u0131\u015f etm\u0259si bir t\u0259r\u0259fd\u0259n bu \u00f6lk\u0259nin m\u0259suliyy\u0259tsiz davran\u0131\u015f\u0131n\u0131, dig\u0259r t\u0259r\u0259fd\u0259n is\u0259 ba\u015f ver\u0259n son hadis\u0259l\u0259rd\u0259n h\u0259l\u0259 d\u0259 d\u0259rs \u00e7\u0131xarmad\u0131\u011f\u0131n\u0131 g\u00f6st\u0259rir.<\/p>\n<p>Erm\u0259nistan X\u0130N-in n\u0259z\u0259rin\u0259 \u00e7atd\u0131r\u0131r\u0131q ki, bel\u0259 bir destruktiv yana\u015fman\u0131n he\u00e7 bir g\u0259l\u0259c\u0259yi yoxdur&#8221;, &#8211; qeyd olunub.<\/p>\n<div class=\"clearfix\"><\/div>\n<\/div>\n<div class=\"sharing my-2 row no-gutters d-print-none\">\n<div class=\"col-md-3\"><\/div>\n<\/div>\n","protected":false},"excerpt":{"rendered":"<p>Erm\u0259nistan Xarici \u0130\u015fl\u0259r Nazirliyinin (X\u0130N) Az\u0259rbaycan SSR-in Da\u011fl\u0131q Qaraba\u011f Muxtar Vilay\u0259tinin (DQMV) radikal erm\u0259nil\u0259rinin aqressiv separat\u00e7\u0131l\u0131\u011f\u0131n\u0131n \u0259sas\u0131n\u0131 qoyan 20 fevral 1988-ci il tarixli qeyri-qanuni q\u0259rar\u0131n\u0131 d\u0259st\u0259kl\u0259y\u0259n b\u0259yanat\u0131 q\u0259tiyy\u0259tl\u0259 q\u0131nay\u0131r\u0131q. Xarici \u0130\u015fl\u0259r Nazirliyinin M\u0259tbuat xidm\u0259ti idar\u0259sind\u0259n\u00a0&#8220;\u0130ki sahil&#8221;\u0259 bildirilib ki, s\u00f6z\u00fcged\u0259n qondarma q\u0259rar SSR\u0130 Konstitusiyas\u0131na, DQMV haqq\u0131nda 1981-ci il Qanununa, habel\u0259 b\u00fct\u00fcn dig\u0259r m\u00fcvafiq normativ h\u00fcquqi aktlara ziddiyy\u0259t t\u0259\u015fkil edib. &#8220;Erm\u0259nistan\u0131n aqressiv erm\u0259ni separat\u00e7\u0131lar\u0131n\u0131 d\u0259st\u0259kl\u0259m\u0259si v\u0259 Az\u0259rbaycana qar\u015f\u0131 \u0259razi iddialar\u0131ndan \u00e7\u0131x\u0131\u015f ed\u0259r\u0259k t\u0259cav\u00fczkar siyas\u0259t h\u0259yata ke\u00e7irm\u0259si Az\u0259rbaycan\u0131n \u0259razil\u0259rinin bir hiss\u0259sinin 30 il\u0259 yax\u0131n h\u0259rbi i\u015f\u011fal alt\u0131nda qalmas\u0131na, bu torpaqlarda qanl\u0131 etnik t\u0259mizl\u0259m\u0259y\u0259,&hellip;<\/p>\n","protected":false},"author":2,"featured_media":441597,"comment_status":"closed","ping_status":"closed","sticky":false,"template":"","format":"standard","meta":{"om_disable_all_campaigns":false,"_monsterinsights_skip_tracking":false,"_monsterinsights_sitenote_active":false,"_monsterinsights_sitenote_note":"","_monsterinsights_sitenote_category":0},"categories":[4],"tags":[],"aioseo_notices":[],"gutentor_comment":0,"rttpg_featured_image_url":{"full":["https:\/\/arantv.az\/wp-content\/uploads\/2022\/02\/274e6fcf163482177366524731710685529-4.jpg",975,540,false],"landscape":["https:\/\/arantv.az\/wp-content\/uploads\/2022\/02\/274e6fcf163482177366524731710685529-4.jpg",975,540,false],"portraits":["https:\/\/arantv.az\/wp-content\/uploads\/2022\/02\/274e6fcf163482177366524731710685529-4.jpg",975,540,false],"thumbnail":["https:\/\/arantv.az\/wp-content\/uploads\/2022\/02\/274e6fcf163482177366524731710685529-4-500x280.jpg",500,280,true],"medium":["https:\/\/arantv.az\/wp-content\/uploads\/2022\/02\/274e6fcf163482177366524731710685529-4-660x365.jpg",660,365,true],"large":["https:\/\/arantv.az\/wp-content\/uploads\/2022\/02\/274e6fcf163482177366524731710685529-4-840x465.jpg",640,354,true],"1536x1536":["https:\/\/arantv.az\/wp-content\/uploads\/2022\/02\/274e6fcf163482177366524731710685529-4.jpg",975,540,false],"2048x2048":["https:\/\/arantv.az\/wp-content\/uploads\/2022\/02\/274e6fcf163482177366524731710685529-4.jpg",975,540,false],"post-thumbnail":["https:\/\/arantv.az\/wp-content\/uploads\/2022\/02\/274e6fcf163482177366524731710685529-4-240x172.jpg",240,172,true],"advps-thumb-one":["https:\/\/arantv.az\/wp-content\/uploads\/2022\/02\/274e6fcf163482177366524731710685529-4.jpg",975,540,false]},"rttpg_author":{"display_name":"V\u00fcsal Rafiqo\u011flu","author_link":"https:\/\/arantv.az\/?author=2"},"rttpg_comment":0,"rttpg_category":"<a href=\"https:\/\/arantv.az\/?cat=4\" rel=\"category\">Siyas\u0259t<\/a>","rttpg_excerpt":"Erm\u0259nistan Xarici \u0130\u015fl\u0259r Nazirliyinin (X\u0130N) Az\u0259rbaycan SSR-in Da\u011fl\u0131q Qaraba\u011f Muxtar Vilay\u0259tinin (DQMV) radikal erm\u0259nil\u0259rinin aqressiv separat\u00e7\u0131l\u0131\u011f\u0131n\u0131n \u0259sas\u0131n\u0131 qoyan 20 fevral 1988-ci il tarixli qeyri-qanuni q\u0259rar\u0131n\u0131 d\u0259st\u0259kl\u0259y\u0259n b\u0259yanat\u0131 q\u0259tiyy\u0259tl\u0259 q\u0131nay\u0131r\u0131q. Xarici \u0130\u015fl\u0259r Nazirliyinin M\u0259tbuat xidm\u0259ti idar\u0259sind\u0259n\u00a0&#8220;\u0130ki sahil&#8221;\u0259 bildirilib ki, s\u00f6z\u00fcged\u0259n qondarma q\u0259rar SSR\u0130 Konstitusiyas\u0131na, DQMV haqq\u0131nda 1981-ci il Qanununa, habel\u0259 b\u00fct\u00fcn dig\u0259r m\u00fcvafiq normativ h\u00fcquqi aktlara&hellip;","_links":{"self":[{"href":"https:\/\/arantv.az\/index.php?rest_route=\/wp\/v2\/posts\/441596"}],"collection":[{"href":"https:\/\/arantv.az\/index.php?rest_route=\/wp\/v2\/posts"}],"about":[{"href":"https:\/\/arantv.az\/index.php?rest_route=\/wp\/v2\/types\/post"}],"author":[{"embeddable":true,"href":"https:\/\/arantv.az\/index.php?rest_route=\/wp\/v2\/users\/2"}],"replies":[{"embeddable":true,"href":"https:\/\/arantv.az\/index.php?rest_route=%2Fwp%2Fv2%2Fcomments&post=441596"}],"version-history":[{"count":0,"href":"https:\/\/arantv.az\/index.php?rest_route=\/wp\/v2\/posts\/441596\/revisions"}],"wp:featuredmedia":[{"embeddable":true,"href":"https:\/\/arantv.az\/index.php?rest_route=\/wp\/v2\/media\/441597"}],"wp:attachment":[{"href":"https:\/\/arantv.az\/index.php?rest_route=%2Fwp%2Fv2%2Fmedia&parent=441596"}],"wp:term":[{"taxonomy":"category","embeddable":true,"href":"https:\/\/arantv.az\/index.php?rest_route=%2Fwp%2Fv2%2Fcategories&post=441596"},{"taxonomy":"post_tag","embeddable":true,"href":"https:\/\/arantv.az\/index.php?rest_route=%2Fwp%2Fv2%2Ftags&post=441596"}],"curies":[{"name":"wp","href":"https:\/\/api.w.org\/{rel}","templated":true}]}}