{"id":441611,"date":"2022-02-21T10:01:16","date_gmt":"2022-02-21T07:01:16","guid":{"rendered":"http:\/\/arantv.az\/?p=441611"},"modified":"2022-02-21T10:01:16","modified_gmt":"2022-02-21T07:01:16","slug":"yeni-icra-bascisi-sob%c9%99-mudirini-isd%c9%99n-cixardi","status":"publish","type":"post","link":"https:\/\/arantv.az\/?p=441611","title":{"rendered":"Yeni icra ba\u015f\u00e7\u0131s\u0131 \u015f\u00f6b\u0259 m\u00fcdirini \u0130\u015eD\u018fN \u00c7IXARDI"},"content":{"rendered":"<p><strong>N\u0259rimanov Rayon \u0130cra Hakimiyy\u0259tinin \u015f\u00f6b\u0259 m\u00fcdiri v\u0259zif\u0259sind\u0259n azad edilib.<\/strong><\/p>\n<p><strong>ARANTV.AZ<\/strong>\u00a0 bildirir ki, &#8220;Unikal&#8221;\u0131n \u0259ld\u0259 etdiyi m\u0259lumata g\u00f6r\u0259, bununla ba\u011fl\u0131 icra ba\u015f\u00e7\u0131s\u0131 Elgin H\u0259bibullayev \u0259mr imzalay\u0131b.<\/p>\n<p>\u018fmr\u0259 \u0259sas\u0259n, R\u0130H-nin ictimai-siyasi v\u0259 humanitar m\u0259s\u0259l\u0259l\u0259r \u015f\u00f6b\u0259sinin m\u00fcdiri Nurlan H\u0259s\u0259nov i\u015fd\u0259n \u00e7\u0131xar\u0131l\u0131b.<\/p>\n<p>H\u0259l\u0259lik onun yerin\u0259 t\u0259yinat yoxdur.Qeyd ed\u0259k ki, E.H\u0259bibullayev fevral ay\u0131n\u0131n 18-d\u0259\u00a0Bak\u0131 \u015f\u0259h\u0259ri N\u0259rimanov Rayon \u0130cra Hakimiyy\u0259tinin ba\u015f\u00e7\u0131s\u0131 t\u0259yin edilib.<\/p>\n","protected":false},"excerpt":{"rendered":"<p>N\u0259rimanov Rayon \u0130cra Hakimiyy\u0259tinin \u015f\u00f6b\u0259 m\u00fcdiri v\u0259zif\u0259sind\u0259n azad edilib. ARANTV.AZ\u00a0 bildirir ki, &#8220;Unikal&#8221;\u0131n \u0259ld\u0259 etdiyi m\u0259lumata g\u00f6r\u0259, bununla ba\u011fl\u0131 icra ba\u015f\u00e7\u0131s\u0131 Elgin H\u0259bibullayev \u0259mr imzalay\u0131b. \u018fmr\u0259 \u0259sas\u0259n, R\u0130H-nin ictimai-siyasi v\u0259 humanitar m\u0259s\u0259l\u0259l\u0259r \u015f\u00f6b\u0259sinin m\u00fcdiri Nurlan H\u0259s\u0259nov i\u015fd\u0259n \u00e7\u0131xar\u0131l\u0131b. H\u0259l\u0259lik onun yerin\u0259 t\u0259yinat yoxdur.Qeyd ed\u0259k ki, E.H\u0259bibullayev fevral ay\u0131n\u0131n 18-d\u0259\u00a0Bak\u0131 \u015f\u0259h\u0259ri N\u0259rimanov Rayon \u0130cra Hakimiyy\u0259tinin ba\u015f\u00e7\u0131s\u0131 t\u0259yin edilib.<\/p>\n","protected":false},"author":2,"featured_media":441612,"comment_status":"closed","ping_status":"closed","sticky":false,"template":"","format":"standard","meta":{"om_disable_all_campaigns":false,"_monsterinsights_skip_tracking":false,"_monsterinsights_sitenote_active":false,"_monsterinsights_sitenote_note":"","_monsterinsights_sitenote_category":0},"categories":[1],"tags":[],"aioseo_notices":[],"gutentor_comment":0,"rttpg_featured_image_url":{"full":["https:\/\/arantv.az\/wp-content\/uploads\/2022\/02\/1021242.jpg",800,600,false],"landscape":["https:\/\/arantv.az\/wp-content\/uploads\/2022\/02\/1021242.jpg",800,600,false],"portraits":["https:\/\/arantv.az\/wp-content\/uploads\/2022\/02\/1021242.jpg",800,600,false],"thumbnail":["https:\/\/arantv.az\/wp-content\/uploads\/2022\/02\/1021242-500x280.jpg",500,280,true],"medium":["https:\/\/arantv.az\/wp-content\/uploads\/2022\/02\/1021242-487x365.jpg",487,365,true],"large":["https:\/\/arantv.az\/wp-content\/uploads\/2022\/02\/1021242.jpg",640,480,false],"1536x1536":["https:\/\/arantv.az\/wp-content\/uploads\/2022\/02\/1021242.jpg",800,600,false],"2048x2048":["https:\/\/arantv.az\/wp-content\/uploads\/2022\/02\/1021242.jpg",800,600,false],"post-thumbnail":["https:\/\/arantv.az\/wp-content\/uploads\/2022\/02\/1021242-240x172.jpg",240,172,true],"advps-thumb-one":["https:\/\/arantv.az\/wp-content\/uploads\/2022\/02\/1021242.jpg",800,600,false]},"rttpg_author":{"display_name":"V\u00fcsal Rafiqo\u011flu","author_link":"https:\/\/arantv.az\/?author=2"},"rttpg_comment":0,"rttpg_category":"<a href=\"https:\/\/arantv.az\/?cat=1\" rel=\"category\">C\u0259miyy\u0259t<\/a>","rttpg_excerpt":"N\u0259rimanov Rayon \u0130cra Hakimiyy\u0259tinin \u015f\u00f6b\u0259 m\u00fcdiri v\u0259zif\u0259sind\u0259n azad edilib. ARANTV.AZ\u00a0 bildirir ki, &#8220;Unikal&#8221;\u0131n \u0259ld\u0259 etdiyi m\u0259lumata g\u00f6r\u0259, bununla ba\u011fl\u0131 icra ba\u015f\u00e7\u0131s\u0131 Elgin H\u0259bibullayev \u0259mr imzalay\u0131b. \u018fmr\u0259 \u0259sas\u0259n, R\u0130H-nin ictimai-siyasi v\u0259 humanitar m\u0259s\u0259l\u0259l\u0259r \u015f\u00f6b\u0259sinin m\u00fcdiri Nurlan H\u0259s\u0259nov i\u015fd\u0259n \u00e7\u0131xar\u0131l\u0131b. H\u0259l\u0259lik onun yerin\u0259 t\u0259yinat yoxdur.Qeyd ed\u0259k ki, E.H\u0259bibullayev fevral ay\u0131n\u0131n 18-d\u0259\u00a0Bak\u0131 \u015f\u0259h\u0259ri N\u0259rimanov Rayon \u0130cra Hakimiyy\u0259tinin ba\u015f\u00e7\u0131s\u0131&hellip;","_links":{"self":[{"href":"https:\/\/arantv.az\/index.php?rest_route=\/wp\/v2\/posts\/441611"}],"collection":[{"href":"https:\/\/arantv.az\/index.php?rest_route=\/wp\/v2\/posts"}],"about":[{"href":"https:\/\/arantv.az\/index.php?rest_route=\/wp\/v2\/types\/post"}],"author":[{"embeddable":true,"href":"https:\/\/arantv.az\/index.php?rest_route=\/wp\/v2\/users\/2"}],"replies":[{"embeddable":true,"href":"https:\/\/arantv.az\/index.php?rest_route=%2Fwp%2Fv2%2Fcomments&post=441611"}],"version-history":[{"count":0,"href":"https:\/\/arantv.az\/index.php?rest_route=\/wp\/v2\/posts\/441611\/revisions"}],"wp:featuredmedia":[{"embeddable":true,"href":"https:\/\/arantv.az\/index.php?rest_route=\/wp\/v2\/media\/441612"}],"wp:attachment":[{"href":"https:\/\/arantv.az\/index.php?rest_route=%2Fwp%2Fv2%2Fmedia&parent=441611"}],"wp:term":[{"taxonomy":"category","embeddable":true,"href":"https:\/\/arantv.az\/index.php?rest_route=%2Fwp%2Fv2%2Fcategories&post=441611"},{"taxonomy":"post_tag","embeddable":true,"href":"https:\/\/arantv.az\/index.php?rest_route=%2Fwp%2Fv2%2Ftags&post=441611"}],"curies":[{"name":"wp","href":"https:\/\/api.w.org\/{rel}","templated":true}]}}