{"id":441632,"date":"2022-02-21T12:13:45","date_gmt":"2022-02-21T09:13:45","guid":{"rendered":"http:\/\/arantv.az\/?p=441632"},"modified":"2022-02-21T12:13:45","modified_gmt":"2022-02-21T09:13:45","slug":"ilham-%c9%99liyev-avropa-ittifaqinin-c%c9%99nubi-qafqaz-uzr%c9%99-xususi-numay%c9%99nd%c9%99sini-q%c9%99bul-etdi-yenil%c9%99nib","status":"publish","type":"post","link":"https:\/\/arantv.az\/?p=441632","title":{"rendered":"\u0130lham \u018fliyev Avropa \u0130ttifaq\u0131n\u0131n C\u0259nubi Qafqaz \u00fczr\u0259 x\u00fcsusi n\u00fcmay\u0259nd\u0259sini q\u0259bul etdi &#8211; YEN\u0130L\u018fN\u0130B"},"content":{"rendered":"<p>Az\u0259rbaycan Respublikas\u0131n\u0131n Prezidenti \u0130lham \u018fliyev fevral\u0131n 21-d\u0259 Avropa \u0130ttifaq\u0131n\u0131n C\u0259nubi Qafqaz \u00fczr\u0259 x\u00fcsusi n\u00fcmay\u0259nd\u0259si Toivo Klaar\u0131n ba\u015f\u00e7\u0131l\u0131q etdiyi n\u00fcmay\u0259nd\u0259 hey\u0259tini q\u0259bul edib.<\/p>\n<p>AZ\u018fRTAC x\u0259b\u0259r verir ki, Prezident \u0130lham \u018fliyev Az\u0259rbaycan il\u0259 Avropa \u0130ttifaq\u0131 aras\u0131nda \u0259laq\u0259l\u0259rin u\u011furla inki\u015faf etdiyini qeyd edib. Avropa \u0130ttifaq\u0131 il\u0259 Az\u0259rbaycan aras\u0131nda konstruktiv dialoqun m\u00f6vcud oldu\u011funu s\u00f6yl\u0259y\u0259n d\u00f6vl\u0259timizin ba\u015f\u00e7\u0131s\u0131 Avropa \u0130ttifaq\u0131 \u015euras\u0131n\u0131n Prezidenti \u015earl Mi\u015fel il\u0259 m\u00fcnt\u0259z\u0259m dialoq apard\u0131\u011f\u0131n\u0131 xat\u0131rlad\u0131b. Prezident \u0130lham \u018fliyev Prezident \u015earl Mi\u015felin Az\u0259rbaycan-Avropa \u0130ttifaq\u0131 m\u00fcnasib\u0259tl\u0259rin\u0259, h\u0259m\u00e7inin Erm\u0259nistan-Az\u0259rbaycan \u0259laq\u0259l\u0259rinin normalla\u015fmas\u0131na t\u00f6hf\u0259sini m\u00fcsb\u0259t qiym\u0259tl\u0259ndirdiyini vur\u011fulay\u0131b.<\/p>\n<div class=\"AdviadNativeVideo\"><\/div>\n<p>Toivo Klaar Az\u0259rbaycan-Avropa \u0130ttifaq\u0131 m\u00fcnasib\u0259tl\u0259rinin inki\u015faf\u0131ndan m\u0259mnunlu\u011funu ifad\u0259 edib. C\u0259nub Qaz D\u0259hlizi M\u0259\u015fv\u0259r\u0259t \u015euras\u0131n\u0131n iclas\u0131nda i\u015ftirak etm\u0259k v\u0259 Az\u0259rbaycan- Avropa \u0130ttifaq\u0131 \u0259laq\u0259l\u0259rin\u0259 dair m\u00fczakir\u0259l\u0259r aparmaq \u00fc\u00e7\u00fcn A\u0130-nin iki komissar\u0131n\u0131n bu yax\u0131nlarda Az\u0259rbaycana s\u0259f\u0259r etdiyini xat\u0131rladan x\u00fcsusi n\u00fcmay\u0259nd\u0259 s\u0259f\u0259r \u00e7\u0259r\u00e7iv\u0259sind\u0259 \u00e7ox s\u0259m\u0259r\u0259li m\u00fczakir\u0259l\u0259rin apar\u0131ld\u0131\u011f\u0131n\u0131 deyib. Toivo Klaar da Prezident \u015earl Mi\u015felin Az\u0259rbaycan-Avropa \u0130ttifaq\u0131 m\u00fcnasib\u0259tl\u0259rin\u0259, h\u0259m\u00e7inin Erm\u0259nistan-Az\u0259rbaycan \u0259laq\u0259l\u0259rinin normalla\u015fmas\u0131na \u00f6n\u0259mli d\u0259st\u0259k verdiyini bildirib. O, h\u0259m\u00e7inin Az\u0259rbaycan il\u0259 Avropa \u0130ttifaq\u0131 aras\u0131nda \u0259m\u0259kda\u015fl\u0131\u011fa dair yeni sazi\u015f \u00fczr\u0259 dan\u0131\u015f\u0131qlar\u0131n tezlikl\u0259 yekunla\u015faca\u011f\u0131na \u00fcmidvar oldu\u011funu deyib.<\/p>\n<p>Prezident \u0130lham \u018fliyev A\u0130-nin iki komissar\u0131n\u0131n C\u0259nub Qaz D\u0259hlizi M\u0259\u015fv\u0259r\u0259t \u015euras\u0131n\u0131n iclas\u0131nda i\u015ftirak\u0131n\u0131n m\u00fcsb\u0259t qiym\u0259tl\u0259ndirdiyini v\u0259 bunun Avropa \u0130ttifaq\u0131n\u0131n Az\u0259rbaycan il\u0259 m\u00fcnasib\u0259tl\u0259r\u0259 verdiyi \u00f6n\u0259min ifad\u0259si oldu\u011funu bildirib. D\u00f6vl\u0259timizin ba\u015f\u00e7\u0131s\u0131 Az\u0259rbaycan-Avropa \u0130ttifaq\u0131 \u0259laq\u0259l\u0259rinin \u015fax\u0259l\u0259ndirilmi\u015f xarakter ald\u0131\u011f\u0131n\u0131 v\u0259 bir \u00e7ox sah\u0259l\u0259ri \u0259hat\u0259 etdiyini diqq\u0259t\u0259 \u00e7atd\u0131r\u0131b. Prezident \u0130lham \u018fliyev Avropa \u0130ttifaq\u0131n\u0131n qon\u015fuluq v\u0259 geni\u015fl\u0259nm\u0259 \u00fczr\u0259 komissar\u0131 Oliver Varhelyinin b\u0259yan etdiyi kimi Az\u0259rbaycana m\u00fcxt\u0259lif layih\u0259l\u0259rin d\u0259st\u0259kl\u0259nm\u0259si \u00fc\u00e7\u00fcn iki milyard avro d\u0259y\u0259rind\u0259 g\u00fcz\u0259\u015ftli kredit x\u0259ttini ayr\u0131lmas\u0131n\u0131n da \u0259laq\u0259l\u0259rimizin m\u00fcsb\u0259t inki\u015faf\u0131n\u0131n g\u00f6st\u0259ricisi oldu\u011funu bildirib.<\/p>\n<p>D\u00f6vl\u0259timizin ba\u015f\u00e7\u0131s\u0131 \u00f6t\u0259n ilin dekabr\u0131nda Prezident \u015earl Mi\u015felin t\u0259\u015f\u0259bb\u00fcs\u00fc il\u0259 Br\u00fcsseld\u0259 Erm\u0259nistan\u0131n ba\u015f nazirinin d\u0259 i\u015ftirak\u0131 il\u0259 ke\u00e7iril\u0259n g\u00f6r\u00fc\u015f\u00fcn \u0259h\u0259miyy\u0259tini vur\u011fulay\u0131b. Br\u00fcssel g\u00fcnd\u0259liyinin \u00f6n\u0259mini diqq\u0259t\u0259 \u00e7atd\u0131ran Prezident \u0130lham \u018fliyev bu x\u00fcsusda m\u00fczakir\u0259l\u0259rin v\u0259 praktiki i\u015fin apar\u0131lmas\u0131n\u0131n vacibliyini qeyd edib, h\u0259m\u00e7inin Az\u0259rbaycana minalar\u0131n t\u0259mizl\u0259nm\u0259si prosesind\u0259 veril\u0259c\u0259k d\u0259st\u0259yin t\u0259qdir olundu\u011funu deyib. D\u00f6vl\u0259timizin ba\u015f\u00e7\u0131s\u0131 Avropa \u0130ttifaq\u0131 il\u0259 Az\u0259rbaycan aras\u0131nda \u0259m\u0259kda\u015fl\u0131\u011fa dair sazi\u015f \u00fczr\u0259 dan\u0131\u015f\u0131qlar\u0131n intensiv \u015f\u0259kild\u0259 apar\u0131lmas\u0131 v\u0259 onun tez bir zamanda yekunla\u015fd\u0131r\u0131lmas\u0131 \u00fc\u00e7\u00fcn m\u00fcvafiq qurumlara tap\u015f\u0131r\u0131qlar\u0131n verildiyini diqq\u0259t\u0259 \u00e7atd\u0131r\u0131b. Birinci Erm\u0259nistan-Az\u0259rbaycan m\u00fcharib\u0259si zaman\u0131 d\u00f6rd mind\u0259n art\u0131q insan\u0131n itkin d\u00fc\u015fd\u00fcy\u00fcn\u00fc xat\u0131rladan Prezident \u0130lham \u018fliyev \u00f6t\u0259n il Br\u00fcsseld\u0259 v\u0259 cari il fevral\u0131n 4-d\u0259 Fransa Respublikas\u0131n\u0131n Prezidenti Emmanuel Makronun t\u0259\u015f\u0259bb\u00fcs\u00fc il\u0259 d\u00f6rdl\u00fc formatda ke\u00e7iril\u0259n g\u00f6r\u00fc\u015fl\u0259rin n\u0259tic\u0259si olaraq itkin d\u00fc\u015fm\u00fc\u015f \u015f\u0259xsl\u0259rin taleyinin v\u0259 onlar\u0131n basd\u0131r\u0131ld\u0131\u011f\u0131 k\u00fctl\u0259vi m\u0259zarl\u0131qlar\u0131n m\u00fc\u0259yy\u0259n edilm\u0259si m\u0259s\u0259l\u0259sind\u0259 Erm\u0259nistan t\u0259r\u0259finin konstruktiv formada davranmas\u0131n\u0131n vacibliyini diqq\u0259t\u0259 \u00e7atd\u0131r\u0131b.<\/p>\n<p>G\u00f6r\u00fc\u015fd\u0259, h\u0259m\u00e7inin Erm\u0259nistan-Az\u0259rbaycan aras\u0131nda kommunikasiyalar\u0131n b\u0259rpas\u0131, s\u0259rh\u0259dl\u0259rin delimitasiyas\u0131 v\u0259 dig\u0259r prinsipial m\u0259s\u0259l\u0259l\u0259r\u0259 dair \u0259trafl\u0131 fikir m\u00fcbadil\u0259si apar\u0131l\u0131b.<\/p>\n<p><strong>10:53<\/strong><\/p>\n<p>Az\u0259rbaycan Respublikas\u0131n\u0131n Prezidenti \u0130lham \u018fliyev fevral\u0131n 21-d\u0259 Avropa \u0130ttifaq\u0131n\u0131n C\u0259nubi Qafqaz \u00fczr\u0259 x\u00fcsusi n\u00fcmay\u0259nd\u0259si Toivo Klaar\u0131n ba\u015f\u00e7\u0131l\u0131q etdiyi n\u00fcmay\u0259nd\u0259 hey\u0259tini q\u0259bul edib.<\/p>\n<p>Bununla ba\u011fl\u0131\u00a0<a href=\"https:\/\/azertag.az\/xeber\/Prezident_Ilham_Aliyev_Avropa_Ittifaqinin_Cenubi_Qafqaz_uzre_xususi_numayendesinin_baschiliq_etdiyi_numayende_heyetini_qebul_edib_YENILANACAK-2021768\" target=\"_blank\" rel=\"noopener\">AZ\u018fRTAC<\/a>\u00a0m\u0259lumat yay\u0131b.<\/p>\n","protected":false},"excerpt":{"rendered":"<p>Az\u0259rbaycan Respublikas\u0131n\u0131n Prezidenti \u0130lham \u018fliyev fevral\u0131n 21-d\u0259 Avropa \u0130ttifaq\u0131n\u0131n C\u0259nubi Qafqaz \u00fczr\u0259 x\u00fcsusi n\u00fcmay\u0259nd\u0259si Toivo Klaar\u0131n ba\u015f\u00e7\u0131l\u0131q etdiyi n\u00fcmay\u0259nd\u0259 hey\u0259tini q\u0259bul edib. AZ\u018fRTAC x\u0259b\u0259r verir ki, Prezident \u0130lham \u018fliyev Az\u0259rbaycan il\u0259 Avropa \u0130ttifaq\u0131 aras\u0131nda \u0259laq\u0259l\u0259rin u\u011furla inki\u015faf etdiyini qeyd edib. Avropa \u0130ttifaq\u0131 il\u0259 Az\u0259rbaycan aras\u0131nda konstruktiv dialoqun m\u00f6vcud oldu\u011funu s\u00f6yl\u0259y\u0259n d\u00f6vl\u0259timizin ba\u015f\u00e7\u0131s\u0131 Avropa \u0130ttifaq\u0131 \u015euras\u0131n\u0131n Prezidenti \u015earl Mi\u015fel il\u0259 m\u00fcnt\u0259z\u0259m dialoq apard\u0131\u011f\u0131n\u0131 xat\u0131rlad\u0131b. Prezident \u0130lham \u018fliyev Prezident \u015earl Mi\u015felin Az\u0259rbaycan-Avropa \u0130ttifaq\u0131 m\u00fcnasib\u0259tl\u0259rin\u0259, h\u0259m\u00e7inin Erm\u0259nistan-Az\u0259rbaycan \u0259laq\u0259l\u0259rinin normalla\u015fmas\u0131na t\u00f6hf\u0259sini m\u00fcsb\u0259t qiym\u0259tl\u0259ndirdiyini vur\u011fulay\u0131b. Toivo Klaar Az\u0259rbaycan-Avropa \u0130ttifaq\u0131 m\u00fcnasib\u0259tl\u0259rinin inki\u015faf\u0131ndan m\u0259mnunlu\u011funu ifad\u0259 edib. C\u0259nub&hellip;<\/p>\n","protected":false},"author":2,"featured_media":441633,"comment_status":"closed","ping_status":"closed","sticky":false,"template":"","format":"standard","meta":{"om_disable_all_campaigns":false,"_monsterinsights_skip_tracking":false,"_monsterinsights_sitenote_active":false,"_monsterinsights_sitenote_note":"","_monsterinsights_sitenote_category":0},"categories":[4],"tags":[],"aioseo_notices":[],"gutentor_comment":0,"rttpg_featured_image_url":{"full":["https:\/\/arantv.az\/wp-content\/uploads\/2022\/02\/16454263631546513131_1000x669.jpg",620,412,false],"landscape":["https:\/\/arantv.az\/wp-content\/uploads\/2022\/02\/16454263631546513131_1000x669.jpg",620,412,false],"portraits":["https:\/\/arantv.az\/wp-content\/uploads\/2022\/02\/16454263631546513131_1000x669.jpg",620,412,false],"thumbnail":["https:\/\/arantv.az\/wp-content\/uploads\/2022\/02\/16454263631546513131_1000x669-500x280.jpg",500,280,true],"medium":["https:\/\/arantv.az\/wp-content\/uploads\/2022\/02\/16454263631546513131_1000x669-549x365.jpg",549,365,true],"large":["https:\/\/arantv.az\/wp-content\/uploads\/2022\/02\/16454263631546513131_1000x669.jpg",620,412,false],"1536x1536":["https:\/\/arantv.az\/wp-content\/uploads\/2022\/02\/16454263631546513131_1000x669.jpg",620,412,false],"2048x2048":["https:\/\/arantv.az\/wp-content\/uploads\/2022\/02\/16454263631546513131_1000x669.jpg",620,412,false],"post-thumbnail":["https:\/\/arantv.az\/wp-content\/uploads\/2022\/02\/16454263631546513131_1000x669-240x172.jpg",240,172,true],"advps-thumb-one":["https:\/\/arantv.az\/wp-content\/uploads\/2022\/02\/16454263631546513131_1000x669.jpg",620,412,false]},"rttpg_author":{"display_name":"V\u00fcsal Rafiqo\u011flu","author_link":"https:\/\/arantv.az\/?author=2"},"rttpg_comment":0,"rttpg_category":"<a href=\"https:\/\/arantv.az\/?cat=4\" rel=\"category\">Siyas\u0259t<\/a>","rttpg_excerpt":"Az\u0259rbaycan Respublikas\u0131n\u0131n Prezidenti \u0130lham \u018fliyev fevral\u0131n 21-d\u0259 Avropa \u0130ttifaq\u0131n\u0131n C\u0259nubi Qafqaz \u00fczr\u0259 x\u00fcsusi n\u00fcmay\u0259nd\u0259si Toivo Klaar\u0131n ba\u015f\u00e7\u0131l\u0131q etdiyi n\u00fcmay\u0259nd\u0259 hey\u0259tini q\u0259bul edib. AZ\u018fRTAC x\u0259b\u0259r verir ki, Prezident \u0130lham \u018fliyev Az\u0259rbaycan il\u0259 Avropa \u0130ttifaq\u0131 aras\u0131nda \u0259laq\u0259l\u0259rin u\u011furla inki\u015faf etdiyini qeyd edib. Avropa \u0130ttifaq\u0131 il\u0259 Az\u0259rbaycan aras\u0131nda konstruktiv dialoqun m\u00f6vcud oldu\u011funu s\u00f6yl\u0259y\u0259n d\u00f6vl\u0259timizin ba\u015f\u00e7\u0131s\u0131 Avropa \u0130ttifaq\u0131 \u015euras\u0131n\u0131n&hellip;","_links":{"self":[{"href":"https:\/\/arantv.az\/index.php?rest_route=\/wp\/v2\/posts\/441632"}],"collection":[{"href":"https:\/\/arantv.az\/index.php?rest_route=\/wp\/v2\/posts"}],"about":[{"href":"https:\/\/arantv.az\/index.php?rest_route=\/wp\/v2\/types\/post"}],"author":[{"embeddable":true,"href":"https:\/\/arantv.az\/index.php?rest_route=\/wp\/v2\/users\/2"}],"replies":[{"embeddable":true,"href":"https:\/\/arantv.az\/index.php?rest_route=%2Fwp%2Fv2%2Fcomments&post=441632"}],"version-history":[{"count":0,"href":"https:\/\/arantv.az\/index.php?rest_route=\/wp\/v2\/posts\/441632\/revisions"}],"wp:featuredmedia":[{"embeddable":true,"href":"https:\/\/arantv.az\/index.php?rest_route=\/wp\/v2\/media\/441633"}],"wp:attachment":[{"href":"https:\/\/arantv.az\/index.php?rest_route=%2Fwp%2Fv2%2Fmedia&parent=441632"}],"wp:term":[{"taxonomy":"category","embeddable":true,"href":"https:\/\/arantv.az\/index.php?rest_route=%2Fwp%2Fv2%2Fcategories&post=441632"},{"taxonomy":"post_tag","embeddable":true,"href":"https:\/\/arantv.az\/index.php?rest_route=%2Fwp%2Fv2%2Ftags&post=441632"}],"curies":[{"name":"wp","href":"https:\/\/api.w.org\/{rel}","templated":true}]}}