{"id":441656,"date":"2022-02-21T12:31:03","date_gmt":"2022-02-21T09:31:03","guid":{"rendered":"http:\/\/arantv.az\/?p=441656"},"modified":"2022-02-21T12:31:03","modified_gmt":"2022-02-21T09:31:03","slug":"ana-v%c9%99-iki-ovladinin-q%c9%99tl%c9%99-yetirildiyi-gun-hadis%c9%99-yerin%c9%99-cagirilan-polis-ev%c9%99-girm%c9%99yib-r%c9%99smi","status":"publish","type":"post","link":"https:\/\/arantv.az\/?p=441656","title":{"rendered":"Ana v\u0259 iki \u00f6vlad\u0131n\u0131n q\u0259tl\u0259 yetirildiyi g\u00fcn hadis\u0259 yerin\u0259 \u00e7a\u011f\u0131r\u0131lan polis ev\u0259 girm\u0259yib? &#8211; R\u018fSM\u0130"},"content":{"rendered":"<p>\u00d6t\u0259n g\u00fcn Bak\u0131da ana v\u0259 \u00f6vladlar\u0131 amans\u0131zca q\u0259tl\u0259 yetirilib.<\/p>\n<p>Sosial \u015f\u0259b\u0259k\u0259l\u0259rd\u0259 bildirilib ki, hadis\u0259 ba\u015f ver\u0259n g\u00fcn qon\u015fular yaranm\u0131\u015f hay-k\u00fcy\u0259 g\u00f6r\u0259 polis \u00e7a\u011f\u0131r\u0131blar. Polis qap\u0131n\u0131 d\u00f6ys\u0259 d\u0259, a\u00e7an olmay\u0131b v\u0259 bu zaman h\u00fcquq-m\u00fchafiz\u0259 orqan\u0131n\u0131n &#8220;\u0259m\u0259kda\u015f\u0131 \u015f\u0259xsi m\u0259s\u0259l\u0259l\u0259ridir, bizim qar\u0131\u015fmaq h\u00fcququmuz yoxdur, siz d\u0259 qar\u0131\u015fmay\u0131n&#8221;, &#8211; dey\u0259r\u0259k oran\u0131 t\u0259rk edib.<\/p>\n<p>M\u0259s\u0259l\u0259 il\u0259 ba\u011fl\u0131 Daxili \u0130\u015fl\u0259r Nazirliyinin M\u0259tbuat\u00a0<a title=\"xidmetler\" href=\"https:\/\/xidmetler.az\/\" target=\"_blank\" rel=\"noopener\">Xidm\u0259tinin<\/a>\u00a0r\u0259isi polis polkovniki Ehsan Zahidov sor\u011fumuza cavab olaraq bildirib ki, art\u0131q m\u0259s\u0259l\u0259 il\u0259 ba\u011fl\u0131 xidm\u0259ti yoxlama ba\u015flan\u0131l\u0131b: &#8220;T\u00f6r\u0259dil\u0259n b\u00fct\u00fcn q\u0259tl hadis\u0259l\u0259ri il\u0259 ba\u011fl\u0131 prokurorluq orqanlar\u0131nda apar\u0131lan istintaqla b\u0259rab\u0259r, eyni zamanda, Daxili \u0130\u015fl\u0259r Nazirliyind\u0259 d\u0259 xidm\u0259ti yoxlamalar apar\u0131l\u0131r. D\u00fcn\u0259nki a\u011f\u0131r cinay\u0259tl\u0259 \u0259laq\u0259dar art\u0131q hadis\u0259ni t\u00f6r\u0259tm\u0259kd\u0259 \u015f\u00fcbh\u0259li bilin\u0259n \u018fh\u0259d \u018fliyev m\u00fc\u0259yy\u0259n edil\u0259r\u0259k saxlan\u0131l\u0131b. Hadis\u0259 il\u0259 ba\u011fl\u0131 ba\u015flanan cinay\u0259t i\u015fi \u00fczr\u0259 prokurorluqda istintaq apar\u0131l\u0131r.<\/p>\n<div class=\"AdviadNativeVideo\"><\/div>\n<p>Xidm\u0259ti yoxlama zaman\u0131 polis \u0259m\u0259kda\u015flar\u0131n\u0131n h\u0259r hans\u0131 f\u0259aliyy\u0259tsizliyi, yaxud s\u0259hl\u0259nkarl\u0131\u011f\u0131 il\u0259 \u0259laq\u0259li hans\u0131sa m\u0259qam \u00fcz\u0259 \u00e7\u0131xarsa, d\u0259rhal m\u00fcvafiq qaydada t\u0259dbir g\u00f6r\u00fcl\u0259c\u0259k.<\/p>\n<p>Sosial \u015f\u0259b\u0259k\u0259l\u0259rd\u0259 yay\u0131lan iddialar h\u0259l\u0259 ki, t\u0259sdiqini tapmay\u0131b. Bir n\u00fcans\u0131 n\u0259z\u0259r\u0259 almaq laz\u0131md\u0131r ki, cinay\u0259ti t\u00f6r\u0259d\u0259n m\u0259rhumlar\u0131n yax\u0131n qohumudur, daim gedi\u015f-g\u0259li\u015fi olan, ail\u0259nin bir \u00fczv\u00fc kimi yax\u0131n \u015f\u0259xsdir&#8221;.Oxu.az<\/p>\n","protected":false},"excerpt":{"rendered":"<p>\u00d6t\u0259n g\u00fcn Bak\u0131da ana v\u0259 \u00f6vladlar\u0131 amans\u0131zca q\u0259tl\u0259 yetirilib. Sosial \u015f\u0259b\u0259k\u0259l\u0259rd\u0259 bildirilib ki, hadis\u0259 ba\u015f ver\u0259n g\u00fcn qon\u015fular yaranm\u0131\u015f hay-k\u00fcy\u0259 g\u00f6r\u0259 polis \u00e7a\u011f\u0131r\u0131blar. Polis qap\u0131n\u0131 d\u00f6ys\u0259 d\u0259, a\u00e7an olmay\u0131b v\u0259 bu zaman h\u00fcquq-m\u00fchafiz\u0259 orqan\u0131n\u0131n &#8220;\u0259m\u0259kda\u015f\u0131 \u015f\u0259xsi m\u0259s\u0259l\u0259l\u0259ridir, bizim qar\u0131\u015fmaq h\u00fcququmuz yoxdur, siz d\u0259 qar\u0131\u015fmay\u0131n&#8221;, &#8211; dey\u0259r\u0259k oran\u0131 t\u0259rk edib. M\u0259s\u0259l\u0259 il\u0259 ba\u011fl\u0131 Daxili \u0130\u015fl\u0259r Nazirliyinin M\u0259tbuat\u00a0Xidm\u0259tinin\u00a0r\u0259isi polis polkovniki Ehsan Zahidov sor\u011fumuza cavab olaraq bildirib ki, art\u0131q m\u0259s\u0259l\u0259 il\u0259 ba\u011fl\u0131 xidm\u0259ti yoxlama ba\u015flan\u0131l\u0131b: &#8220;T\u00f6r\u0259dil\u0259n b\u00fct\u00fcn q\u0259tl hadis\u0259l\u0259ri il\u0259 ba\u011fl\u0131 prokurorluq orqanlar\u0131nda apar\u0131lan istintaqla b\u0259rab\u0259r, eyni zamanda, Daxili \u0130\u015fl\u0259r Nazirliyind\u0259 d\u0259 xidm\u0259ti&hellip;<\/p>\n","protected":false},"author":2,"featured_media":441657,"comment_status":"closed","ping_status":"closed","sticky":false,"template":"","format":"standard","meta":{"om_disable_all_campaigns":false,"_monsterinsights_skip_tracking":false,"_monsterinsights_sitenote_active":false,"_monsterinsights_sitenote_note":"","_monsterinsights_sitenote_category":0},"categories":[5],"tags":[],"aioseo_notices":[],"gutentor_comment":0,"rttpg_featured_image_url":{"full":["https:\/\/arantv.az\/wp-content\/uploads\/2022\/02\/polis_11645430941.png",549,383,false],"landscape":["https:\/\/arantv.az\/wp-content\/uploads\/2022\/02\/polis_11645430941.png",549,383,false],"portraits":["https:\/\/arantv.az\/wp-content\/uploads\/2022\/02\/polis_11645430941.png",549,383,false],"thumbnail":["https:\/\/arantv.az\/wp-content\/uploads\/2022\/02\/polis_11645430941-500x280.png",500,280,true],"medium":["https:\/\/arantv.az\/wp-content\/uploads\/2022\/02\/polis_11645430941-523x365.png",523,365,true],"large":["https:\/\/arantv.az\/wp-content\/uploads\/2022\/02\/polis_11645430941.png",549,383,false],"1536x1536":["https:\/\/arantv.az\/wp-content\/uploads\/2022\/02\/polis_11645430941.png",549,383,false],"2048x2048":["https:\/\/arantv.az\/wp-content\/uploads\/2022\/02\/polis_11645430941.png",549,383,false],"post-thumbnail":["https:\/\/arantv.az\/wp-content\/uploads\/2022\/02\/polis_11645430941-240x172.png",240,172,true],"advps-thumb-one":["https:\/\/arantv.az\/wp-content\/uploads\/2022\/02\/polis_11645430941.png",549,383,false]},"rttpg_author":{"display_name":"V\u00fcsal Rafiqo\u011flu","author_link":"https:\/\/arantv.az\/?author=2"},"rttpg_comment":0,"rttpg_category":"<a href=\"https:\/\/arantv.az\/?cat=5\" rel=\"category\">Hadis\u0259<\/a>","rttpg_excerpt":"\u00d6t\u0259n g\u00fcn Bak\u0131da ana v\u0259 \u00f6vladlar\u0131 amans\u0131zca q\u0259tl\u0259 yetirilib. Sosial \u015f\u0259b\u0259k\u0259l\u0259rd\u0259 bildirilib ki, hadis\u0259 ba\u015f ver\u0259n g\u00fcn qon\u015fular yaranm\u0131\u015f hay-k\u00fcy\u0259 g\u00f6r\u0259 polis \u00e7a\u011f\u0131r\u0131blar. Polis qap\u0131n\u0131 d\u00f6ys\u0259 d\u0259, a\u00e7an olmay\u0131b v\u0259 bu zaman h\u00fcquq-m\u00fchafiz\u0259 orqan\u0131n\u0131n &#8220;\u0259m\u0259kda\u015f\u0131 \u015f\u0259xsi m\u0259s\u0259l\u0259l\u0259ridir, bizim qar\u0131\u015fmaq h\u00fcququmuz yoxdur, siz d\u0259 qar\u0131\u015fmay\u0131n&#8221;, &#8211; dey\u0259r\u0259k oran\u0131 t\u0259rk edib. M\u0259s\u0259l\u0259 il\u0259 ba\u011fl\u0131 Daxili \u0130\u015fl\u0259r Nazirliyinin&hellip;","_links":{"self":[{"href":"https:\/\/arantv.az\/index.php?rest_route=\/wp\/v2\/posts\/441656"}],"collection":[{"href":"https:\/\/arantv.az\/index.php?rest_route=\/wp\/v2\/posts"}],"about":[{"href":"https:\/\/arantv.az\/index.php?rest_route=\/wp\/v2\/types\/post"}],"author":[{"embeddable":true,"href":"https:\/\/arantv.az\/index.php?rest_route=\/wp\/v2\/users\/2"}],"replies":[{"embeddable":true,"href":"https:\/\/arantv.az\/index.php?rest_route=%2Fwp%2Fv2%2Fcomments&post=441656"}],"version-history":[{"count":0,"href":"https:\/\/arantv.az\/index.php?rest_route=\/wp\/v2\/posts\/441656\/revisions"}],"wp:featuredmedia":[{"embeddable":true,"href":"https:\/\/arantv.az\/index.php?rest_route=\/wp\/v2\/media\/441657"}],"wp:attachment":[{"href":"https:\/\/arantv.az\/index.php?rest_route=%2Fwp%2Fv2%2Fmedia&parent=441656"}],"wp:term":[{"taxonomy":"category","embeddable":true,"href":"https:\/\/arantv.az\/index.php?rest_route=%2Fwp%2Fv2%2Fcategories&post=441656"},{"taxonomy":"post_tag","embeddable":true,"href":"https:\/\/arantv.az\/index.php?rest_route=%2Fwp%2Fv2%2Ftags&post=441656"}],"curies":[{"name":"wp","href":"https:\/\/api.w.org\/{rel}","templated":true}]}}