{"id":441675,"date":"2022-02-21T12:45:08","date_gmt":"2022-02-21T09:45:08","guid":{"rendered":"http:\/\/arantv.az\/?p=441675"},"modified":"2022-02-21T12:45:08","modified_gmt":"2022-02-21T09:45:08","slug":"s%c9%99hidl%c9%99r-olm%c9%99z-v%c9%99t%c9%99n-bolunm%c9%99z-foto","status":"publish","type":"post","link":"https:\/\/arantv.az\/?p=441675","title":{"rendered":"\u015e\u0259hidl\u0259r \u00f6lm\u0259z, V\u0259t\u0259n b\u00f6l\u00fcnm\u0259z FOTO"},"content":{"rendered":"<div class=\"content lead font-weight-normal\">\n<p>44 g\u00fcn davam ed\u0259n, \u015fanl\u0131 Q\u0259l\u0259b\u0259mizl\u0259 ba\u015fa \u00e7atan V\u0259t\u0259n m\u00fcharib\u0259sinin q\u0259hr\u0259man \u015f\u0259hidl\u0259rd\u0259n biri d\u0259 L\u0259nk\u0259ran elind\u0259 boya-ba\u015fa \u00e7atan Valeh Asim o\u011flu \u018fkb\u0259rzad\u0259dir. L\u0259nk\u0259ran Regional \u0130dar\u0259sinin tabeliyind\u0259 olan Q. V\u0259liyev ad\u0131na L\u0259nk\u0259ran \u015e\u0259h\u0259r M\u0259d\u0259niyy\u0259t M\u0259rk\u0259zinin Boladi-1 k\u0259nd folklor klubunda t\u0259\u015fkil olunmu\u015f \u201c\u015e\u0259hidl\u0259r \u00f6lm\u0259z, V\u0259t\u0259n b\u00f6l\u00fcnm\u0259z\u201d adl\u0131 xatir\u0259 gec\u0259si Valehinin do\u011fum g\u00fcn\u00fc il\u0259 ba\u011fl\u0131 idi.<\/p>\n<p>T\u0259dbir \u015f\u0259hidin \u0259ziz xatir\u0259sini bir d\u0259qiq\u0259lik s\u00fckutla an\u0131lmaqla ba\u015fland\u0131. Folklor klubunun t\u0259\u015fkilat\u00e7\u0131s\u0131 Samir\u0259 A\u011fayeva giri\u015f \u00e7\u0131x\u0131\u015f\u0131nda \u015f\u0259hid Valeh \u018fkb\u0259rzad\u0259nin h\u0259yat v\u0259 d\u00f6y\u00fc\u015f yolu haqq\u0131nda \u0259trafl\u0131 m\u0259lumat verdi. M\u0259rasimd\u0259 i\u015ftirak ed\u0259n Boladi k\u0259nd b\u0259l\u0259diyy\u0259sinin s\u0259dri Salman Dada\u015fov, \u015f\u0259hid Valeh \u018fkb\u0259rzad\u0259nin atas\u0131 Asim \u018fkb\u0259rov, anas\u0131 X\u0259dic\u0259 \u018fkb\u0259rova, \u015f\u0259hidin dig\u0259r ail\u0259 \u00fczvl\u0259ri, \u015f\u0259hid Aq\u015fin \u0130badovun atas\u0131 Nazim \u0130badov, el\u0259c\u0259 d\u0259 m\u0259d\u0259niyy\u0259t sah\u0259sini t\u0259msil ed\u0259n dig\u0259r i\u015ftirak\u00e7\u0131lar m\u00f6vzu \u0259traf\u0131nda dan\u0131\u015fmaqla \u00f6z igid o\u011flunu q\u00fcrurla, sevgi dolu \u00fcr\u0259kl\u0259 xat\u0131rlad\u0131lar. Bildirdil\u0259r ki, Valeh n\u0259sill\u0259r\u0259 n\u00fcmun\u0259 ola bil\u0259c\u0259k bir q\u0259hr\u0259man \u00f6mr\u00fc ya\u015fad\u0131.<\/p>\n<p>T\u0259dbirin b\u0259dii hiss\u0259si d\u0259 V\u0259t\u0259n\u0259, torpa\u011fa ilahi bir m\u0259h\u0259bb\u0259tin t\u0259c\u0259ss\u00fcm\u00fc kimi yadda\u015flara yaz\u0131ld\u0131. Bel\u0259 ki, Boladi-1 k\u0259nd folklor klubunda f\u0259aliyy\u0259t g\u00f6st\u0259r\u0259n &#8220;Natiq&#8221; b\u0259dii- qira\u0259t d\u0259rn\u0259yinin \u00fczvl\u0259ri bir-birinin ard\u0131nca do\u011fma Az\u0259rbaycana \u00f6vlad sevgisini , q\u0259hr\u0259manl\u0131\u011f\u0131 v\u0259sf ed\u0259n \u015ferl\u0259r s\u00f6yl\u0259dil\u0259r.<\/p>\n<p><strong>Z\u0259f\u0259r Oruco\u011flu,<\/strong><\/p>\n<p><em>Az\u0259rbaycan Jurnalistl\u0259r Birliyinin \u00fczv\u00fc<\/em><\/p>\n<div class=\"clearfix\"><\/div>\n<\/div>\n<div class=\"fotorama--hidden\"><\/div>\n<div id=\"galleryList\" class=\"fotorama fotorama1645440250631\" data-nav=\"thumbs\" data-width=\"100%\" data-thumbwidth=\"90\" data-thumbheight=\"60\" data-allowfullscreen=\"true\" data-autoplay=\"3000\" data-ratio=\"1.5\" data-keyboard=\"true\" data-fit=\"contain\">\n<div class=\"fotorama__wrap fotorama__wrap--css3 fotorama__wrap--slide fotorama__wrap--toggle-arrows fotorama__wrap--no-controls\">\n<div class=\"fotorama__stage fotorama__pointer\">\n<div class=\"fotorama__fullscreen-icon\" tabindex=\"0\" role=\"button\"><\/div>\n<div class=\"fotorama__stage__shaft\">\n<div class=\"fotorama__stage__frame fotorama__loaded fotorama__loaded--img\"><img class=\"fotorama__img\" src=\"https:\/\/ikisahil.az\/photo\/0x0_2\/upload\/gallery\/2022\/02\/21\/-3bf07985164542759136258299110538196.jpg\" \/><\/div>\n<div class=\"fotorama__stage__frame fotorama__loaded fotorama__loaded--img fotorama__active\"><img class=\"fotorama__img\" src=\"https:\/\/ikisahil.az\/photo\/0x0_2\/upload\/gallery\/2022\/02\/21\/-d5e39323164542759143584497510177872.jpg\" \/><\/div>\n<\/div>\n<div class=\"fotorama__arr fotorama__arr--prev\" tabindex=\"0\" role=\"button\"><\/div>\n<div class=\"fotorama__arr fotorama__arr--next fotorama__arr--disabled\" tabindex=\"-1\" role=\"button\"><\/div>\n<div class=\"fotorama__video-close\"><\/div>\n<\/div>\n<div class=\"fotorama__nav-wrap\">\n<div class=\"fotorama__nav fotorama__nav--thumbs\">\n<div class=\"fotorama__nav__shaft\">\n<div class=\"fotorama__thumb-border\"><\/div>\n<div class=\"fotorama__nav__frame fotorama__nav__frame--thumb\" tabindex=\"0\" role=\"button\">\n<div class=\"fotorama__thumb fotorama__loaded fotorama__loaded--img\"><img class=\"fotorama__img\" src=\"https:\/\/ikisahil.az\/photo\/150x100_2\/upload\/gallery\/2022\/02\/21\/-3bf07985164542759136258299110538196.jpg\" \/><\/div>\n<\/div>\n<div class=\"fotorama__nav__frame fotorama__nav__frame--thumb fotorama__active\" tabindex=\"0\" role=\"button\">\n<div class=\"fotorama__thumb fotorama__loaded fotorama__loaded--img\"><img class=\"fotorama__img\" src=\"https:\/\/ikisahil.az\/photo\/150x100_2\/upload\/gallery\/2022\/02\/21\/-d5e39323164542759143584497510177872.jpg\" \/><\/div>\n<\/div>\n<\/div>\n<\/div>\n<\/div>\n<\/div>\n<\/div>\n<div class=\"sharing my-2 row no-gutters d-print-none\">\n<div class=\"col-md-3\"><\/div>\n<\/div>\n","protected":false},"excerpt":{"rendered":"<p>44 g\u00fcn davam ed\u0259n, \u015fanl\u0131 Q\u0259l\u0259b\u0259mizl\u0259 ba\u015fa \u00e7atan V\u0259t\u0259n m\u00fcharib\u0259sinin q\u0259hr\u0259man \u015f\u0259hidl\u0259rd\u0259n biri d\u0259 L\u0259nk\u0259ran elind\u0259 boya-ba\u015fa \u00e7atan Valeh Asim o\u011flu \u018fkb\u0259rzad\u0259dir. L\u0259nk\u0259ran Regional \u0130dar\u0259sinin tabeliyind\u0259 olan Q. V\u0259liyev ad\u0131na L\u0259nk\u0259ran \u015e\u0259h\u0259r M\u0259d\u0259niyy\u0259t M\u0259rk\u0259zinin Boladi-1 k\u0259nd folklor klubunda t\u0259\u015fkil olunmu\u015f \u201c\u015e\u0259hidl\u0259r \u00f6lm\u0259z, V\u0259t\u0259n b\u00f6l\u00fcnm\u0259z\u201d adl\u0131 xatir\u0259 gec\u0259si Valehinin do\u011fum g\u00fcn\u00fc il\u0259 ba\u011fl\u0131 idi. T\u0259dbir \u015f\u0259hidin \u0259ziz xatir\u0259sini bir d\u0259qiq\u0259lik s\u00fckutla an\u0131lmaqla ba\u015fland\u0131. Folklor klubunun t\u0259\u015fkilat\u00e7\u0131s\u0131 Samir\u0259 A\u011fayeva giri\u015f \u00e7\u0131x\u0131\u015f\u0131nda \u015f\u0259hid Valeh \u018fkb\u0259rzad\u0259nin h\u0259yat v\u0259 d\u00f6y\u00fc\u015f yolu haqq\u0131nda \u0259trafl\u0131 m\u0259lumat verdi. M\u0259rasimd\u0259 i\u015ftirak ed\u0259n Boladi k\u0259nd b\u0259l\u0259diyy\u0259sinin s\u0259dri Salman Dada\u015fov, \u015f\u0259hid&hellip;<\/p>\n","protected":false},"author":2,"featured_media":441676,"comment_status":"closed","ping_status":"closed","sticky":false,"template":"","format":"standard","meta":{"om_disable_all_campaigns":false,"_monsterinsights_skip_tracking":false,"_monsterinsights_sitenote_active":false,"_monsterinsights_sitenote_note":"","_monsterinsights_sitenote_category":0},"categories":[1],"tags":[],"aioseo_notices":[],"gutentor_comment":0,"rttpg_featured_image_url":{"full":["https:\/\/arantv.az\/wp-content\/uploads\/2022\/02\/094bb65e164542757533853996410345012.jpg",975,540,false],"landscape":["https:\/\/arantv.az\/wp-content\/uploads\/2022\/02\/094bb65e164542757533853996410345012.jpg",975,540,false],"portraits":["https:\/\/arantv.az\/wp-content\/uploads\/2022\/02\/094bb65e164542757533853996410345012.jpg",975,540,false],"thumbnail":["https:\/\/arantv.az\/wp-content\/uploads\/2022\/02\/094bb65e164542757533853996410345012-500x280.jpg",500,280,true],"medium":["https:\/\/arantv.az\/wp-content\/uploads\/2022\/02\/094bb65e164542757533853996410345012-660x365.jpg",660,365,true],"large":["https:\/\/arantv.az\/wp-content\/uploads\/2022\/02\/094bb65e164542757533853996410345012-840x465.jpg",640,354,true],"1536x1536":["https:\/\/arantv.az\/wp-content\/uploads\/2022\/02\/094bb65e164542757533853996410345012.jpg",975,540,false],"2048x2048":["https:\/\/arantv.az\/wp-content\/uploads\/2022\/02\/094bb65e164542757533853996410345012.jpg",975,540,false],"post-thumbnail":["https:\/\/arantv.az\/wp-content\/uploads\/2022\/02\/094bb65e164542757533853996410345012-240x172.jpg",240,172,true],"advps-thumb-one":["https:\/\/arantv.az\/wp-content\/uploads\/2022\/02\/094bb65e164542757533853996410345012.jpg",975,540,false]},"rttpg_author":{"display_name":"V\u00fcsal Rafiqo\u011flu","author_link":"https:\/\/arantv.az\/?author=2"},"rttpg_comment":0,"rttpg_category":"<a href=\"https:\/\/arantv.az\/?cat=1\" rel=\"category\">C\u0259miyy\u0259t<\/a>","rttpg_excerpt":"44 g\u00fcn davam ed\u0259n, \u015fanl\u0131 Q\u0259l\u0259b\u0259mizl\u0259 ba\u015fa \u00e7atan V\u0259t\u0259n m\u00fcharib\u0259sinin q\u0259hr\u0259man \u015f\u0259hidl\u0259rd\u0259n biri d\u0259 L\u0259nk\u0259ran elind\u0259 boya-ba\u015fa \u00e7atan Valeh Asim o\u011flu \u018fkb\u0259rzad\u0259dir. L\u0259nk\u0259ran Regional \u0130dar\u0259sinin tabeliyind\u0259 olan Q. V\u0259liyev ad\u0131na L\u0259nk\u0259ran \u015e\u0259h\u0259r M\u0259d\u0259niyy\u0259t M\u0259rk\u0259zinin Boladi-1 k\u0259nd folklor klubunda t\u0259\u015fkil olunmu\u015f \u201c\u015e\u0259hidl\u0259r \u00f6lm\u0259z, V\u0259t\u0259n b\u00f6l\u00fcnm\u0259z\u201d adl\u0131 xatir\u0259 gec\u0259si Valehinin do\u011fum g\u00fcn\u00fc il\u0259 ba\u011fl\u0131 idi. T\u0259dbir \u015f\u0259hidin&hellip;","_links":{"self":[{"href":"https:\/\/arantv.az\/index.php?rest_route=\/wp\/v2\/posts\/441675"}],"collection":[{"href":"https:\/\/arantv.az\/index.php?rest_route=\/wp\/v2\/posts"}],"about":[{"href":"https:\/\/arantv.az\/index.php?rest_route=\/wp\/v2\/types\/post"}],"author":[{"embeddable":true,"href":"https:\/\/arantv.az\/index.php?rest_route=\/wp\/v2\/users\/2"}],"replies":[{"embeddable":true,"href":"https:\/\/arantv.az\/index.php?rest_route=%2Fwp%2Fv2%2Fcomments&post=441675"}],"version-history":[{"count":0,"href":"https:\/\/arantv.az\/index.php?rest_route=\/wp\/v2\/posts\/441675\/revisions"}],"wp:featuredmedia":[{"embeddable":true,"href":"https:\/\/arantv.az\/index.php?rest_route=\/wp\/v2\/media\/441676"}],"wp:attachment":[{"href":"https:\/\/arantv.az\/index.php?rest_route=%2Fwp%2Fv2%2Fmedia&parent=441675"}],"wp:term":[{"taxonomy":"category","embeddable":true,"href":"https:\/\/arantv.az\/index.php?rest_route=%2Fwp%2Fv2%2Fcategories&post=441675"},{"taxonomy":"post_tag","embeddable":true,"href":"https:\/\/arantv.az\/index.php?rest_route=%2Fwp%2Fv2%2Ftags&post=441675"}],"curies":[{"name":"wp","href":"https:\/\/api.w.org\/{rel}","templated":true}]}}