{"id":441678,"date":"2022-02-21T12:45:44","date_gmt":"2022-02-21T09:45:44","guid":{"rendered":"http:\/\/arantv.az\/?p=441678"},"modified":"2022-02-21T12:45:44","modified_gmt":"2022-02-21T09:45:44","slug":"t%c9%99hsil-naziri-gurcustanda-az%c9%99rbaycandilli-m%c9%99kt%c9%99bl%c9%99rin-mu%c9%99lliml%c9%99ri-il%c9%99-gorusub","status":"publish","type":"post","link":"https:\/\/arantv.az\/?p=441678","title":{"rendered":"T\u0259hsil naziri G\u00fcrc\u00fcstanda az\u0259rbaycandilli m\u0259kt\u0259bl\u0259rin m\u00fc\u0259lliml\u0259ri il\u0259 g\u00f6r\u00fc\u015f\u00fcb"},"content":{"rendered":"<p>T\u0259hsil naziri Emin \u018fmrullayevin G\u00fcrc\u00fcstana r\u0259smi s\u0259f\u0259ri davam edir.<\/p>\n<p><strong>ARANTV.AZ x\u0259b\u0259r verir ki,<\/strong>\u00a0nazir bu g\u00fcn Tbilisid\u0259 \u0130vane Cavaxi\u015fvili ad\u0131na Tbilisi D\u00f6vl\u0259t Universitetini ziyar\u0259t edib.<\/p>\n<p>Universitetin rektoru Giorgi \u015earva\u015fidze il\u0259 g\u00f6r\u00fc\u015f\u0259n Emin \u018fmrullayev iki \u00f6lk\u0259 aras\u0131nda t\u0259hsil sah\u0259sind\u0259 \u0259laq\u0259l\u0259rin inki\u015faf\u0131n\u0131, el\u0259c\u0259 d\u0259 Az\u0259rbaycan v\u0259 G\u00fcrc\u00fcstan\u0131n ali m\u0259kt\u0259bl\u0259ri aras\u0131nda \u0259m\u0259kda\u015fl\u0131\u011f\u0131 m\u00fczakir\u0259 edib. G\u00f6r\u00fc\u015fd\u0259 Az\u0259rbaycan\u0131n G\u00fcrc\u00fcstandak\u0131 s\u0259firi Faiq Quliyev d\u0259 i\u015ftirak edib. Nazir Emin \u018fmrullayev Tbilisi D\u00f6vl\u0259t Universitetind\u0259 t\u0259hsil alan az\u0259rbaycanl\u0131 t\u0259l\u0259b\u0259l\u0259rl\u0259 d\u0259 g\u00f6r\u00fc\u015f\u00fcb.<\/p>\n<p>T\u0259hsil naziri daha sonra Marneuliy\u0259 yola d\u00fc\u015f\u0259r\u0259k burada G\u00fcrc\u00fcstan Az\u0259rbaycanl\u0131lar\u0131n\u0131n \u0130nteqrasiya M\u0259rk\u0259zi (GA\u0130M) v\u0259 \u201c\u00c7ay Evi\u201d T\u0259dris v\u0259 \u0130nki\u015faf M\u0259rk\u0259zinin f\u0259aliyy\u0259ti il\u0259 tan\u0131\u015f olub. M\u0259rk\u0259zd\u0259 f\u0259aliyy\u0259t g\u00f6st\u0259r\u0259n r\u0259qs, xal\u00e7a\u00e7\u0131l\u0131q, r\u0259ssaml\u0131q, xarici dil d\u0259rn\u0259kl\u0259rinin \u015fagirdl\u0259ri \u00f6z m\u0259har\u0259tl\u0259rini n\u00fcmayi\u015f etdiribl\u0259r. Emin \u018fmrullayev daha sonra Marneuli, Qardabani, Bolnisi, Dmanisid\u0259ki az\u0259rbaycandilli m\u0259kt\u0259bl\u0259rin m\u00fc\u0259lliml\u0259ri v\u0259 direktorlar\u0131 il\u0259 d\u0259 g\u00f6r\u00fc\u015f\u00fcb. G\u00f6r\u00fc\u015f zaman\u0131 az\u0259rbaycandilli m\u0259kt\u0259bl\u0259rd\u0259 t\u0259lim-t\u0259drisin inki\u015faf\u0131na Az\u0259rbaycan\u0131n m\u00fcmk\u00fcn d\u0259st\u0259yi m\u00fczakir\u0259 edilib. G\u00f6r\u00fc\u015f zaman\u0131 Az\u0259rbaycan\u0131n G\u00fcrc\u00fcstandak\u0131 s\u0259firi Faiq Quliyev bildirib ki, Prezident \u0130lham \u018fliyev G\u00fcrc\u00fcstanda ya\u015fayan az\u0259rbaycanl\u0131lar\u0131n sosial v\u0259ziyy\u0259tini h\u0259r zaman diqq\u0259td\u0259 saxlay\u0131r v\u0259 bu istiqam\u0259td\u0259 h\u0259r iki \u00f6lk\u0259nin aidiy\u0259ti qurumlar\u0131 aras\u0131nda birg\u0259 i\u015f apar\u0131l\u0131r.<\/p>\n<p>Nazir Emin \u018fmrullayev d\u0259 G\u00fcrc\u00fcstanda f\u0259aliyy\u0259t g\u00f6st\u0259r\u0259n az\u0259rbaycandilli m\u0259kt\u0259bl\u0259rin probleml\u0259rinin diqq\u0259td\u0259 saxlan\u0131ld\u0131\u011f\u0131n\u0131 qeyd edib. Vur\u011fulay\u0131b ki, g\u00fcrc\u00fc v\u0259 Az\u0259rbaycan xalq\u0131 tarix\u0259n s\u00fclh v\u0259 dostluq \u015f\u0259raitind\u0259 ya\u015fay\u0131b v\u0259 mehriban \u0259laq\u0259l\u0259r h\u0259r iki \u00f6lk\u0259nin ortaq d\u0259y\u0259ridir. \u201cDostlar aras\u0131nda m\u00fczakir\u0259 edil\u0259c\u0259k m\u0259s\u0259l\u0259l\u0259rin olmas\u0131 normald\u0131r. M\u00fcst\u0259qillik \u0259ld\u0259 edildikd\u0259n sonra m\u0259s\u0259l\u0259l\u0259rin yeni bir bucaq alt\u0131nda m\u00fczakir\u0259si vacib olub\u201d, &#8211; dey\u0259 nazir bildirib.<\/p>\n<p>Qeyd ed\u0259k ki, E. \u018fmrullayev Az\u0259rbaycandilli m\u0259kt\u0259bl\u0259rin m\u00fc\u0259lliml\u0259ri il\u0259 g\u00f6r\u00fc\u015fd\u0259n sonra G\u00fcrc\u00fcstan\u0131n T\u0259hsil v\u0259 elm naziri Mixeil \u00c7xenkeli il\u0259 g\u00f6r\u00fc\u015f\u0259c\u0259k.<\/p>\n","protected":false},"excerpt":{"rendered":"<p>T\u0259hsil naziri Emin \u018fmrullayevin G\u00fcrc\u00fcstana r\u0259smi s\u0259f\u0259ri davam edir. ARANTV.AZ x\u0259b\u0259r verir ki,\u00a0nazir bu g\u00fcn Tbilisid\u0259 \u0130vane Cavaxi\u015fvili ad\u0131na Tbilisi D\u00f6vl\u0259t Universitetini ziyar\u0259t edib. Universitetin rektoru Giorgi \u015earva\u015fidze il\u0259 g\u00f6r\u00fc\u015f\u0259n Emin \u018fmrullayev iki \u00f6lk\u0259 aras\u0131nda t\u0259hsil sah\u0259sind\u0259 \u0259laq\u0259l\u0259rin inki\u015faf\u0131n\u0131, el\u0259c\u0259 d\u0259 Az\u0259rbaycan v\u0259 G\u00fcrc\u00fcstan\u0131n ali m\u0259kt\u0259bl\u0259ri aras\u0131nda \u0259m\u0259kda\u015fl\u0131\u011f\u0131 m\u00fczakir\u0259 edib. G\u00f6r\u00fc\u015fd\u0259 Az\u0259rbaycan\u0131n G\u00fcrc\u00fcstandak\u0131 s\u0259firi Faiq Quliyev d\u0259 i\u015ftirak edib. Nazir Emin \u018fmrullayev Tbilisi D\u00f6vl\u0259t Universitetind\u0259 t\u0259hsil alan az\u0259rbaycanl\u0131 t\u0259l\u0259b\u0259l\u0259rl\u0259 d\u0259 g\u00f6r\u00fc\u015f\u00fcb. T\u0259hsil naziri daha sonra Marneuliy\u0259 yola d\u00fc\u015f\u0259r\u0259k burada G\u00fcrc\u00fcstan Az\u0259rbaycanl\u0131lar\u0131n\u0131n \u0130nteqrasiya M\u0259rk\u0259zi (GA\u0130M) v\u0259 \u201c\u00c7ay Evi\u201d T\u0259dris v\u0259 \u0130nki\u015faf&hellip;<\/p>\n","protected":false},"author":2,"featured_media":441679,"comment_status":"closed","ping_status":"closed","sticky":false,"template":"","format":"standard","meta":{"om_disable_all_campaigns":false,"_monsterinsights_skip_tracking":false,"_monsterinsights_sitenote_active":false,"_monsterinsights_sitenote_note":"","_monsterinsights_sitenote_category":0},"categories":[23],"tags":[],"aioseo_notices":[],"gutentor_comment":0,"rttpg_featured_image_url":{"full":["https:\/\/arantv.az\/wp-content\/uploads\/2022\/02\/019fa4fd164303376455822389010992711.jpg",975,540,false],"landscape":["https:\/\/arantv.az\/wp-content\/uploads\/2022\/02\/019fa4fd164303376455822389010992711.jpg",975,540,false],"portraits":["https:\/\/arantv.az\/wp-content\/uploads\/2022\/02\/019fa4fd164303376455822389010992711.jpg",975,540,false],"thumbnail":["https:\/\/arantv.az\/wp-content\/uploads\/2022\/02\/019fa4fd164303376455822389010992711-500x280.jpg",500,280,true],"medium":["https:\/\/arantv.az\/wp-content\/uploads\/2022\/02\/019fa4fd164303376455822389010992711-660x365.jpg",660,365,true],"large":["https:\/\/arantv.az\/wp-content\/uploads\/2022\/02\/019fa4fd164303376455822389010992711-840x465.jpg",640,354,true],"1536x1536":["https:\/\/arantv.az\/wp-content\/uploads\/2022\/02\/019fa4fd164303376455822389010992711.jpg",975,540,false],"2048x2048":["https:\/\/arantv.az\/wp-content\/uploads\/2022\/02\/019fa4fd164303376455822389010992711.jpg",975,540,false],"post-thumbnail":["https:\/\/arantv.az\/wp-content\/uploads\/2022\/02\/019fa4fd164303376455822389010992711-240x172.jpg",240,172,true],"advps-thumb-one":["https:\/\/arantv.az\/wp-content\/uploads\/2022\/02\/019fa4fd164303376455822389010992711.jpg",975,540,false]},"rttpg_author":{"display_name":"V\u00fcsal Rafiqo\u011flu","author_link":"https:\/\/arantv.az\/?author=2"},"rttpg_comment":0,"rttpg_category":"<a href=\"https:\/\/arantv.az\/?cat=23\" rel=\"category\">T\u0259hsil<\/a>","rttpg_excerpt":"T\u0259hsil naziri Emin \u018fmrullayevin G\u00fcrc\u00fcstana r\u0259smi s\u0259f\u0259ri davam edir. ARANTV.AZ x\u0259b\u0259r verir ki,\u00a0nazir bu g\u00fcn Tbilisid\u0259 \u0130vane Cavaxi\u015fvili ad\u0131na Tbilisi D\u00f6vl\u0259t Universitetini ziyar\u0259t edib. Universitetin rektoru Giorgi \u015earva\u015fidze il\u0259 g\u00f6r\u00fc\u015f\u0259n Emin \u018fmrullayev iki \u00f6lk\u0259 aras\u0131nda t\u0259hsil sah\u0259sind\u0259 \u0259laq\u0259l\u0259rin inki\u015faf\u0131n\u0131, el\u0259c\u0259 d\u0259 Az\u0259rbaycan v\u0259 G\u00fcrc\u00fcstan\u0131n ali m\u0259kt\u0259bl\u0259ri aras\u0131nda \u0259m\u0259kda\u015fl\u0131\u011f\u0131 m\u00fczakir\u0259 edib. G\u00f6r\u00fc\u015fd\u0259 Az\u0259rbaycan\u0131n G\u00fcrc\u00fcstandak\u0131 s\u0259firi Faiq&hellip;","_links":{"self":[{"href":"https:\/\/arantv.az\/index.php?rest_route=\/wp\/v2\/posts\/441678"}],"collection":[{"href":"https:\/\/arantv.az\/index.php?rest_route=\/wp\/v2\/posts"}],"about":[{"href":"https:\/\/arantv.az\/index.php?rest_route=\/wp\/v2\/types\/post"}],"author":[{"embeddable":true,"href":"https:\/\/arantv.az\/index.php?rest_route=\/wp\/v2\/users\/2"}],"replies":[{"embeddable":true,"href":"https:\/\/arantv.az\/index.php?rest_route=%2Fwp%2Fv2%2Fcomments&post=441678"}],"version-history":[{"count":0,"href":"https:\/\/arantv.az\/index.php?rest_route=\/wp\/v2\/posts\/441678\/revisions"}],"wp:featuredmedia":[{"embeddable":true,"href":"https:\/\/arantv.az\/index.php?rest_route=\/wp\/v2\/media\/441679"}],"wp:attachment":[{"href":"https:\/\/arantv.az\/index.php?rest_route=%2Fwp%2Fv2%2Fmedia&parent=441678"}],"wp:term":[{"taxonomy":"category","embeddable":true,"href":"https:\/\/arantv.az\/index.php?rest_route=%2Fwp%2Fv2%2Fcategories&post=441678"},{"taxonomy":"post_tag","embeddable":true,"href":"https:\/\/arantv.az\/index.php?rest_route=%2Fwp%2Fv2%2Ftags&post=441678"}],"curies":[{"name":"wp","href":"https:\/\/api.w.org\/{rel}","templated":true}]}}