{"id":441681,"date":"2022-02-21T12:46:33","date_gmt":"2022-02-21T09:46:33","guid":{"rendered":"http:\/\/arantv.az\/?p=441681"},"modified":"2022-02-21T12:46:33","modified_gmt":"2022-02-21T09:46:33","slug":"birinci-vitse-prezidentin-ugurlu-f%c9%99aliyy%c9%99tinin-arxasinda-bilik-pes%c9%99karliq-v%c9%99-%c9%99zmkarliq-dayanir","status":"publish","type":"post","link":"https:\/\/arantv.az\/?p=441681","title":{"rendered":"Birinci vitse-prezidentin u\u011furlu f\u0259aliyy\u0259tinin arxas\u0131nda bilik, pe\u015f\u0259karl\u0131q v\u0259 \u0259zmkarl\u0131q dayan\u0131r"},"content":{"rendered":"<p>Bu g\u00fcn d\u00f6vl\u0259tl\u0259rin xarici siyas\u0259tind\u0259 effektiv n\u0259tic\u0259l\u0259r \u0259ld\u0259 etm\u0259sini \u015f\u0259rtl\u0259ndir\u0259n \u0259sas amill\u0259rd\u0259n biri \u201cYum\u015faq g\u00fcc\u201d siyas\u0259tinin u\u011furla apar\u0131lmas\u0131d\u0131r. Bu m\u0259nada dey\u0259 bil\u0259rik ki, Birinci vitse-prezident \u201cMehriban xan\u0131m \u018fliyevan\u0131n f\u0259aliyy\u0259ti \u00f6lk\u0259nin \u201cYum\u015faq g\u00fcc\u201d siyas\u0259tinin t\u0259c\u0259ss\u00fcm\u00fcd\u00fcr.<\/p>\n<p>\u015e\u0259qrl\u0259 Q\u0259rbin geosiyasi k\u0259si\u015fm\u0259sind\u0259 yerl\u0259\u015f\u0259n Az\u0259rbaycan daim xarici t\u0259zyiql\u0259r\u0259 m\u0259ruz qal\u0131b. Bu s\u0259b\u0259bd\u0259n d\u0259 Az\u0259rbaycana dost \u00f6lk\u0259l\u0259rin say\u0131n\u0131n artmas\u0131 strateji \u0259h\u0259miyy\u0259t da\u015f\u0131y\u0131r. Beyn\u0259lxalq m\u00fcnasib\u0259tl\u0259r sistemind\u0259 Az\u0259rbaycan\u0131n dostu olan \u00f6lk\u0259l\u0259rin say\u0131n\u0131n artmas\u0131nda Birinci vitse-prezidentin misilsiz xidm\u0259tl\u0259ri var. Art\u0131q Mehriban xan\u0131m \u018fliyevan\u0131n humanizmi \u00f6z\u00fcnd\u0259 ehtiva ed\u0259n siyas\u0259ti b\u00fct\u00fcn d\u00fcnyada tan\u0131n\u0131n\u0131r v\u0259 bu amil Az\u0259rbaycana olan r\u0259\u011fb\u0259ti daha da art\u0131r\u0131r. Mehriban xan\u0131m \u018fliyevan\u0131n xeyriyy\u0259\u00e7ilik t\u0259dbirl\u0259ri bir \u00e7ox \u00f6lk\u0259l\u0259ri \u0259hat\u0259 edir. Onun Prezidenti oldu\u011fu Heyd\u0259r \u018fliyev Fondu Az\u0259rbaycan\u0131n humanitar v\u0259 m\u0259d\u0259ni diplomatiyas\u0131n\u0131n apar\u0131lmas\u0131nda m\u00fch\u00fcm rol oynay\u0131r. D\u00fcnyan\u0131n bir \u00e7ox d\u00f6vl\u0259tl\u0259rind\u0259 h\u0259yata ke\u00e7iril\u0259n xeyriyy\u0259\u00e7ilik v\u0259 m\u0259d\u0259ni t\u0259dbirl\u0259r olduqca m\u00fch\u00fcm v\u0259 uzaqg\u00f6r\u0259n siyas\u0259tin t\u0259rkib hiss\u0259sidir. D\u00fcnyada Az\u0259rbaycan\u0131n t\u0259qdimat\u0131 v\u0259 t\u0259bli\u011fini \u00f6z\u00fcnd\u0259 ehtiva ed\u0259n bu kimi \u00e7oxsayl\u0131 add\u0131mlar \u00f6lk\u0259mizin n\u00fcfuzunun y\u00fcks\u0259lm\u0259sin\u0259, dostlar\u0131n\u0131n say\u0131n\u0131n artmas\u0131na xidm\u0259t etm\u0259kl\u0259 yana\u015f\u0131, eyni zamanda erm\u0259ni lobbisinin uzun ill\u0259r milyardlarla v\u0259sait x\u0259rcl\u0259y\u0259r\u0259k bir \u00e7ox \u00f6lk\u0259l\u0259rd\u0259 Az\u0259rbaycan v\u0259 az\u0259rbaycanl\u0131larla ba\u011fl\u0131 yarad\u0131lm\u0131\u015f yanl\u0131\u015f t\u0259s\u0259vv\u00fcrl\u0259ri darmada\u011f\u0131n edir. Onu da n\u0259z\u0259riniz\u0259 \u00e7atd\u0131r\u0131m ki, bu f\u0259aliyy\u0259t t\u0259kc\u0259 xeyriyy\u0259 t\u0259dbirl\u0259ri, siyasi v\u0259 m\u0259d\u0259ni sah\u0259d\u0259 f\u0259aliyy\u0259tl\u0259 m\u0259hdudla\u015fm\u0131r.<\/p>\n<p>Az\u0259rbaycan\u0131n Birinci vitse-prezidentinin t\u0259\u015fkilat\u00e7\u0131l\u0131\u011f\u0131 il\u0259 \u00f6lk\u0259mizd\u0259 ke\u00e7irilmi\u015f beyn\u0259lxalq t\u0259dbirl\u0259r d\u0259 g\u0259l\u0259c\u0259yimiz \u00fc\u00e7\u00fcn vacib \u0259h\u0259miyy\u0259t da\u015f\u0131yan strateji m\u0259qs\u0259dl\u0259r\u0259 xidm\u0259t edir. Art\u0131q Az\u0259rbaycan d\u00fcnyada \u00f6z d\u0259sti-x\u0259tti il\u0259 se\u00e7ilir v\u0259 m\u0259d\u0259niyy\u0259tl\u0259raras\u0131 dialoq \u00fcnvanlar\u0131n\u0131n \u00f6n s\u0131ralar\u0131nda yer al\u0131r.<\/p>\n<p>T\u0259sad\u00fcfi deyil ki, bu g\u00fcn Mehriban xan\u0131m \u018fliyeva \u00e7oxsayl\u0131 d\u00f6vl\u0259t m\u00fckfatlar\u0131na layiq g\u00f6r\u00fcl\u00fcb. \u0130lk s\u0131rada Az\u0259rbaycan\u0131n \u0259n ali d\u00f6vl\u0259t m\u00fckafatlar\u0131n\u0131 \u2013 \u201cHeyd\u0259r \u018fliyev\u201d ordenini v\u0259 Heyd\u0259r \u018fliyev M\u00fckafat\u0131n\u0131 x\u00fcsusil\u0259 vur\u011fulamaq ist\u0259yir\u0259m.<\/p>\n<p>Bundan ba\u015fqa Fransan\u0131n \u201c\u015e\u0259r\u0259f Legionu\u201d, Rusiyan\u0131n \u201cDostluq\u201d v\u0259 \u201cH\u0259\u015ft\u0259rxan vilay\u0259ti qar\u015f\u0131s\u0131nda xidm\u0259tl\u0259rin\u0259 g\u00f6r\u0259\u201d, \u0130taliyan\u0131n \u201cXidm\u0259tl\u0259r\u0259 g\u00f6r\u0259\u201d B\u00f6y\u00fck Xa\u00e7 Kavaleri, Vatikan\u0131n IX Piy Ordeninin B\u00f6y\u00fck Xa\u00e7\u0131, Pol\u015fan\u0131n \u201cXidm\u0259tl\u0259r\u0259 g\u00f6r\u0259\u201d B\u00f6y\u00fck Komandor Xa\u00e7\u0131, Pakistan\u0131n \u201cHilal-e Pakistan\u201d, Serbiyan\u0131n \u201cSreten\u201d, Macar\u0131stan\u0131n \u201cXidm\u0259tl\u0259r\u0259 g\u00f6r\u0259\u201d Komandor Xa\u00e7\u0131, Rus Pravoslav Kils\u0259sinin II d\u0259r\u0259c\u0259li M\u00fcq\u0259dd\u0259s M\u0259l\u0259ksima Knyaginya Olqa ordenl\u0259ri, UNESCO-nun \u201cQ\u0131z\u0131l Motsart\u201d medal\u0131, BMT-nin \u00dcmumd\u00fcnya \u018fqli M\u00fclkiyy\u0259t T\u0259\u015fkilat\u0131n\u0131n Q\u0131z\u0131l medal\u0131 v\u0259 dig\u0259r y\u00fceks\u0259k s\u0259viyy\u0259li m\u00fckafatlar\u0131 qeyd ed\u0259 bil\u0259rik.<\/p>\n<p>B\u00fct\u00fcn bunlar t\u0259sad\u00fcf\u0259n \u0259ld\u0259 edilmir. Bu u\u011furun arxas\u0131nda bilik, pe\u015f\u0259karl\u0131q, \u0259zmkarl\u0131qla yana\u015f\u0131 y\u00fcks\u0259k m\u0259d\u0259niyy\u0259t, humanizm v\u0259 dig\u0259r insani keyfiyy\u0259tl\u0259r dayan\u0131r.<\/p>\n<p><strong>Teymur Babazad\u0259,<\/strong><\/p>\n<p><em>YAP L\u0259nk\u0259ran rayon t\u0259\u015fkilat\u0131 G\u0259ncl\u0259r Birliyinin s\u0259dri<\/em><\/p>\n","protected":false},"excerpt":{"rendered":"<p>Bu g\u00fcn d\u00f6vl\u0259tl\u0259rin xarici siyas\u0259tind\u0259 effektiv n\u0259tic\u0259l\u0259r \u0259ld\u0259 etm\u0259sini \u015f\u0259rtl\u0259ndir\u0259n \u0259sas amill\u0259rd\u0259n biri \u201cYum\u015faq g\u00fcc\u201d siyas\u0259tinin u\u011furla apar\u0131lmas\u0131d\u0131r. Bu m\u0259nada dey\u0259 bil\u0259rik ki, Birinci vitse-prezident \u201cMehriban xan\u0131m \u018fliyevan\u0131n f\u0259aliyy\u0259ti \u00f6lk\u0259nin \u201cYum\u015faq g\u00fcc\u201d siyas\u0259tinin t\u0259c\u0259ss\u00fcm\u00fcd\u00fcr. \u015e\u0259qrl\u0259 Q\u0259rbin geosiyasi k\u0259si\u015fm\u0259sind\u0259 yerl\u0259\u015f\u0259n Az\u0259rbaycan daim xarici t\u0259zyiql\u0259r\u0259 m\u0259ruz qal\u0131b. Bu s\u0259b\u0259bd\u0259n d\u0259 Az\u0259rbaycana dost \u00f6lk\u0259l\u0259rin say\u0131n\u0131n artmas\u0131 strateji \u0259h\u0259miyy\u0259t da\u015f\u0131y\u0131r. Beyn\u0259lxalq m\u00fcnasib\u0259tl\u0259r sistemind\u0259 Az\u0259rbaycan\u0131n dostu olan \u00f6lk\u0259l\u0259rin say\u0131n\u0131n artmas\u0131nda Birinci vitse-prezidentin misilsiz xidm\u0259tl\u0259ri var. Art\u0131q Mehriban xan\u0131m \u018fliyevan\u0131n humanizmi \u00f6z\u00fcnd\u0259 ehtiva ed\u0259n siyas\u0259ti b\u00fct\u00fcn d\u00fcnyada tan\u0131n\u0131n\u0131r v\u0259 bu amil Az\u0259rbaycana olan r\u0259\u011fb\u0259ti daha da&hellip;<\/p>\n","protected":false},"author":2,"featured_media":441682,"comment_status":"closed","ping_status":"closed","sticky":false,"template":"","format":"standard","meta":{"om_disable_all_campaigns":false,"_monsterinsights_skip_tracking":false,"_monsterinsights_sitenote_active":false,"_monsterinsights_sitenote_note":"","_monsterinsights_sitenote_category":0},"categories":[1],"tags":[],"aioseo_notices":[],"gutentor_comment":0,"rttpg_featured_image_url":{"full":["https:\/\/arantv.az\/wp-content\/uploads\/2022\/02\/9457fc28164542712128143760810906907.jpg",975,540,false],"landscape":["https:\/\/arantv.az\/wp-content\/uploads\/2022\/02\/9457fc28164542712128143760810906907.jpg",975,540,false],"portraits":["https:\/\/arantv.az\/wp-content\/uploads\/2022\/02\/9457fc28164542712128143760810906907.jpg",975,540,false],"thumbnail":["https:\/\/arantv.az\/wp-content\/uploads\/2022\/02\/9457fc28164542712128143760810906907-500x280.jpg",500,280,true],"medium":["https:\/\/arantv.az\/wp-content\/uploads\/2022\/02\/9457fc28164542712128143760810906907-660x365.jpg",660,365,true],"large":["https:\/\/arantv.az\/wp-content\/uploads\/2022\/02\/9457fc28164542712128143760810906907-840x465.jpg",640,354,true],"1536x1536":["https:\/\/arantv.az\/wp-content\/uploads\/2022\/02\/9457fc28164542712128143760810906907.jpg",975,540,false],"2048x2048":["https:\/\/arantv.az\/wp-content\/uploads\/2022\/02\/9457fc28164542712128143760810906907.jpg",975,540,false],"post-thumbnail":["https:\/\/arantv.az\/wp-content\/uploads\/2022\/02\/9457fc28164542712128143760810906907-240x172.jpg",240,172,true],"advps-thumb-one":["https:\/\/arantv.az\/wp-content\/uploads\/2022\/02\/9457fc28164542712128143760810906907.jpg",975,540,false]},"rttpg_author":{"display_name":"V\u00fcsal Rafiqo\u011flu","author_link":"https:\/\/arantv.az\/?author=2"},"rttpg_comment":0,"rttpg_category":"<a href=\"https:\/\/arantv.az\/?cat=1\" rel=\"category\">C\u0259miyy\u0259t<\/a>","rttpg_excerpt":"Bu g\u00fcn d\u00f6vl\u0259tl\u0259rin xarici siyas\u0259tind\u0259 effektiv n\u0259tic\u0259l\u0259r \u0259ld\u0259 etm\u0259sini \u015f\u0259rtl\u0259ndir\u0259n \u0259sas amill\u0259rd\u0259n biri \u201cYum\u015faq g\u00fcc\u201d siyas\u0259tinin u\u011furla apar\u0131lmas\u0131d\u0131r. Bu m\u0259nada dey\u0259 bil\u0259rik ki, Birinci vitse-prezident \u201cMehriban xan\u0131m \u018fliyevan\u0131n f\u0259aliyy\u0259ti \u00f6lk\u0259nin \u201cYum\u015faq g\u00fcc\u201d siyas\u0259tinin t\u0259c\u0259ss\u00fcm\u00fcd\u00fcr. \u015e\u0259qrl\u0259 Q\u0259rbin geosiyasi k\u0259si\u015fm\u0259sind\u0259 yerl\u0259\u015f\u0259n Az\u0259rbaycan daim xarici t\u0259zyiql\u0259r\u0259 m\u0259ruz qal\u0131b. Bu s\u0259b\u0259bd\u0259n d\u0259 Az\u0259rbaycana dost \u00f6lk\u0259l\u0259rin say\u0131n\u0131n artmas\u0131 strateji \u0259h\u0259miyy\u0259t&hellip;","_links":{"self":[{"href":"https:\/\/arantv.az\/index.php?rest_route=\/wp\/v2\/posts\/441681"}],"collection":[{"href":"https:\/\/arantv.az\/index.php?rest_route=\/wp\/v2\/posts"}],"about":[{"href":"https:\/\/arantv.az\/index.php?rest_route=\/wp\/v2\/types\/post"}],"author":[{"embeddable":true,"href":"https:\/\/arantv.az\/index.php?rest_route=\/wp\/v2\/users\/2"}],"replies":[{"embeddable":true,"href":"https:\/\/arantv.az\/index.php?rest_route=%2Fwp%2Fv2%2Fcomments&post=441681"}],"version-history":[{"count":0,"href":"https:\/\/arantv.az\/index.php?rest_route=\/wp\/v2\/posts\/441681\/revisions"}],"wp:featuredmedia":[{"embeddable":true,"href":"https:\/\/arantv.az\/index.php?rest_route=\/wp\/v2\/media\/441682"}],"wp:attachment":[{"href":"https:\/\/arantv.az\/index.php?rest_route=%2Fwp%2Fv2%2Fmedia&parent=441681"}],"wp:term":[{"taxonomy":"category","embeddable":true,"href":"https:\/\/arantv.az\/index.php?rest_route=%2Fwp%2Fv2%2Fcategories&post=441681"},{"taxonomy":"post_tag","embeddable":true,"href":"https:\/\/arantv.az\/index.php?rest_route=%2Fwp%2Fv2%2Ftags&post=441681"}],"curies":[{"name":"wp","href":"https:\/\/api.w.org\/{rel}","templated":true}]}}