{"id":441687,"date":"2022-02-21T12:50:44","date_gmt":"2022-02-21T09:50:44","guid":{"rendered":"http:\/\/arantv.az\/?p=441687"},"modified":"2022-02-21T12:50:44","modified_gmt":"2022-02-21T09:50:44","slug":"ilham-%c9%99liyev-rusiyaya-s%c9%99f%c9%99r-ed%c9%99c%c9%99k","status":"publish","type":"post","link":"https:\/\/arantv.az\/?p=441687","title":{"rendered":"\u0130lham \u018fliyev Rusiyaya s\u0259f\u0259r ed\u0259c\u0259k"},"content":{"rendered":"<p><strong>&#8220;Az\u0259rbaycan Rusiya il\u0259 \u0259laq\u0259l\u0259rin inki\u015faf\u0131na h\u0259mi\u015f\u0259 \u00f6n\u0259m verib&#8221;.<\/strong><\/p>\n<p><strong>ARANTV.AZ\u00a0<\/strong> x\u0259b\u0259r verir ki, bu s\u00f6zl\u0259ri APA-ya a\u00e7\u0131qlamas\u0131nda Milli M\u0259clisin M\u00fcdafi\u0259, t\u0259hl\u00fck\u0259sizlik v\u0259 korrupsiya il\u0259 m\u00fcbariz\u0259 komit\u0259sinin s\u0259dri Ziyaf\u0259t \u018fsg\u0259rov deyib.<\/p>\n<p>Parlamentin komit\u0259 s\u0259dri bildirib ki, Az\u0259rbaycan-Rusiya \u0259laq\u0259l\u0259rinin bundan sonra da y\u00fcks\u0259l\u0259n x\u0259tl\u0259 inki\u015faf ed\u0259c\u0259yi \u015f\u00fcbh\u0259sizdir:\u00a0&#8220;Prezident \u0130lham \u018fliyev ke\u00e7\u0259n il dekabr\u0131n 17-d\u0259 Rusiya Federasiyas\u0131n\u0131n Ba\u015f nazirinin m\u00fcavini Aleksey Over\u00e7uku q\u0259bul ed\u0259rk\u0259n d\u0259 Az\u0259rbaycanla Rusiya Federasiyas\u0131 aras\u0131nda ikit\u0259r\u0259fli m\u00fcnasib\u0259tl\u0259rin b\u00fct\u00fcn sah\u0259l\u0259rd\u0259 u\u011furla inki\u015faf etdiyi vur\u011fulanm\u0131\u015fd\u0131. G\u00f6r\u00fc\u015fd\u0259 ticar\u0259t d\u00f6vriyy\u0259sinin artd\u0131\u011f\u0131 x\u00fcsusi qeyd olunmu\u015f, iqtisadi \u0259m\u0259kda\u015fl\u0131\u011f\u0131n daha da geni\u015fl\u0259nm\u0259si \u00fc\u00e7\u00fcn yax\u015f\u0131 potensial\u0131n oldu\u011fu bildirilmi\u015fdi. G\u00f6r\u00fc\u015fd\u0259 Az\u0259rbaycanla Rusiya aras\u0131nda \u0259laq\u0259l\u0259rin inki\u015faf perspektivl\u0259ri il\u0259 ba\u011fl\u0131 fikir m\u00fcbadil\u0259si apar\u0131lm\u0131\u015fd\u0131. D\u00f6vl\u0259t ba\u015f\u00e7\u0131s\u0131 \u0130lham \u018fliyev D\u00fcnya Az\u0259rbaycanl\u0131lar\u0131n\u0131n H\u0259mr\u0259yliyi G\u00fcn\u00fc v\u0259 Yeni il m\u00fcnasib\u0259til\u0259 xalqa m\u00fcraci\u0259tind\u0259 d\u0259 bildirmi\u015fdi ki, Rusiya il\u0259 \u0259laq\u0259l\u0259rimiz u\u011furla inki\u015faf edir. Prezident eyni zamanda n\u00f6vb\u0259ti d\u00f6vrd\u0259 Rusiya il\u0259 \u0259laq\u0259l\u0259rimizin r\u0259sm\u0259n daha y\u00fcks\u0259k s\u0259viyy\u0259y\u0259 qald\u0131r\u0131laca\u011f\u0131na \u0259min oldu\u011funu vur\u011fulam\u0131\u015fd\u0131. Ba\u015fqa s\u00f6zl\u0259, Prezident \u0130lham \u018fliyev D\u00fcnya Az\u0259rbaycanl\u0131lar\u0131n\u0131n H\u0259mr\u0259yliyi G\u00fcn\u00fc v\u0259 Yeni il m\u00fcnasib\u0259til\u0259 xalqa m\u00fcraci\u0259tind\u0259 qar\u015f\u0131dan g\u0259l\u0259n d\u00f6vrd\u0259 Rusiya il\u0259 m\u00fcnasib\u0259tl\u0259rin yeni inki\u015faf s\u0259viyy\u0259sin\u0259 y\u00fcks\u0259ldil\u0259c\u0259yinin anonsunu vermi\u015fdi&#8221;.<\/p>\n<p>Z. \u018fsg\u0259rov bu h\u0259ft\u0259 Prezident \u0130lham \u018fliyevin Rusiyaya r\u0259smi s\u0259f\u0259r ed\u0259c\u0259yi bar\u0259d\u0259 Rusiya m\u0259tbuat\u0131nda yay\u0131lan m\u0259lumata da toxunub:\u00a0&#8220;Bu h\u0259ft\u0259 Prezident \u0130lham \u018fliyevin Rusiyaya s\u0259f\u0259ri bar\u0259d\u0259 yay\u0131lan x\u0259b\u0259r yenilik deyil, bu s\u0259f\u0259rin \u00e7oxdan planla\u015fd\u0131r\u0131ld\u0131\u011f\u0131 m\u0259lumdur. \u00c7\u00fcnki r\u0259smi s\u0259f\u0259rl\u0259r \u00f6nc\u0259d\u0259n planla\u015fd\u0131r\u0131l\u0131r, s\u0259f\u0259rin g\u00fcnd\u0259liyi, m\u00fczakir\u0259y\u0259 olunacaq m\u0259s\u0259l\u0259l\u0259r m\u00fc\u0259yy\u0259nl\u0259\u015fdirilir. S\u0259f\u0259r \u00e7\u0259r\u00e7iv\u0259sind\u0259 m\u00fcxt\u0259lif sah\u0259l\u0259r \u00fczr\u0259 qar\u015f\u0131l\u0131ql\u0131 \u0259laq\u0259l\u0259rin daha da inki\u015faf etdirilm\u0259sin\u0259 dair s\u0259n\u0259dl\u0259r imzalana bil\u0259r. El\u0259 bunun \u00f6z\u00fc d\u0259 s\u0259f\u0259rin uzun m\u00fcdd\u0259tdir, planla\u015fd\u0131r\u0131ld\u0131\u011f\u0131n\u0131 bir daha t\u0259sdiql\u0259yir. Bu s\u0259f\u0259r Az\u0259rbaycan-Rusiya m\u00fcnasib\u0259tl\u0259rinin daha da inki\u015faf etdirilm\u0259si istiqam\u0259tind\u0259 n\u00f6vb\u0259ti add\u0131m olacaq&#8221;.<\/p>\n","protected":false},"excerpt":{"rendered":"<p>&#8220;Az\u0259rbaycan Rusiya il\u0259 \u0259laq\u0259l\u0259rin inki\u015faf\u0131na h\u0259mi\u015f\u0259 \u00f6n\u0259m verib&#8221;. ARANTV.AZ\u00a0 x\u0259b\u0259r verir ki, bu s\u00f6zl\u0259ri APA-ya a\u00e7\u0131qlamas\u0131nda Milli M\u0259clisin M\u00fcdafi\u0259, t\u0259hl\u00fck\u0259sizlik v\u0259 korrupsiya il\u0259 m\u00fcbariz\u0259 komit\u0259sinin s\u0259dri Ziyaf\u0259t \u018fsg\u0259rov deyib. Parlamentin komit\u0259 s\u0259dri bildirib ki, Az\u0259rbaycan-Rusiya \u0259laq\u0259l\u0259rinin bundan sonra da y\u00fcks\u0259l\u0259n x\u0259tl\u0259 inki\u015faf ed\u0259c\u0259yi \u015f\u00fcbh\u0259sizdir:\u00a0&#8220;Prezident \u0130lham \u018fliyev ke\u00e7\u0259n il dekabr\u0131n 17-d\u0259 Rusiya Federasiyas\u0131n\u0131n Ba\u015f nazirinin m\u00fcavini Aleksey Over\u00e7uku q\u0259bul ed\u0259rk\u0259n d\u0259 Az\u0259rbaycanla Rusiya Federasiyas\u0131 aras\u0131nda ikit\u0259r\u0259fli m\u00fcnasib\u0259tl\u0259rin b\u00fct\u00fcn sah\u0259l\u0259rd\u0259 u\u011furla inki\u015faf etdiyi vur\u011fulanm\u0131\u015fd\u0131. G\u00f6r\u00fc\u015fd\u0259 ticar\u0259t d\u00f6vriyy\u0259sinin artd\u0131\u011f\u0131 x\u00fcsusi qeyd olunmu\u015f, iqtisadi \u0259m\u0259kda\u015fl\u0131\u011f\u0131n daha da geni\u015fl\u0259nm\u0259si \u00fc\u00e7\u00fcn yax\u015f\u0131 potensial\u0131n oldu\u011fu bildirilmi\u015fdi. G\u00f6r\u00fc\u015fd\u0259&hellip;<\/p>\n","protected":false},"author":2,"featured_media":441688,"comment_status":"closed","ping_status":"closed","sticky":false,"template":"","format":"standard","meta":{"om_disable_all_campaigns":false,"_monsterinsights_skip_tracking":false,"_monsterinsights_sitenote_active":false,"_monsterinsights_sitenote_note":"","_monsterinsights_sitenote_category":0},"categories":[4],"tags":[],"aioseo_notices":[],"gutentor_comment":0,"rttpg_featured_image_url":{"full":["https:\/\/arantv.az\/wp-content\/uploads\/2022\/02\/ilham_aliyev_2020_53-2.jpg",800,600,false],"landscape":["https:\/\/arantv.az\/wp-content\/uploads\/2022\/02\/ilham_aliyev_2020_53-2.jpg",800,600,false],"portraits":["https:\/\/arantv.az\/wp-content\/uploads\/2022\/02\/ilham_aliyev_2020_53-2.jpg",800,600,false],"thumbnail":["https:\/\/arantv.az\/wp-content\/uploads\/2022\/02\/ilham_aliyev_2020_53-2-500x280.jpg",500,280,true],"medium":["https:\/\/arantv.az\/wp-content\/uploads\/2022\/02\/ilham_aliyev_2020_53-2-487x365.jpg",487,365,true],"large":["https:\/\/arantv.az\/wp-content\/uploads\/2022\/02\/ilham_aliyev_2020_53-2.jpg",640,480,false],"1536x1536":["https:\/\/arantv.az\/wp-content\/uploads\/2022\/02\/ilham_aliyev_2020_53-2.jpg",800,600,false],"2048x2048":["https:\/\/arantv.az\/wp-content\/uploads\/2022\/02\/ilham_aliyev_2020_53-2.jpg",800,600,false],"post-thumbnail":["https:\/\/arantv.az\/wp-content\/uploads\/2022\/02\/ilham_aliyev_2020_53-2-240x172.jpg",240,172,true],"advps-thumb-one":["https:\/\/arantv.az\/wp-content\/uploads\/2022\/02\/ilham_aliyev_2020_53-2.jpg",800,600,false]},"rttpg_author":{"display_name":"V\u00fcsal Rafiqo\u011flu","author_link":"https:\/\/arantv.az\/?author=2"},"rttpg_comment":0,"rttpg_category":"<a href=\"https:\/\/arantv.az\/?cat=4\" rel=\"category\">Siyas\u0259t<\/a>","rttpg_excerpt":"&#8220;Az\u0259rbaycan Rusiya il\u0259 \u0259laq\u0259l\u0259rin inki\u015faf\u0131na h\u0259mi\u015f\u0259 \u00f6n\u0259m verib&#8221;. ARANTV.AZ\u00a0 x\u0259b\u0259r verir ki, bu s\u00f6zl\u0259ri APA-ya a\u00e7\u0131qlamas\u0131nda Milli M\u0259clisin M\u00fcdafi\u0259, t\u0259hl\u00fck\u0259sizlik v\u0259 korrupsiya il\u0259 m\u00fcbariz\u0259 komit\u0259sinin s\u0259dri Ziyaf\u0259t \u018fsg\u0259rov deyib. Parlamentin komit\u0259 s\u0259dri bildirib ki, Az\u0259rbaycan-Rusiya \u0259laq\u0259l\u0259rinin bundan sonra da y\u00fcks\u0259l\u0259n x\u0259tl\u0259 inki\u015faf ed\u0259c\u0259yi \u015f\u00fcbh\u0259sizdir:\u00a0&#8220;Prezident \u0130lham \u018fliyev ke\u00e7\u0259n il dekabr\u0131n 17-d\u0259 Rusiya Federasiyas\u0131n\u0131n Ba\u015f nazirinin m\u00fcavini&hellip;","_links":{"self":[{"href":"https:\/\/arantv.az\/index.php?rest_route=\/wp\/v2\/posts\/441687"}],"collection":[{"href":"https:\/\/arantv.az\/index.php?rest_route=\/wp\/v2\/posts"}],"about":[{"href":"https:\/\/arantv.az\/index.php?rest_route=\/wp\/v2\/types\/post"}],"author":[{"embeddable":true,"href":"https:\/\/arantv.az\/index.php?rest_route=\/wp\/v2\/users\/2"}],"replies":[{"embeddable":true,"href":"https:\/\/arantv.az\/index.php?rest_route=%2Fwp%2Fv2%2Fcomments&post=441687"}],"version-history":[{"count":0,"href":"https:\/\/arantv.az\/index.php?rest_route=\/wp\/v2\/posts\/441687\/revisions"}],"wp:featuredmedia":[{"embeddable":true,"href":"https:\/\/arantv.az\/index.php?rest_route=\/wp\/v2\/media\/441688"}],"wp:attachment":[{"href":"https:\/\/arantv.az\/index.php?rest_route=%2Fwp%2Fv2%2Fmedia&parent=441687"}],"wp:term":[{"taxonomy":"category","embeddable":true,"href":"https:\/\/arantv.az\/index.php?rest_route=%2Fwp%2Fv2%2Fcategories&post=441687"},{"taxonomy":"post_tag","embeddable":true,"href":"https:\/\/arantv.az\/index.php?rest_route=%2Fwp%2Fv2%2Ftags&post=441687"}],"curies":[{"name":"wp","href":"https:\/\/api.w.org\/{rel}","templated":true}]}}