{"id":441693,"date":"2022-02-21T12:54:09","date_gmt":"2022-02-21T09:54:09","guid":{"rendered":"http:\/\/arantv.az\/?p=441693"},"modified":"2022-02-21T12:54:09","modified_gmt":"2022-02-21T09:54:09","slug":"xank%c9%99ndind%c9%99-erm%c9%99nil%c9%99r%c9%99-rusiya-pasportu-paylayirlar","status":"publish","type":"post","link":"https:\/\/arantv.az\/?p=441693","title":{"rendered":"Xank\u0259ndind\u0259 erm\u0259nil\u0259r\u0259 &#8220;Rusiya pasportu&#8221; paylay\u0131rlar"},"content":{"rendered":"<blockquote><p><em><strong>&#8220;Bordo pasportlar&#8221;. \u00d6zl\u0259rini &#8220;Da\u011fl\u0131q Qaraba\u011f\u0131n Rus \u0130cmas\u0131n\u0131n \u00fczvl\u0259ri&#8221; adland\u0131ran \u015f\u0259xsl\u0259rin &#8220;\u00fczvl\u00fck v\u0259siq\u0259&#8221;l\u0259rini yerli erm\u0259nil\u0259r m\u0259hz bel\u0259 adland\u0131r\u0131rlar.<\/strong><\/em><\/p><\/blockquote>\n<p>&#8220;S\u0259n\u0259d&#8221;i Xank\u0259ndid\u0259 erm\u0259nil\u0259r\u0259 &#8220;Rus \u0130cmas\u0131n\u0131n r\u0259hb\u0259ri&#8221; oldu\u011funu iddia ed\u0259n Aleksandr Bordov paylay\u0131r.<\/p>\n<p>Bel\u0259 &#8220;s\u0259n\u0259d&#8221; alan \u015f\u0259xsi yerli erm\u0259nil\u0259r &#8220;Rusiya Federasiyas\u0131n\u0131n v\u0259t\u0259nda\u015f\u0131&#8221; hesab edirl\u0259r.<\/p>\n<p>A.Bordov Rusiyan\u0131n s\u00fclhm\u0259raml\u0131 q\u00fcvv\u0259l\u0259rinin m\u00fcv\u0259qq\u0259ti n\u0259zar\u0259tind\u0259 olan \u0259razil\u0259rd\u0259 &#8220;RF v\u0259t\u0259nda\u015flar\u0131n\u0131n siyah\u0131yaal\u0131nmas\u0131n\u0131n ke\u00e7irilm\u0259si&#8221;nin d\u0259 t\u0259\u015f\u0259bb\u00fcskar\u0131d\u0131r.<\/p>\n<p>Rusiyal\u0131 s\u00fclhm\u0259raml\u0131lar\u0131n n\u0259zar\u0259tind\u0259ki \u0259razil\u0259rd\u0259 &#8220;m\u0259d\u0259ni-maarifl\u0259ndirm\u0259 layih\u0259si&#8221; kimi t\u0259qdim edil\u0259n &#8220;Rusiya d\u00fcnyas\u0131&#8221; proqram\u0131n\u0131n\u0131n h\u0259yata ke\u00e7irilm\u0259sin\u0259 ba\u015f\u00e7\u0131l\u0131q ed\u0259n A.Bordov m\u0259hz s\u00fclhm\u0259raml\u0131 kontingentin icaz\u0259si il\u0259 &#8211; daha do\u011frusu, g\u00f6st\u0259ri\u015fi il\u0259 &#8211; &#8220;Rusdillil\u0259r C\u0259miyy\u0259ti&#8221; d\u0259 yarad\u0131b.<\/p>\n<p>Bu c\u0259miyy\u0259t qaraba\u011fl\u0131 erm\u0259nil\u0259r aras\u0131nda ist\u0259nil\u0259n \u015f\u0259xsin rus dili \u00f6yr\u0259nm\u0259sini pulsuz t\u0259min edir, Xank\u0259ndind\u0259 rus dilind\u0259 elmi monoqrafiyalar\u0131n v\u0259 b\u0259dii \u0259d\u0259biyyat\u0131n \u00e7ap\u0131n\u0131 t\u0259\u015fkil edir.<\/p>\n<p><img src=\"https:\/\/img.milli.az\/2022\/02\/21\/photo_2022-02-21_10-20-07.jpg\" alt=\"\" \/><\/p>\n<p>&#8220;Bizim t\u0259\u015fkilat\u0131n f\u0259aliyy\u0259ti yerli erm\u0259nil\u0259ri \u0259min etdi ki, buradak\u0131 rusiyal\u0131lar v\u0259 ruslar do\u011fma bildikl\u0259ri Qaraba\u011f\u0131 t\u0259rk etm\u0259k niyy\u0259tind\u0259 deyill\u0259r. Erm\u0259nil\u0259rl\u0259 ruslar h\u0259mi\u015f\u0259 bir olublar, d\u00f6y\u00fc\u015fd\u0259 v\u0259 \u0259m\u0259kd\u0259 \u00e7iyin-\u00e7iyin\u0259 durublar. Biz Da\u011fl\u0131q Qaraba\u011f u\u011frunda birlikd\u0259 d\u00f6y\u00fc\u015fm\u00fc\u015f\u00fck v\u0259 indi d\u0259 i\u015f\u0131ql\u0131 g\u0259l\u0259c\u0259yimizi qurma\u011fa \u00e7al\u0131\u015f\u0131r\u0131q. Da\u011fl\u0131q Qaraba\u011fdak\u0131 slavyan d\u00fcnyas\u0131 qarda\u015f pravoslav xalqlar\u0131n v\u0259hd\u0259tinin parlaq n\u00fcmun\u0259sidir&#8221;, &#8211; A.Bordov deyib.<\/p>\n<p>A.Bordovun m\u00fcavini, &#8220;t\u0259\u015fkilat&#8221;\u0131n \u0259vv\u0259lki s\u0259dri Qalina Somova is\u0259 Rusiya Federasiyas\u0131n\u0131n Prezidenti Vladimir Putin\u0259 m\u00fcraci\u0259t \u00fcnvanlayaraq yazm\u0131\u015fd\u0131: &#8220;\u00c7ox h\u00f6rm\u0259tli Vladimir Vladimirovi\u00e7! Az\u0259rbaycanla T\u00fcrkiy\u0259y\u0259 imkan verm\u0259yin ki, bizi, Qaraba\u011fdak\u0131 xristianlar\u0131 q\u0131r\u0131b m\u0259hv etsinl\u0259r, soyq\u0131r\u0131m\u0131 h\u0259yata ke\u00e7irsinl\u0259r&#8221;.<\/p>\n<p>Erm\u0259nistan\u0131n hakimiyy\u0259t dair\u0259l\u0259rinin v\u0259 Xank\u0259ndind\u0259ki separat\u00e7\u0131 rejimin iddialar\u0131na g\u00f6r\u0259, haz\u0131rda &#8220;Qaraba\u011f\u0131n rus icmas\u0131&#8221;n\u0131n 1560 \u00fczv\u00fc var. Onlar\u0131n \u00e7oxunun Xank\u0259ndind\u0259n k\u0259narda, postsovet m\u0259kan\u0131 \u00f6lk\u0259l\u0259rind\u0259, x\u00fcsusil\u0259 d\u0259 Rusiyada ya\u015fad\u0131qlar\u0131 vur\u011fulan\u0131r.<\/p>\n<p>Rusiyal\u0131 s\u00fclhm\u0259raml\u0131 kontingentin m\u00fcv\u0259qq\u0259ti n\u0259zar\u0259tind\u0259ki \u0259razil\u0259rd\u0259 n\u0259 q\u0259d\u0259r rus ya\u015fay\u0131r?<\/p>\n<p>1989-cu ild\u0259 ke\u00e7irilmi\u015f son sovet siyah\u0131yaal\u0131nmas\u0131na g\u00f6r\u0259, o d\u00f6vrd\u0259ki Da\u011fl\u0131q Qaraba\u011f M\u00fcxtar Vilay\u0259tinin \u0259razisind\u0259 slavyan etnoslar\u0131na m\u0259nsub 2402 n\u0259f\u0259r ya\u015fay\u0131rd\u0131. 2015-ci ild\u0259 is\u0259 Da\u011fl\u0131q Qaraba\u011fda 238 rus v\u0259 26 ukraynal\u0131 vard\u0131.<\/p>\n<p>Y\u0259ni ruslarla ukraynal\u0131lar 44 g\u00fcnl\u00fck V\u0259t\u0259n M\u00fcharib\u0259sind\u0259 yox, Birinci Qaraba\u011f M\u00fcharib\u0259si zaman\u0131 ev-e\u015fikl\u0259rini qoyub qa\u00e7\u0131rd\u0131lar. \u00d6z\u00fc d\u0259 onlar \u015f\u0259h\u0259rl\u0259r, k\u0259nd v\u0259 q\u0259s\u0259b\u0259l\u0259r erm\u0259ni i\u015f\u011fal\u0131na u\u011frayanda evl\u0259rini t\u0259rk edirdil\u0259r.<\/p>\n<p><img src=\"https:\/\/img.milli.az\/2022\/02\/21\/a2ddc6e11ccabdcdce5348a39729da6c.jpg\" alt=\"\" \/><\/p>\n<p>Ruslar\u0131 qovmalar\u0131na r\u0259\u011fm\u0259n erm\u0259nil\u0259r 30 illik i\u015f\u011fal d\u00f6n\u0259mind\u0259 fasil\u0259siz olaraq &#8220;rus amili&#8221;ind\u0259n yararlanma\u011fa \u00e7al\u0131\u015fm\u0131\u015fd\u0131lar.<\/p>\n<p>Az\u0259rbaycan \u0259razil\u0259rinin Erm\u0259nistan qo\u015funlar\u0131 t\u0259r\u0259find\u0259n i\u015f\u011fal edilm\u0259sin\u0259 &#8220;haqq qazand\u0131ran&#8221; t\u0259bli\u011fat materiallar\u0131nda, yaz\u0131larda v\u0259 videolarda \u0259sla, amma \u0259sla v\u0259 \u0259sla bu materiallarda Qaraba\u011fdak\u0131 ruslardan dan\u0131\u015f\u0131lmay\u0131b.<\/p>\n<p>Bir k\u0259lm\u0259 d\u0259.<\/p>\n<p>&#8220;Qaraba\u011f\u0131n Rusiya icmas\u0131&#8221; ifad\u0259si d\u0259 30 illik i\u015f\u011fal d\u00f6n\u0259mind\u0259 sad\u0259c\u0259, 4 (!) d\u0259f\u0259 informasiya m\u0259kan\u0131nda, azsayl\u0131 x\u0259b\u0259rl\u0259rd\u0259 peyda olub yoxa \u00e7\u0131x\u0131b.<\/p>\n<p>Az\u0259rbaycan \u0259razil\u0259rinin erm\u0259ni i\u015f\u011fal\u0131na daim v\u0259 fasil\u0259siz haqq qazand\u0131raraq Erm\u0259nistanla erm\u0259ni diasporunun ruporu rolunu oynam\u0131\u015f \u015f\u0259xsl\u0259r d\u0259 Rusiyada bir d\u0259f\u0259 olsun bel\u0259 (!) &#8220;Qaraba\u011fdak\u0131 rusiyal\u0131lar icmas\u0131&#8221; ifad\u0259sini s\u00f6yl\u0259m\u0259yibl\u0259r.<\/p>\n<p>Bel\u0259likl\u0259, a\u015fkard\u0131r ki, &#8220;Qaraba\u011fda Rusiya icmas\u0131&#8221; adlanan idefiks Erm\u0259nistan\u0131n hakimiyy\u0259t dair\u0259l\u0259rinin v\u0259 ultra\u015fovinistl\u0259rin u\u011fursuz layih\u0259si olaraq h\u0259rd\u0259nbir g\u00fcnd\u0259m\u0259 g\u0259tirilir.<\/p>\n<p>44 g\u00fcnl\u00fck V\u0259t\u0259n M\u00fcharib\u0259si ba\u015fa \u00e7atandan sonra is\u0259 erm\u0259nil\u0259r Qaraba\u011fda Donbas ssenarisinin realla\u015fd\u0131r\u0131lmas\u0131n\u0131 arzulama\u011fa ba\u015flay\u0131blar. Xank\u0259ndind\u0259ki separat\u00e7\u0131 rejimin rus dilini &#8220;ikincti d\u00f6vl\u0259t dili&#8221; elan etm\u0259si d\u0259 m\u0259hz bununla ba\u011fl\u0131d\u0131r.<\/p>\n<p>Haz\u0131rda rusiyal\u0131 s\u00fclhm\u0259raml\u0131lar\u0131n m\u00fcv\u0259qq\u0259ti n\u0259zar\u0259tind\u0259ki \u0259razil\u0259rd\u0259 ya\u015fayan ruslar\u0131 bir \u0259lin barmaqlar\u0131 il\u0259 saymaq olar. 30 illik i\u015f\u011fal d\u00f6vr\u00fcnd\u0259 &#8220;Qaraba\u011fdak\u0131 ruslar v\u0259 rusdillil\u0259r&#8221; m\u0259s\u0259l\u0259sinin g\u00fcnd\u0259m\u0259 g\u0259tirilm\u0259diyini, haz\u0131rda b\u00f6lg\u0259d\u0259 ruslar\u0131n praktiki olaraq ya\u015famad\u0131qlar\u0131n\u0131 n\u0259z\u0259r\u0259 alsaq, b\u0259hs etdiyimiz m\u0259s\u0259l\u0259nin indi g\u00fcnd\u0259m\u0259 g\u0259tirilm\u0259si s\u0131rf geosiyasi m\u0259qs\u0259dl\u0259rl\u0259 ba\u011fl\u0131d\u0131r.<\/p>\n<p>\u0130\u015f\u011fal ill\u0259rind\u0259 Qaraba\u011f\u0131 t\u0259rk etmi\u015f rus ail\u0259l\u0259ri indi, torpaqlar\u0131m\u0131z erm\u0259ni i\u015f\u011fal\u0131ndan azad edil\u0259nd\u0259n sonra geriy\u0259, ev-e\u015fikl\u0259rin\u0259 qay\u0131tmaq ist\u0259yirl\u0259r.<\/p>\n<p>\u0130\u015f\u011fal ill\u0259rind\u0259 erm\u0259nil\u0259r Qaraba\u011fdak\u0131 istisnas\u0131z olaraq b\u00fct\u00fcn rus pravoslav kils\u0259l\u0259rini darmada\u011f\u0131n ed\u0259r\u0259k viran qoyublar, ya da erm\u0259nil\u0259\u015fdiribl\u0259r.<\/p>\n<p><img src=\"https:\/\/img.milli.az\/2022\/02\/21\/saxta5.jpg\" alt=\"\" \/><\/p>\n<p>Buna sad\u0259c\u0259, bir misal: 1847-ci ild\u0259 \u015eu\u015fada tikilmi\u015f rus kils\u0259sinin g\u00fcnb\u0259zini da\u011f\u0131dan erm\u0259nil\u0259r oraya erm\u0259ni xa\u00e7\u0131 b\u0259rkid\u0259r\u0259k kils\u0259nin ad\u0131n\u0131 d\u0259yi\u015f\u0259r\u0259k &#8220;Xana\u00e7 jam&#8221; etmi\u015fdil\u0259r.<\/p>\n<p>2009-cu ild\u0259 Xank\u0259ndind\u0259 M\u00fcq\u0259dd\u0259s M\u0259ry\u0259m Ana pravoslav kils\u0259sinin t\u0259m\u0259linin ilk da\u015f\u0131 qoyulmu\u015fdu. &#8220;Qaraba\u011f\u0131n rus icmas\u0131&#8221; kils\u0259nin tikintisi \u00fc\u00e7\u00fcn guya 6110 kvadrat metr \u0259razi alm\u0131\u015fd\u0131. T\u0259m\u0259latma m\u0259rasimin\u0259 Xank\u0259ndin\u0259 h\u0259tta Rusiyadan n\u00fcmay\u0259nd\u0259 hey\u0259ti d\u0259 g\u0259lmi\u015fdi v\u0259 Rus Pravoslav Kils\u0259sinin ke\u015fi\u015fi Andrey separat\u00e7\u0131 rejimin r\u0259hb\u0259rliyin\u0259 minn\u0259tdarl\u0131q da etmi\u015fdi.<\/p>\n<p>F\u0259q\u0259t, i\u015fl\u0259r t\u0259m\u0259l\u0259 bir da\u015f qoymaqdan o t\u0259r\u0259f\u0259 ke\u00e7m\u0259mi\u015fdi.<\/p>\n<p>\u0130ndis\u0259 &#8220;Da\u011fl\u0131q Qaraba\u011f&#8221; adl\u0131 \u0259razi yoxdur. Olan Qaraba\u011fd\u0131r.<\/p>\n<p>Qaraba\u011fdak\u0131 &#8220;Rus \u0130cmas\u0131&#8221; is\u0259 b\u00fct\u00fcnl\u00fckl\u0259 saxta, uydurma qurumdur.<\/p>\n<p>Xank\u0259ndind\u0259ki terror\u00e7u xunta v\u0259 Erm\u0259nistan\u0131n hakimiyy\u0259t dair\u0259l\u0259ri bel\u0259 strukturun var oldu\u011funu vur\u011fulamaqla, \u00fcst\u0259lik rusiyal\u0131 s\u00fclhm\u0259raml\u0131lar\u0131n n\u0259zar\u0259tind\u0259ki \u0259razil\u0259rd\u0259ki erm\u0259nil\u0259r\u0259 &#8220;Rusiya pasportu&#8221; v\u0259d etm\u0259kl\u0259 Ukraynan\u0131n \u015f\u0259rqind\u0259ki Donestk v\u0259 Luqansk ssenaril\u0259rini t\u0259krarlamaq ist\u0259yirl\u0259r.<\/p>\n","protected":false},"excerpt":{"rendered":"<p>&#8220;Bordo pasportlar&#8221;. \u00d6zl\u0259rini &#8220;Da\u011fl\u0131q Qaraba\u011f\u0131n Rus \u0130cmas\u0131n\u0131n \u00fczvl\u0259ri&#8221; adland\u0131ran \u015f\u0259xsl\u0259rin &#8220;\u00fczvl\u00fck v\u0259siq\u0259&#8221;l\u0259rini yerli erm\u0259nil\u0259r m\u0259hz bel\u0259 adland\u0131r\u0131rlar. &#8220;S\u0259n\u0259d&#8221;i Xank\u0259ndid\u0259 erm\u0259nil\u0259r\u0259 &#8220;Rus \u0130cmas\u0131n\u0131n r\u0259hb\u0259ri&#8221; oldu\u011funu iddia ed\u0259n Aleksandr Bordov paylay\u0131r. Bel\u0259 &#8220;s\u0259n\u0259d&#8221; alan \u015f\u0259xsi yerli erm\u0259nil\u0259r &#8220;Rusiya Federasiyas\u0131n\u0131n v\u0259t\u0259nda\u015f\u0131&#8221; hesab edirl\u0259r. A.Bordov Rusiyan\u0131n s\u00fclhm\u0259raml\u0131 q\u00fcvv\u0259l\u0259rinin m\u00fcv\u0259qq\u0259ti n\u0259zar\u0259tind\u0259 olan \u0259razil\u0259rd\u0259 &#8220;RF v\u0259t\u0259nda\u015flar\u0131n\u0131n siyah\u0131yaal\u0131nmas\u0131n\u0131n ke\u00e7irilm\u0259si&#8221;nin d\u0259 t\u0259\u015f\u0259bb\u00fcskar\u0131d\u0131r. Rusiyal\u0131 s\u00fclhm\u0259raml\u0131lar\u0131n n\u0259zar\u0259tind\u0259ki \u0259razil\u0259rd\u0259 &#8220;m\u0259d\u0259ni-maarifl\u0259ndirm\u0259 layih\u0259si&#8221; kimi t\u0259qdim edil\u0259n &#8220;Rusiya d\u00fcnyas\u0131&#8221; proqram\u0131n\u0131n\u0131n h\u0259yata ke\u00e7irilm\u0259sin\u0259 ba\u015f\u00e7\u0131l\u0131q ed\u0259n A.Bordov m\u0259hz s\u00fclhm\u0259raml\u0131 kontingentin icaz\u0259si il\u0259 &#8211; daha do\u011frusu, g\u00f6st\u0259ri\u015fi il\u0259 &#8211; &#8220;Rusdillil\u0259r C\u0259miyy\u0259ti&#8221; d\u0259 yarad\u0131b. Bu c\u0259miyy\u0259t qaraba\u011fl\u0131 erm\u0259nil\u0259r&hellip;<\/p>\n","protected":false},"author":2,"featured_media":441694,"comment_status":"closed","ping_status":"closed","sticky":false,"template":"","format":"standard","meta":{"om_disable_all_campaigns":false,"_monsterinsights_skip_tracking":false,"_monsterinsights_sitenote_active":false,"_monsterinsights_sitenote_note":"","_monsterinsights_sitenote_category":0},"categories":[4],"tags":[],"aioseo_notices":[],"gutentor_comment":0,"rttpg_featured_image_url":{"full":["https:\/\/arantv.az\/wp-content\/uploads\/2022\/02\/3648586967.jpg",750,499,false],"landscape":["https:\/\/arantv.az\/wp-content\/uploads\/2022\/02\/3648586967.jpg",750,499,false],"portraits":["https:\/\/arantv.az\/wp-content\/uploads\/2022\/02\/3648586967.jpg",750,499,false],"thumbnail":["https:\/\/arantv.az\/wp-content\/uploads\/2022\/02\/3648586967-500x280.jpg",500,280,true],"medium":["https:\/\/arantv.az\/wp-content\/uploads\/2022\/02\/3648586967-549x365.jpg",549,365,true],"large":["https:\/\/arantv.az\/wp-content\/uploads\/2022\/02\/3648586967.jpg",640,426,false],"1536x1536":["https:\/\/arantv.az\/wp-content\/uploads\/2022\/02\/3648586967.jpg",750,499,false],"2048x2048":["https:\/\/arantv.az\/wp-content\/uploads\/2022\/02\/3648586967.jpg",750,499,false],"post-thumbnail":["https:\/\/arantv.az\/wp-content\/uploads\/2022\/02\/3648586967-240x172.jpg",240,172,true],"advps-thumb-one":["https:\/\/arantv.az\/wp-content\/uploads\/2022\/02\/3648586967.jpg",750,499,false]},"rttpg_author":{"display_name":"V\u00fcsal Rafiqo\u011flu","author_link":"https:\/\/arantv.az\/?author=2"},"rttpg_comment":0,"rttpg_category":"<a href=\"https:\/\/arantv.az\/?cat=4\" rel=\"category\">Siyas\u0259t<\/a>","rttpg_excerpt":"&#8220;Bordo pasportlar&#8221;. \u00d6zl\u0259rini &#8220;Da\u011fl\u0131q Qaraba\u011f\u0131n Rus \u0130cmas\u0131n\u0131n \u00fczvl\u0259ri&#8221; adland\u0131ran \u015f\u0259xsl\u0259rin &#8220;\u00fczvl\u00fck v\u0259siq\u0259&#8221;l\u0259rini yerli erm\u0259nil\u0259r m\u0259hz bel\u0259 adland\u0131r\u0131rlar. &#8220;S\u0259n\u0259d&#8221;i Xank\u0259ndid\u0259 erm\u0259nil\u0259r\u0259 &#8220;Rus \u0130cmas\u0131n\u0131n r\u0259hb\u0259ri&#8221; oldu\u011funu iddia ed\u0259n Aleksandr Bordov paylay\u0131r. Bel\u0259 &#8220;s\u0259n\u0259d&#8221; alan \u015f\u0259xsi yerli erm\u0259nil\u0259r &#8220;Rusiya Federasiyas\u0131n\u0131n v\u0259t\u0259nda\u015f\u0131&#8221; hesab edirl\u0259r. A.Bordov Rusiyan\u0131n s\u00fclhm\u0259raml\u0131 q\u00fcvv\u0259l\u0259rinin m\u00fcv\u0259qq\u0259ti n\u0259zar\u0259tind\u0259 olan \u0259razil\u0259rd\u0259 &#8220;RF v\u0259t\u0259nda\u015flar\u0131n\u0131n siyah\u0131yaal\u0131nmas\u0131n\u0131n ke\u00e7irilm\u0259si&#8221;nin d\u0259 t\u0259\u015f\u0259bb\u00fcskar\u0131d\u0131r. Rusiyal\u0131&hellip;","_links":{"self":[{"href":"https:\/\/arantv.az\/index.php?rest_route=\/wp\/v2\/posts\/441693"}],"collection":[{"href":"https:\/\/arantv.az\/index.php?rest_route=\/wp\/v2\/posts"}],"about":[{"href":"https:\/\/arantv.az\/index.php?rest_route=\/wp\/v2\/types\/post"}],"author":[{"embeddable":true,"href":"https:\/\/arantv.az\/index.php?rest_route=\/wp\/v2\/users\/2"}],"replies":[{"embeddable":true,"href":"https:\/\/arantv.az\/index.php?rest_route=%2Fwp%2Fv2%2Fcomments&post=441693"}],"version-history":[{"count":0,"href":"https:\/\/arantv.az\/index.php?rest_route=\/wp\/v2\/posts\/441693\/revisions"}],"wp:featuredmedia":[{"embeddable":true,"href":"https:\/\/arantv.az\/index.php?rest_route=\/wp\/v2\/media\/441694"}],"wp:attachment":[{"href":"https:\/\/arantv.az\/index.php?rest_route=%2Fwp%2Fv2%2Fmedia&parent=441693"}],"wp:term":[{"taxonomy":"category","embeddable":true,"href":"https:\/\/arantv.az\/index.php?rest_route=%2Fwp%2Fv2%2Fcategories&post=441693"},{"taxonomy":"post_tag","embeddable":true,"href":"https:\/\/arantv.az\/index.php?rest_route=%2Fwp%2Fv2%2Ftags&post=441693"}],"curies":[{"name":"wp","href":"https:\/\/api.w.org\/{rel}","templated":true}]}}