{"id":441696,"date":"2022-02-21T12:55:01","date_gmt":"2022-02-21T09:55:01","guid":{"rendered":"http:\/\/arantv.az\/?p=441696"},"modified":"2022-02-21T12:55:01","modified_gmt":"2022-02-21T09:55:01","slug":"f%c9%99rid-qayibov-g%c9%99ncl%c9%99ri-yuks%c9%99lis-musabiq%c9%99sin%c9%99-s%c9%99sl%c9%99yib","status":"publish","type":"post","link":"https:\/\/arantv.az\/?p=441696","title":{"rendered":"F\u0259rid Qay\u0131bov g\u0259ncl\u0259ri \u201cY\u00fcks\u0259li\u015f\u201d m\u00fcsabiq\u0259sin\u0259 s\u0259sl\u0259yib"},"content":{"rendered":"<p><strong>&#8220;Y\u00fcks\u0259li\u015f&#8221; m\u00fcsabiq\u0259sinin qeydiyyat m\u0259rh\u0259l\u0259si 31 mart tarixin\u0259 kimi davam edir.<\/strong><\/p>\n<p>Az\u0259rbaycan Respublikas\u0131n\u0131n g\u0259ncl\u0259r v\u0259 idman naziri F\u0259rid Qay\u0131bov g\u0259ncl\u0259r\u0259 &#8220;Y\u00fcks\u0259li\u015f&#8221; m\u00fcsabiq\u0259si il\u0259 ba\u011fl\u0131 m\u00fcraci\u0259t edib: &#8220;Bu m\u00fcsabiq\u0259nin \u0259sas m\u0259qs\u0259di potensiall\u0131 kadrlar\u0131n a\u015fkarlanmas\u0131, d\u0259st\u0259kl\u0259nm\u0259sidir. M\u00fcsabiq\u0259d\u0259 bir ne\u00e7\u0259 m\u0259rh\u0259l\u0259d\u0259n ibar\u0259tdir. Bu m\u0259rh\u0259l\u0259l\u0259r h\u0259m maraql\u0131, h\u0259m d\u0259 h\u0259y\u0259canvericidir. B\u00fct\u00fcn bu amill\u0259r bizim i\u015ftirak\u00e7\u0131lara idar\u0259etm\u0259 al\u0259tl\u0259ri, yeni bilikl\u0259r, yeni \u0259laq\u0259l\u0259r qazand\u0131r\u0131r. B\u00fct\u00fcn bunlar g\u00f6z\u0259l f\u00fcrs\u0259tdir. Ham\u0131n\u0131z\u0131 bu m\u00fcsabiq\u0259d\u0259 i\u015ftiraka d\u0259v\u0259t edir\u0259m.&#8221; Nazir x\u00fcsusi olaraq g\u0259ncl\u0259ri v\u0259 idman\u00e7\u0131lar\u0131 m\u00fcsabiq\u0259d\u0259 aktiv olma\u011fa \u00e7a\u011f\u0131r\u0131b.<\/p>\n<p>Qeyd ed\u0259k ki, 17 fevral tarixind\u0259n etibar\u0259n ikinci &#8220;Y\u00fcks\u0259li\u015f&#8221; m\u00fcsabiq\u0259sinin qeydiyyat m\u0259rh\u0259l\u0259sin\u0259 start verilib. 21-51 ya\u015f aras\u0131nda olan, ali t\u0259hsilli, \u0259n az\u0131 2 il idar\u0259\u00e7ilik t\u0259cr\u00fcb\u0259sin\u0259 malik Az\u0259rbaycan Respublikas\u0131n\u0131n v\u0259t\u0259nda\u015flar\u0131 qeydiyyatdan ke\u00e7\u0259r\u0259k m\u00fcsabiq\u0259d\u0259 i\u015ftirak ed\u0259 bil\u0259r.<\/p>\n<p>Qeydiyyat &#8220;Y\u00fcks\u0259li\u015f&#8221; m\u00fcsabiq\u0259sinin sayt\u0131 (www.yukselish.az) vasitil\u0259sil\u0259 h\u0259yata ke\u00e7irilir.<\/p>\n<p>Qeyd ed\u0259k ki, &#8220;Y\u00fcks\u0259li\u015f&#8221; m\u00fcsabiq\u0259si Az\u0259rbaycan Respublikas\u0131n\u0131n Prezidenti C\u0259nab \u0130lham \u018fliyevin 26 iyul 2019-cu il tarixind\u0259 imzalad\u0131\u011f\u0131 S\u0259r\u0259ncamla intellektual s\u0259viyy\u0259si v\u0259 idar\u0259\u00e7ilik bacar\u0131qlar\u0131 y\u00fcks\u0259k olan perspektivli r\u0259hb\u0259r \u015f\u0259xsl\u0259rin m\u00fc\u0259yy\u0259n edilm\u0259sini, d\u0259st\u0259kl\u0259nm\u0259sini v\u0259 \u00f6lk\u0259d\u0259 kadr ehtiyat\u0131 bank\u0131n\u0131n yarad\u0131lmas\u0131n\u0131 t\u0259min etm\u0259k m\u0259qs\u0259dil\u0259 t\u0259sis olunub.<\/p>\n","protected":false},"excerpt":{"rendered":"<p>&#8220;Y\u00fcks\u0259li\u015f&#8221; m\u00fcsabiq\u0259sinin qeydiyyat m\u0259rh\u0259l\u0259si 31 mart tarixin\u0259 kimi davam edir. Az\u0259rbaycan Respublikas\u0131n\u0131n g\u0259ncl\u0259r v\u0259 idman naziri F\u0259rid Qay\u0131bov g\u0259ncl\u0259r\u0259 &#8220;Y\u00fcks\u0259li\u015f&#8221; m\u00fcsabiq\u0259si il\u0259 ba\u011fl\u0131 m\u00fcraci\u0259t edib: &#8220;Bu m\u00fcsabiq\u0259nin \u0259sas m\u0259qs\u0259di potensiall\u0131 kadrlar\u0131n a\u015fkarlanmas\u0131, d\u0259st\u0259kl\u0259nm\u0259sidir. M\u00fcsabiq\u0259d\u0259 bir ne\u00e7\u0259 m\u0259rh\u0259l\u0259d\u0259n ibar\u0259tdir. Bu m\u0259rh\u0259l\u0259l\u0259r h\u0259m maraql\u0131, h\u0259m d\u0259 h\u0259y\u0259canvericidir. B\u00fct\u00fcn bu amill\u0259r bizim i\u015ftirak\u00e7\u0131lara idar\u0259etm\u0259 al\u0259tl\u0259ri, yeni bilikl\u0259r, yeni \u0259laq\u0259l\u0259r qazand\u0131r\u0131r. B\u00fct\u00fcn bunlar g\u00f6z\u0259l f\u00fcrs\u0259tdir. Ham\u0131n\u0131z\u0131 bu m\u00fcsabiq\u0259d\u0259 i\u015ftiraka d\u0259v\u0259t edir\u0259m.&#8221; Nazir x\u00fcsusi olaraq g\u0259ncl\u0259ri v\u0259 idman\u00e7\u0131lar\u0131 m\u00fcsabiq\u0259d\u0259 aktiv olma\u011fa \u00e7a\u011f\u0131r\u0131b. Qeyd ed\u0259k ki, 17 fevral tarixind\u0259n etibar\u0259n ikinci &#8220;Y\u00fcks\u0259li\u015f&#8221; m\u00fcsabiq\u0259sinin qeydiyyat m\u0259rh\u0259l\u0259sin\u0259 start&hellip;<\/p>\n","protected":false},"author":2,"featured_media":441697,"comment_status":"closed","ping_status":"closed","sticky":false,"template":"","format":"standard","meta":{"om_disable_all_campaigns":false,"_monsterinsights_skip_tracking":false,"_monsterinsights_sitenote_active":false,"_monsterinsights_sitenote_note":"","_monsterinsights_sitenote_category":0},"categories":[1],"tags":[],"aioseo_notices":[],"gutentor_comment":0,"rttpg_featured_image_url":{"full":["https:\/\/arantv.az\/wp-content\/uploads\/2022\/02\/1021290.jpg",800,600,false],"landscape":["https:\/\/arantv.az\/wp-content\/uploads\/2022\/02\/1021290.jpg",800,600,false],"portraits":["https:\/\/arantv.az\/wp-content\/uploads\/2022\/02\/1021290.jpg",800,600,false],"thumbnail":["https:\/\/arantv.az\/wp-content\/uploads\/2022\/02\/1021290-500x280.jpg",500,280,true],"medium":["https:\/\/arantv.az\/wp-content\/uploads\/2022\/02\/1021290-487x365.jpg",487,365,true],"large":["https:\/\/arantv.az\/wp-content\/uploads\/2022\/02\/1021290.jpg",640,480,false],"1536x1536":["https:\/\/arantv.az\/wp-content\/uploads\/2022\/02\/1021290.jpg",800,600,false],"2048x2048":["https:\/\/arantv.az\/wp-content\/uploads\/2022\/02\/1021290.jpg",800,600,false],"post-thumbnail":["https:\/\/arantv.az\/wp-content\/uploads\/2022\/02\/1021290-240x172.jpg",240,172,true],"advps-thumb-one":["https:\/\/arantv.az\/wp-content\/uploads\/2022\/02\/1021290.jpg",800,600,false]},"rttpg_author":{"display_name":"V\u00fcsal Rafiqo\u011flu","author_link":"https:\/\/arantv.az\/?author=2"},"rttpg_comment":0,"rttpg_category":"<a href=\"https:\/\/arantv.az\/?cat=1\" rel=\"category\">C\u0259miyy\u0259t<\/a>","rttpg_excerpt":"&#8220;Y\u00fcks\u0259li\u015f&#8221; m\u00fcsabiq\u0259sinin qeydiyyat m\u0259rh\u0259l\u0259si 31 mart tarixin\u0259 kimi davam edir. Az\u0259rbaycan Respublikas\u0131n\u0131n g\u0259ncl\u0259r v\u0259 idman naziri F\u0259rid Qay\u0131bov g\u0259ncl\u0259r\u0259 &#8220;Y\u00fcks\u0259li\u015f&#8221; m\u00fcsabiq\u0259si il\u0259 ba\u011fl\u0131 m\u00fcraci\u0259t edib: &#8220;Bu m\u00fcsabiq\u0259nin \u0259sas m\u0259qs\u0259di potensiall\u0131 kadrlar\u0131n a\u015fkarlanmas\u0131, d\u0259st\u0259kl\u0259nm\u0259sidir. M\u00fcsabiq\u0259d\u0259 bir ne\u00e7\u0259 m\u0259rh\u0259l\u0259d\u0259n ibar\u0259tdir. Bu m\u0259rh\u0259l\u0259l\u0259r h\u0259m maraql\u0131, h\u0259m d\u0259 h\u0259y\u0259canvericidir. B\u00fct\u00fcn bu amill\u0259r bizim i\u015ftirak\u00e7\u0131lara idar\u0259etm\u0259 al\u0259tl\u0259ri, yeni bilikl\u0259r, yeni&hellip;","_links":{"self":[{"href":"https:\/\/arantv.az\/index.php?rest_route=\/wp\/v2\/posts\/441696"}],"collection":[{"href":"https:\/\/arantv.az\/index.php?rest_route=\/wp\/v2\/posts"}],"about":[{"href":"https:\/\/arantv.az\/index.php?rest_route=\/wp\/v2\/types\/post"}],"author":[{"embeddable":true,"href":"https:\/\/arantv.az\/index.php?rest_route=\/wp\/v2\/users\/2"}],"replies":[{"embeddable":true,"href":"https:\/\/arantv.az\/index.php?rest_route=%2Fwp%2Fv2%2Fcomments&post=441696"}],"version-history":[{"count":0,"href":"https:\/\/arantv.az\/index.php?rest_route=\/wp\/v2\/posts\/441696\/revisions"}],"wp:featuredmedia":[{"embeddable":true,"href":"https:\/\/arantv.az\/index.php?rest_route=\/wp\/v2\/media\/441697"}],"wp:attachment":[{"href":"https:\/\/arantv.az\/index.php?rest_route=%2Fwp%2Fv2%2Fmedia&parent=441696"}],"wp:term":[{"taxonomy":"category","embeddable":true,"href":"https:\/\/arantv.az\/index.php?rest_route=%2Fwp%2Fv2%2Fcategories&post=441696"},{"taxonomy":"post_tag","embeddable":true,"href":"https:\/\/arantv.az\/index.php?rest_route=%2Fwp%2Fv2%2Ftags&post=441696"}],"curies":[{"name":"wp","href":"https:\/\/api.w.org\/{rel}","templated":true}]}}