{"id":441710,"date":"2022-02-21T13:03:58","date_gmt":"2022-02-21T10:03:58","guid":{"rendered":"http:\/\/arantv.az\/?p=441710"},"modified":"2022-02-21T13:03:58","modified_gmt":"2022-02-21T10:03:58","slug":"sabah-novruzun-ilk-c%c9%99rs%c9%99nb%c9%99sidir-2","status":"publish","type":"post","link":"https:\/\/arantv.az\/?p=441710","title":{"rendered":"Sabah Novruzun ilk \u00e7\u0259r\u015f\u0259nb\u0259sidir"},"content":{"rendered":"<p><strong>Sabah, y\u0259ni fevral\u0131n 22-i Az\u0259rbaycanda Novruzun ilk \u00e7\u0259r\u015f\u0259nb\u0259si qeyd olunacaq.\u00a0<\/strong><\/p>\n<p><b>ARANTV.AZ <\/b>x\u0259b\u0259r verir ki, sabah Su \u00e7\u0259r\u015f\u0259nb\u0259sidir.<\/p>\n<div id=\"mvp-content-main\" class=\"left relative\">\n<p>Fevral\u0131n 22-d\u0259 ilk &#8211; Su \u00e7\u0259r\u015f\u0259nb\u0259si, mart\u0131n 1-d\u0259 Od \u00e7\u0259r\u015f\u0259nb\u0259si, mart\u0131n 8-da Hava (Yel) \u00e7\u0259r\u015f\u0259nb\u0259si, mart\u0131n 15-da is\u0259 ax\u0131r\u0131nc\u0131 &#8211; Torpaq \u00e7\u0259r\u015f\u0259nb\u0259si qeyd edil\u0259c\u0259k.<\/p>\n<p>Qeyd ed\u0259k ki, bu il yaz f\u0259sli yurdumuza mart\u0131n 20-d\u0259 daxil olacaq<strong>.<\/strong><\/p>\n<div class=\"AdviadNativeVideo\"><\/div>\n<\/div>\n<div id=\"mvp-content-bot\" class=\"left\">\n<div class=\"mvp-post-tags\"><\/div>\n<\/div>\n","protected":false},"excerpt":{"rendered":"<p>Sabah, y\u0259ni fevral\u0131n 22-i Az\u0259rbaycanda Novruzun ilk \u00e7\u0259r\u015f\u0259nb\u0259si qeyd olunacaq.\u00a0 ARANTV.AZ x\u0259b\u0259r verir ki, sabah Su \u00e7\u0259r\u015f\u0259nb\u0259sidir. Fevral\u0131n 22-d\u0259 ilk &#8211; Su \u00e7\u0259r\u015f\u0259nb\u0259si, mart\u0131n 1-d\u0259 Od \u00e7\u0259r\u015f\u0259nb\u0259si, mart\u0131n 8-da Hava (Yel) \u00e7\u0259r\u015f\u0259nb\u0259si, mart\u0131n 15-da is\u0259 ax\u0131r\u0131nc\u0131 &#8211; Torpaq \u00e7\u0259r\u015f\u0259nb\u0259si qeyd edil\u0259c\u0259k. Qeyd ed\u0259k ki, bu il yaz f\u0259sli yurdumuza mart\u0131n 20-d\u0259 daxil olacaq.<\/p>\n","protected":false},"author":2,"featured_media":441711,"comment_status":"closed","ping_status":"closed","sticky":false,"template":"","format":"standard","meta":{"om_disable_all_campaigns":false,"_monsterinsights_skip_tracking":false,"_monsterinsights_sitenote_active":false,"_monsterinsights_sitenote_note":"","_monsterinsights_sitenote_category":0},"categories":[1],"tags":[],"aioseo_notices":[],"gutentor_comment":0,"rttpg_featured_image_url":{"full":["https:\/\/arantv.az\/wp-content\/uploads\/2022\/02\/de6ffed0b1ee92d8796da3cf5ffd07fd.jpg",962,600,false],"landscape":["https:\/\/arantv.az\/wp-content\/uploads\/2022\/02\/de6ffed0b1ee92d8796da3cf5ffd07fd.jpg",962,600,false],"portraits":["https:\/\/arantv.az\/wp-content\/uploads\/2022\/02\/de6ffed0b1ee92d8796da3cf5ffd07fd.jpg",962,600,false],"thumbnail":["https:\/\/arantv.az\/wp-content\/uploads\/2022\/02\/de6ffed0b1ee92d8796da3cf5ffd07fd-500x280.jpg",500,280,true],"medium":["https:\/\/arantv.az\/wp-content\/uploads\/2022\/02\/de6ffed0b1ee92d8796da3cf5ffd07fd-585x365.jpg",585,365,true],"large":["https:\/\/arantv.az\/wp-content\/uploads\/2022\/02\/de6ffed0b1ee92d8796da3cf5ffd07fd-840x524.jpg",640,399,true],"1536x1536":["https:\/\/arantv.az\/wp-content\/uploads\/2022\/02\/de6ffed0b1ee92d8796da3cf5ffd07fd.jpg",962,600,false],"2048x2048":["https:\/\/arantv.az\/wp-content\/uploads\/2022\/02\/de6ffed0b1ee92d8796da3cf5ffd07fd.jpg",962,600,false],"post-thumbnail":["https:\/\/arantv.az\/wp-content\/uploads\/2022\/02\/de6ffed0b1ee92d8796da3cf5ffd07fd-240x172.jpg",240,172,true],"advps-thumb-one":["https:\/\/arantv.az\/wp-content\/uploads\/2022\/02\/de6ffed0b1ee92d8796da3cf5ffd07fd.jpg",962,600,false]},"rttpg_author":{"display_name":"V\u00fcsal Rafiqo\u011flu","author_link":"https:\/\/arantv.az\/?author=2"},"rttpg_comment":0,"rttpg_category":"<a href=\"https:\/\/arantv.az\/?cat=1\" rel=\"category\">C\u0259miyy\u0259t<\/a>","rttpg_excerpt":"Sabah, y\u0259ni fevral\u0131n 22-i Az\u0259rbaycanda Novruzun ilk \u00e7\u0259r\u015f\u0259nb\u0259si qeyd olunacaq.\u00a0 ARANTV.AZ x\u0259b\u0259r verir ki, sabah Su \u00e7\u0259r\u015f\u0259nb\u0259sidir. Fevral\u0131n 22-d\u0259 ilk &#8211; Su \u00e7\u0259r\u015f\u0259nb\u0259si, mart\u0131n 1-d\u0259 Od \u00e7\u0259r\u015f\u0259nb\u0259si, mart\u0131n 8-da Hava (Yel) \u00e7\u0259r\u015f\u0259nb\u0259si, mart\u0131n 15-da is\u0259 ax\u0131r\u0131nc\u0131 &#8211; Torpaq \u00e7\u0259r\u015f\u0259nb\u0259si qeyd edil\u0259c\u0259k. Qeyd ed\u0259k ki, bu il yaz f\u0259sli yurdumuza mart\u0131n 20-d\u0259 daxil olacaq.","_links":{"self":[{"href":"https:\/\/arantv.az\/index.php?rest_route=\/wp\/v2\/posts\/441710"}],"collection":[{"href":"https:\/\/arantv.az\/index.php?rest_route=\/wp\/v2\/posts"}],"about":[{"href":"https:\/\/arantv.az\/index.php?rest_route=\/wp\/v2\/types\/post"}],"author":[{"embeddable":true,"href":"https:\/\/arantv.az\/index.php?rest_route=\/wp\/v2\/users\/2"}],"replies":[{"embeddable":true,"href":"https:\/\/arantv.az\/index.php?rest_route=%2Fwp%2Fv2%2Fcomments&post=441710"}],"version-history":[{"count":0,"href":"https:\/\/arantv.az\/index.php?rest_route=\/wp\/v2\/posts\/441710\/revisions"}],"wp:featuredmedia":[{"embeddable":true,"href":"https:\/\/arantv.az\/index.php?rest_route=\/wp\/v2\/media\/441711"}],"wp:attachment":[{"href":"https:\/\/arantv.az\/index.php?rest_route=%2Fwp%2Fv2%2Fmedia&parent=441710"}],"wp:term":[{"taxonomy":"category","embeddable":true,"href":"https:\/\/arantv.az\/index.php?rest_route=%2Fwp%2Fv2%2Fcategories&post=441710"},{"taxonomy":"post_tag","embeddable":true,"href":"https:\/\/arantv.az\/index.php?rest_route=%2Fwp%2Fv2%2Ftags&post=441710"}],"curies":[{"name":"wp","href":"https:\/\/api.w.org\/{rel}","templated":true}]}}