{"id":441716,"date":"2022-02-21T13:06:38","date_gmt":"2022-02-21T10:06:38","guid":{"rendered":"http:\/\/arantv.az\/?p=441716"},"modified":"2022-02-21T13:06:38","modified_gmt":"2022-02-21T10:06:38","slug":"ir%c9%99vanda-s%c9%99f%c9%99rd%c9%99-olan-deputat-gund%c9%99likd%c9%99-olan-m%c9%99s%c9%99l%c9%99l%c9%99rd%c9%99n-danisdi-yenil%c9%99nib-video","status":"publish","type":"post","link":"https:\/\/arantv.az\/?p=441716","title":{"rendered":"\u0130r\u0259vanda s\u0259f\u0259rd\u0259 olan deputat g\u00fcnd\u0259likd\u0259 olan m\u0259s\u0259l\u0259l\u0259rd\u0259n DANI\u015eDI \u2013 YEN\u0130L\u018fN\u0130B + V\u0130DEO"},"content":{"rendered":"<p>AVRONEST Parlament Assambleyas\u0131n\u0131n Enerji t\u0259hl\u00fck\u0259sizliyi, siyasi m\u0259s\u0259l\u0259l\u0259r, insan h\u00fcquqlar\u0131 v\u0259 demokratiya komit\u0259l\u0259rinin birg\u0259 iclas\u0131nda iki s\u0259n\u0259d m\u00fczakir\u0259 olunacaq.<\/p>\n<p>\u0130TV x\u0259b\u0259rin\u0259 g\u00f6r\u0259, bu bar\u0259d\u0259\u00a0a\u00e7\u0131qlamas\u0131nda AVRONEST PA-da Az\u0259rbaycan n\u00fcmay\u0259nd\u0259 hey\u0259tinin \u00fczv\u00fc, Milli M\u0259clisinin \u0130qtisadi siyas\u0259t, s\u0259naye v\u0259 sahibkarl\u0131q komit\u0259sinin s\u0259dri Tahir Mirki\u015fili bildirib.<\/p>\n<p>T. Mirki\u015fili deyib ki, birinci s\u0259n\u0259d \u201cAvropa Green Deal (Ya\u015f\u0131l raz\u0131la\u015fma) v\u0259 t\u0259miz enerjiy\u0259 ke\u00e7id kontekstind\u0259 \u015e\u0259rq T\u0259r\u0259fda\u015fl\u0131\u011f\u0131 \u00f6lk\u0259l\u0259rinin enerji t\u0259hl\u00fck\u0259sizliyi \u00e7a\u011f\u0131r\u0131\u015flar\u0131\u201d olacaq. S\u0259n\u0259din m\u00fc\u0259llifi G\u00fcrc\u00fcstan Parlamentinin \u00fczv\u00fc Maia Bitadzedir.<\/p>\n<p>Qeyd ed\u0259k ki, iclasa s\u0259drliyi AVRONEST-in Enerji T\u0259hl\u00fck\u0259sizliyi komit\u0259sinin s\u0259dri T.Mirki\u015fili ed\u0259c\u0259k.<\/p>\n<p>O n\u0259z\u0259r\u0259 \u00e7atd\u0131r\u0131b ki, ikinci s\u0259n\u0259d, \u201c\u0130ctimai institutlarda s\u0259m\u0259r\u0259lilik v\u0259 inzibati resurslar\u0131 art\u0131rmaq \u00fc\u00e7\u00fcn siyasi dialoq v\u0259 institutsional \u0259m\u0259kda\u015fl\u0131q \u0259sas\u0131nda idar\u0259etm\u0259nin t\u0259kmill\u0259\u015fdirilm\u0259si\u201d m\u00f6vzusunda olacaq. S\u0259n\u0259din m\u00fc\u0259llifi Erm\u0259nistan Parlamentinin \u00fczv\u00fc Mariya Karapetyand\u0131r:<\/p>\n<p>\u201c\u0130clasda eyni zamanda cari geosiyasi kontekstd\u0259 \u015e\u0259rq T\u0259r\u0259fda\u015fl\u0131\u011f\u0131 \u00f6lk\u0259l\u0259rinin enerji t\u0259hl\u00fck\u0259sizliyi \u00e7a\u011f\u0131r\u0131\u015flar\u0131, Ukrayna s\u0259rh\u0259dl\u0259rind\u0259 rus qo\u015funlar\u0131n\u0131n c\u0259ml\u0259\u015fm\u0259si m\u00f6vzular\u0131nda m\u00fczakir\u0259l\u0259r apar\u0131lacaq\u201d.<\/p>\n<p>Qeyd ed\u0259k ki, fevral\u0131n 22-d\u0259 \u0130r\u0259vanda AVRONEST PA-n\u0131n komit\u0259 iclaslar\u0131 ke\u00e7iril\u0259c\u0259k. T\u0259dbirl\u0259rd\u0259 Milli M\u0259clisin deputatlar\u0131, AVRONEST PA-da Az\u0259rbaycan n\u00fcmay\u0259nd\u0259 hey\u0259tinin \u00fczvl\u0259ri T. Mirki\u015fili v\u0259 Soltan M\u0259mm\u0259dov i\u015ftirak ed\u0259c\u0259kl\u0259r.<\/p>\n<div><iframe loading=\"lazy\" title=\"YouTube video player\" src=\"https:\/\/www.youtube.com\/embed\/i1B7LDpg9Uw\" width=\"560\" height=\"315\" frameborder=\"0\" allowfullscreen=\"allowfullscreen\" data-mce-fragment=\"1\"><\/iframe><\/div>\n<p><strong>10:42<\/strong><\/p>\n<p>Az\u0259rbaycandan AVRONEST Parlament Assambleyas\u0131n\u0131n komit\u0259 iclaslar\u0131nda i\u015ftirak etm\u0259k \u00fc\u00e7\u00fcn \u0130r\u0259vana ged\u0259c\u0259k deputatlar\u0131n adlar\u0131 a\u00e7\u0131qlan\u0131b.<\/p>\n<p>Bununla ba\u011fl\u0131 Milli M\u0259clisin m\u0259tbuat xidm\u0259tind\u0259n\u00a0Oxu.Az-a veril\u0259n m\u0259lumatda bildirilib.<\/p>\n<p>T\u0259dbirl\u0259rd\u0259 Milli M\u0259clisin deputatlar\u0131, AVRONEST PA-da Az\u0259rbaycan n\u00fcmay\u0259nd\u0259 hey\u0259tinin \u00fczvl\u0259ri Tahir Mirki\u015fili v\u0259 Soltan M\u0259mm\u0259dov i\u015ftirak ed\u0259c\u0259kl\u0259r.<\/p>\n<p>Deputatlar iclaslarda m\u00fczakir\u0259 olunacaq m\u0259s\u0259l\u0259l\u0259r\u0259 Az\u0259rbaycan t\u0259r\u0259finin m\u00f6vqeyini bildir\u0259c\u0259kl\u0259r.<\/p>\n<p>Qeyd ed\u0259k ki, s\u0259f\u0259r fevral\u0131n 22-d\u0259 ba\u015f tutacaq.<\/p>\n<div><iframe loading=\"lazy\" title=\"YouTube video player\" src=\"https:\/\/www.youtube.com\/embed\/0t6puY_jvIo\" width=\"560\" height=\"315\" frameborder=\"0\" allowfullscreen=\"allowfullscreen\" data-mce-fragment=\"1\"><\/iframe><\/div>\n<p>&nbsp;<\/p>\n","protected":false},"excerpt":{"rendered":"<p>AVRONEST Parlament Assambleyas\u0131n\u0131n Enerji t\u0259hl\u00fck\u0259sizliyi, siyasi m\u0259s\u0259l\u0259l\u0259r, insan h\u00fcquqlar\u0131 v\u0259 demokratiya komit\u0259l\u0259rinin birg\u0259 iclas\u0131nda iki s\u0259n\u0259d m\u00fczakir\u0259 olunacaq. \u0130TV x\u0259b\u0259rin\u0259 g\u00f6r\u0259, bu bar\u0259d\u0259\u00a0a\u00e7\u0131qlamas\u0131nda AVRONEST PA-da Az\u0259rbaycan n\u00fcmay\u0259nd\u0259 hey\u0259tinin \u00fczv\u00fc, Milli M\u0259clisinin \u0130qtisadi siyas\u0259t, s\u0259naye v\u0259 sahibkarl\u0131q komit\u0259sinin s\u0259dri Tahir Mirki\u015fili bildirib. T. Mirki\u015fili deyib ki, birinci s\u0259n\u0259d \u201cAvropa Green Deal (Ya\u015f\u0131l raz\u0131la\u015fma) v\u0259 t\u0259miz enerjiy\u0259 ke\u00e7id kontekstind\u0259 \u015e\u0259rq T\u0259r\u0259fda\u015fl\u0131\u011f\u0131 \u00f6lk\u0259l\u0259rinin enerji t\u0259hl\u00fck\u0259sizliyi \u00e7a\u011f\u0131r\u0131\u015flar\u0131\u201d olacaq. S\u0259n\u0259din m\u00fc\u0259llifi G\u00fcrc\u00fcstan Parlamentinin \u00fczv\u00fc Maia Bitadzedir. Qeyd ed\u0259k ki, iclasa s\u0259drliyi AVRONEST-in Enerji T\u0259hl\u00fck\u0259sizliyi komit\u0259sinin s\u0259dri T.Mirki\u015fili ed\u0259c\u0259k. O n\u0259z\u0259r\u0259 \u00e7atd\u0131r\u0131b ki, ikinci s\u0259n\u0259d, \u201c\u0130ctimai&hellip;<\/p>\n","protected":false},"author":2,"featured_media":441601,"comment_status":"closed","ping_status":"closed","sticky":false,"template":"","format":"standard","meta":{"om_disable_all_campaigns":false,"_monsterinsights_skip_tracking":false,"_monsterinsights_sitenote_active":false,"_monsterinsights_sitenote_note":"","_monsterinsights_sitenote_category":0},"categories":[4],"tags":[],"aioseo_notices":[],"gutentor_comment":0,"rttpg_featured_image_url":{"full":["https:\/\/arantv.az\/wp-content\/uploads\/2022\/02\/51f15efd164329455842104038111063846.jpg",975,540,false],"landscape":["https:\/\/arantv.az\/wp-content\/uploads\/2022\/02\/51f15efd164329455842104038111063846.jpg",975,540,false],"portraits":["https:\/\/arantv.az\/wp-content\/uploads\/2022\/02\/51f15efd164329455842104038111063846.jpg",975,540,false],"thumbnail":["https:\/\/arantv.az\/wp-content\/uploads\/2022\/02\/51f15efd164329455842104038111063846-500x280.jpg",500,280,true],"medium":["https:\/\/arantv.az\/wp-content\/uploads\/2022\/02\/51f15efd164329455842104038111063846-660x365.jpg",660,365,true],"large":["https:\/\/arantv.az\/wp-content\/uploads\/2022\/02\/51f15efd164329455842104038111063846-840x465.jpg",640,354,true],"1536x1536":["https:\/\/arantv.az\/wp-content\/uploads\/2022\/02\/51f15efd164329455842104038111063846.jpg",975,540,false],"2048x2048":["https:\/\/arantv.az\/wp-content\/uploads\/2022\/02\/51f15efd164329455842104038111063846.jpg",975,540,false],"post-thumbnail":["https:\/\/arantv.az\/wp-content\/uploads\/2022\/02\/51f15efd164329455842104038111063846-240x172.jpg",240,172,true],"advps-thumb-one":["https:\/\/arantv.az\/wp-content\/uploads\/2022\/02\/51f15efd164329455842104038111063846.jpg",975,540,false]},"rttpg_author":{"display_name":"V\u00fcsal Rafiqo\u011flu","author_link":"https:\/\/arantv.az\/?author=2"},"rttpg_comment":0,"rttpg_category":"<a href=\"https:\/\/arantv.az\/?cat=4\" rel=\"category\">Siyas\u0259t<\/a>","rttpg_excerpt":"AVRONEST Parlament Assambleyas\u0131n\u0131n Enerji t\u0259hl\u00fck\u0259sizliyi, siyasi m\u0259s\u0259l\u0259l\u0259r, insan h\u00fcquqlar\u0131 v\u0259 demokratiya komit\u0259l\u0259rinin birg\u0259 iclas\u0131nda iki s\u0259n\u0259d m\u00fczakir\u0259 olunacaq. \u0130TV x\u0259b\u0259rin\u0259 g\u00f6r\u0259, bu bar\u0259d\u0259\u00a0a\u00e7\u0131qlamas\u0131nda AVRONEST PA-da Az\u0259rbaycan n\u00fcmay\u0259nd\u0259 hey\u0259tinin \u00fczv\u00fc, Milli M\u0259clisinin \u0130qtisadi siyas\u0259t, s\u0259naye v\u0259 sahibkarl\u0131q komit\u0259sinin s\u0259dri Tahir Mirki\u015fili bildirib. T. Mirki\u015fili deyib ki, birinci s\u0259n\u0259d \u201cAvropa Green Deal (Ya\u015f\u0131l raz\u0131la\u015fma) v\u0259 t\u0259miz enerjiy\u0259&hellip;","_links":{"self":[{"href":"https:\/\/arantv.az\/index.php?rest_route=\/wp\/v2\/posts\/441716"}],"collection":[{"href":"https:\/\/arantv.az\/index.php?rest_route=\/wp\/v2\/posts"}],"about":[{"href":"https:\/\/arantv.az\/index.php?rest_route=\/wp\/v2\/types\/post"}],"author":[{"embeddable":true,"href":"https:\/\/arantv.az\/index.php?rest_route=\/wp\/v2\/users\/2"}],"replies":[{"embeddable":true,"href":"https:\/\/arantv.az\/index.php?rest_route=%2Fwp%2Fv2%2Fcomments&post=441716"}],"version-history":[{"count":0,"href":"https:\/\/arantv.az\/index.php?rest_route=\/wp\/v2\/posts\/441716\/revisions"}],"wp:featuredmedia":[{"embeddable":true,"href":"https:\/\/arantv.az\/index.php?rest_route=\/wp\/v2\/media\/441601"}],"wp:attachment":[{"href":"https:\/\/arantv.az\/index.php?rest_route=%2Fwp%2Fv2%2Fmedia&parent=441716"}],"wp:term":[{"taxonomy":"category","embeddable":true,"href":"https:\/\/arantv.az\/index.php?rest_route=%2Fwp%2Fv2%2Fcategories&post=441716"},{"taxonomy":"post_tag","embeddable":true,"href":"https:\/\/arantv.az\/index.php?rest_route=%2Fwp%2Fv2%2Ftags&post=441716"}],"curies":[{"name":"wp","href":"https:\/\/api.w.org\/{rel}","templated":true}]}}