{"id":441718,"date":"2022-02-21T13:08:41","date_gmt":"2022-02-21T10:08:41","guid":{"rendered":"http:\/\/arantv.az\/?p=441718"},"modified":"2022-02-21T13:08:41","modified_gmt":"2022-02-21T10:08:41","slug":"az%c9%99rbaycanin-qudr%c9%99tl%c9%99nm%c9%99sin%c9%99-oz-tohf%c9%99l%c9%99rini-ver%c9%99n-dovl%c9%99t-xadimi","status":"publish","type":"post","link":"https:\/\/arantv.az\/?p=441718","title":{"rendered":"Az\u0259rbaycan\u0131n q\u00fcdr\u0259tl\u0259nm\u0259sin\u0259 \u00f6z t\u00f6hf\u0259l\u0259rini ver\u0259n d\u00f6vl\u0259t xadimi"},"content":{"rendered":"<p>2016-c\u0131 il sentyabr\u0131n 26-da Az\u0259rbaycan Respublikas\u0131nda ke\u00e7iril\u0259n referendum Konstitusiya islahatlar\u0131, o c\u00fcml\u0259d\u0259n d\u0259 Birinci vitse-prezidentlik institutunun yarad\u0131lmas\u0131 il\u0259 ba\u011fl\u0131 Prezident \u0130lham \u018fliyevd\u0259n g\u0259l\u0259n t\u0259klifin, siyasi irad\u0259nin Az\u0259rbaycan ictimaiyy\u0259tinin m\u00f6vqeyi il\u0259 \u00fcst-\u00fcst\u0259 d\u00fc\u015fd\u00fcy\u00fcn\u00fc bir daha t\u0259sdiql\u0259di. Referenduma edil\u0259n d\u0259yi\u015fiklikl\u0259r v\u0259 yenilikl\u0259r xalq t\u0259r\u0259find\u0259n b\u00f6y\u00fck \u00e7oxluqla q\u0259bul edildi. M\u0259hz bu tarixi d\u0259yi\u015fiklik v\u0259 yenilikl\u0259rd\u0259n sonra Prezident \u0130lham \u018fliyevin 2017-ci il fevral\u0131n 21-d\u0259 imzalad\u0131\u011f\u0131 S\u0259r\u0259ncama \u0259sas\u0259n Mehriban xan\u0131m \u018fliyeva Az\u0259rbaycan Respublikas\u0131n\u0131n Birinci vitse-prezidenti t\u0259yin olundu. T\u0259hl\u00fck\u0259sizlik \u015euras\u0131n\u0131n iclas\u0131nda Birinci vitse-prezidenti t\u0259qdim ed\u0259n Prezident \u0130lham \u018fliyev bu q\u0259rar\u0131n\u0131 Mehriban \u018fliyevan\u0131n m\u00fcst\u0259sna i\u015fg\u00fczar v\u0259 m\u0259n\u0259vi keyfiyy\u0259tl\u0259ri, olduqca m\u0259hsuldar ictimai-siyasi f\u0259aliyy\u0259ti v\u0259 y\u00fcks\u0259k beyn\u0259lxalq n\u00fcfuzu il\u0259 \u0259laq\u0259l\u0259ndirmi\u015fdir: \u00abMehriban \u018fliyeva uzun ill\u0259rdir ki, ictimai-siyasi, m\u0259d\u0259ni v\u0259 beyn\u0259lxalq sferalarda f\u0259aliyy\u0259td\u0259 vacib rol oynay\u0131r. O, \u00fcmumilikd\u0259 \u00e7oxt\u0259r\u0259fli v\u0259 u\u011furlu f\u0259aliyy\u0259t g\u00f6st\u0259rir. M\u0259n onun Az\u0259rbaycan\u0131n Birinci vitse-prezidenti v\u0259zif\u0259sin\u0259 t\u0259yin edilm\u0259sind\u0259 m\u0259hz bu amill\u0259ri r\u0259hb\u0259r g\u00f6t\u00fcrm\u00fc\u015f\u0259m&#8230; O, pe\u015f\u0259kar, t\u0259cr\u00fcb\u0259li v\u0259 prinsipial insand\u0131r, humanistdir. T\u0259sad\u00fcf\u00fc deyil ki, Az\u0259rbaycan xalq\u0131 ona \u00e7ox b\u00f6y\u00fck r\u0259\u011fb\u0259tl\u0259, sevgi il\u0259 yana\u015f\u0131r\u00bb.<\/p>\n<p>Mehriban xan\u0131m \u018fliyevan\u0131n f\u0259aliyy\u0259tind\u0259 \u0259halinin h\u0259ssas t\u0259b\u0259q\u0259l\u0259rinin, o c\u00fcml\u0259d\u0259n m\u0259cburi k\u00f6\u00e7k\u00fcnl\u0259rin probleml\u0259rinin h\u0259lli x\u00fcsusi yer tutur. O, Birinci vitse-prezident kimi ilk m\u00fc\u015favir\u0259sini d\u0259 m\u0259hz qa\u00e7q\u0131n v\u0259 m\u0259cburi k\u00f6\u00e7k\u00fcn ail\u0259l\u0259rin\u0259 h\u0259sr etdi. H\u0259min m\u00fc\u015favir\u0259d\u0259n d\u0259rhal sonra m\u00fcvafiq t\u0259dbirl\u0259r plan\u0131 haz\u0131rland\u0131 v\u0259 real i\u015fl\u0259r ba\u015fland\u0131. Q\u0131sa m\u00fcdd\u0259td\u0259 d\u00f6vl\u0259tin sosialy\u00f6n\u00fcml\u00fc \u00e7ox\u015fax\u0259li layih\u0259l\u0259ri m\u0259hz Mehriban xan\u0131m<\/p>\n<p>\u018fliyevan\u0131n r\u0259hb\u0259rliyi alt\u0131nda h\u0259yata ke\u00e7irildi, 300 min\u0259 yax\u0131n qa\u00e7q\u0131n v\u0259 m\u0259cburi k\u00f6\u00e7k\u00fcn\u00fcn m\u0259nzil \u015f\u0259raiti yax\u015f\u0131la\u015fd\u0131r\u0131ld\u0131.<\/p>\n<p>Art\u0131q be\u015f ildir ki, Mehriban xan\u0131m \u018fliyevan\u0131n r\u0259hb\u0259rliyi il\u0259 Birinci vitse-prezidentlik institutu funksional t\u0259sisat kimi u\u011furla f\u0259aliyy\u0259t g\u00f6st\u0259rir. \u00d6t\u0259n m\u00fcdd\u0259t \u0259rzind\u0259 \u0259ld\u0259 olunan u\u011furlar t\u0259sdiql\u0259yir ki, Birinci vitse-prezidentlik institutu idar\u0259etm\u0259nin \u00e7evikliyini v\u0259 s\u0259m\u0259r\u0259liliyini art\u0131r\u0131b. T\u0259bii ki, burada Birinci vitse-prezident Mehriban xan\u0131m \u018fliyevan\u0131n \u015f\u0259xsi keyfiyy\u0259tl\u0259ri v\u0259 y\u00fcks\u0259k idar\u0259\u00e7ilik t\u0259cr\u00fcb\u0259si m\u00fch\u00fcm rol oynay\u0131b.<\/p>\n<p>\u00d6t\u0259n ill\u0259r \u0259rzind\u0259 Mehriban xan\u0131m \u018fliyevan\u0131n r\u0259hb\u0259rliyi il\u0259 haz\u0131rlanan v\u0259 Az\u0259rbaycanda ke\u00e7irilmi\u015f beyn\u0259lxalq t\u0259dbirl\u0259r say\u0259sind\u0259 \u00f6lk\u0259mizin n\u00fcfuzu daha da artm\u0131\u015fd\u0131r. Mehriban xan\u0131m \u018fliyevan\u0131n r\u0259hb\u0259rliyi v\u0259 t\u0259\u015fkilat\u00e7\u0131l\u0131\u011f\u0131 il\u0259 ke\u00e7iril\u0259n t\u0259dbirl\u0259r Az\u0259rbaycan\u0131n g\u00fccl\u00fc d\u00f6vl\u0259t oldu\u011funu bir daha n\u00fcmayi\u015f etdirmi\u015fdir. X\u00fcsusil\u0259 d\u00fcnya ictimaiyy\u0259ti 2017-ci ild\u0259 Bak\u0131n\u0131n ev sahibliyi etdiyi IV \u0130slam H\u0259mr\u0259yliyi Oyunlar\u0131 zaman\u0131 Birinci vitse-prezident Mehriban xan\u0131m \u018fliyevan\u0131n y\u00fcks\u0259k t\u0259\u015fkilat\u00e7\u0131l\u0131q qabiliyy\u0259tinin bir daha \u015fahidi olmu\u015fdu. H\u0259m\u00e7inin, Mehriban xan\u0131m \u018fliyevan\u0131n 2019-cu ild\u0259 UNESCO-nun \u00dcmumd\u00fcnya \u0130rs Komit\u0259sinin 43-c\u00fc sessiyas\u0131n\u0131n Az\u0259rbaycanda ke\u00e7irilm\u0259sin\u0259 t\u0259\u015f\u0259bb\u00fcs g\u00f6st\u0259rm\u0259si v\u0259 buna nail olmas\u0131 tarixi hadis\u0259dir. Az\u0259rbaycan c\u0259miyy\u0259ti ist\u0259r Heyd\u0259r \u018fliyev Fondunun prezidenti, ist\u0259rs\u0259 d\u0259 \u00f6lk\u0259mizin y\u00fcks\u0259k s\u0259viyy\u0259d\u0259 ev sahibliyi etdiyi m\u00fcxt\u0259lif beyn\u0259lxalq t\u0259dbirl\u0259rin t\u0259\u015fkilat komit\u0259l\u0259rinin r\u0259hb\u0259ri kimi f\u0259aliyy\u0259tind\u0259 Mehriban xan\u0131m \u018fliyevan\u0131n y\u00fcks\u0259k t\u0259\u015fkilat\u00e7\u0131l\u0131q bacar\u0131\u011f\u0131n\u0131n, m\u0259qs\u0259dy\u00f6nl\u00fcl\u00fcy\u00fcn\u00fcn d\u0259f\u0259l\u0259rl\u0259 \u015fahidi olub. Az\u0259rbaycan\u0131n Birinci vitse-prezidenti siyasi karyeras\u0131 v\u0259 ictimai f\u0259aliyy\u0259ti d\u00f6vr\u00fcnd\u0259 ba\u015flad\u0131\u011f\u0131 b\u00fct\u00fcn i\u015fl\u0259rin \u00f6hd\u0259sind\u0259n h\u0259r zaman b\u00f6y\u00fck m\u0259har\u0259tl\u0259 g\u0259lib.<\/p>\n<p>B\u00fct\u00fcn bunlarla b\u0259rab\u0259r, beyn\u0259lxalq m\u00fcnasib\u0259tl\u0259r sistemind\u0259 Az\u0259rbaycan\u0131n dostu olan \u00f6lk\u0259l\u0259rin say\u0131n\u0131n artmas\u0131nda Az\u0259rbaycan\u0131n<\/p>\n<p>Birinci vitse-prezidentinin d\u0259 misilsiz xidm\u0259tl\u0259ri vard\u0131r. Mehriban xan\u0131m \u018fliyevan\u0131n xeyriyy\u0259\u00e7ilik t\u0259dbirl\u0259ri bir \u00e7ox \u00f6lk\u0259l\u0259ri \u0259hat\u0259 edir. Prezidenti oldu\u011fu Heyd\u0259r \u018fliyev Fondu is\u0259 uzun ill\u0259rdir ki, Az\u0259rbaycan\u0131n humanitar v\u0259 m\u0259d\u0259ni diplomatiyas\u0131n\u0131n s\u0259lahiyy\u0259tli n\u00fcmay\u0259nd\u0259sin\u0259 \u00e7evrilib v\u0259 bu f\u0259aliyy\u0259t h\u0259r \u015feyd\u0259n \u0259vv\u0259l d\u00fcnyada Az\u0259rbaycan\u0131n t\u0259qdimat\u0131 v\u0259 t\u0259bli\u011fidir. Mehriban xan\u0131m \u018fliyevan\u0131n qlobal t\u0259\u015f\u0259bb\u00fcsl\u0259ri say\u0259sind\u0259 m\u0259d\u0259niyy\u0259tl\u0259raras\u0131 dialoq Az\u0259rbaycan\u0131n beyn\u0259lxalq brendin\u0259 \u00e7evrilmi\u015fdir. Bilavasit\u0259 Az\u0259rbaycan\u0131n Birinci vitse-prezidentinin t\u0259\u015fkilat\u00e7\u0131l\u0131\u011f\u0131 il\u0259 \u00f6lk\u0259mizd\u0259 ke\u00e7irilmi\u015f beyn\u0259lxalq t\u0259dbirl\u0259r n\u0259tic\u0259sind\u0259 Az\u0259rbaycan d\u00fcnyan\u0131n siyasi x\u0259rit\u0259sind\u0259 m\u0259d\u0259niyy\u0259tl\u0259raras\u0131 dialoq \u00fcnvanlar\u0131ndan biri say\u0131l\u0131r.<\/p>\n<p>Birinci vitse prezidentin f\u0259aliyy\u0259tind\u0259 \u00f6lk\u0259nin t\u0259hsil v\u0259 s\u0259hiyy\u0259 sisteml\u0259rinin t\u0259kmill\u0259\u015fdirilm\u0259si istiqam\u0259tind\u0259 g\u00f6r\u00fcl\u0259n i\u015fl\u0259r x\u00fcsusi yer tutur. \u00d6lk\u0259mizd\u0259 Birinici xan\u0131m\u0131n bilavasit\u0259 t\u0259\u015f\u0259bb\u00fcs\u00fc il\u0259 u\u015faq v\u0259 yeniyetm\u0259l\u0259rin t\u0259hsili v\u0259 t\u0259limi sah\u0259sind\u0259, s\u0259hiyy\u0259mizin inki\u015faf\u0131 v\u0259 t\u0259kmill\u0259\u015fdirilm\u0259si istiqam\u0259tind\u0259 h\u0259r il m\u00f6ht\u0259\u015f\u0259m layih\u0259l\u0259r h\u0259yata ke\u00e7irilir. Birinci vitse-prezident Mehriban xan\u0131m \u018fliyeva daim u\u015faqlar\u0131 diqq\u0259td\u0259 saxlay\u0131r, x\u00fcsus\u0259n d\u0259 valideyn qay\u011f\u0131s\u0131ndan m\u0259hrum olan, x\u0259st\u0259 u\u015faqlar\u0131n \u0259sl himay\u0259\u00e7isi kimi f\u0259aliyy\u0259t g\u00f6st\u0259rir. B\u0259li, q\u00fcrur hissi il\u0259 dem\u0259k olar ki, Mehriban xan\u0131m \u018fliyevan\u0131n r\u0259hb\u0259rlik etdiyi Heyd\u0259r \u018fliyev Fondunun f\u0259aliyy\u0259ti \u00f6lk\u0259nin ictimai h\u0259yat\u0131n\u0131n b\u00fct\u00fcn sah\u0259l\u0259rini \u0259hat\u0259 edir. O c\u00fcml\u0259d\u0259n, Fondun \u00e7ox\u015fax\u0259li f\u0259aliyy\u0259tind\u0259n b\u0259hs ed\u0259rk\u0259n onu da vur\u011fulamaq laz\u0131md\u0131r ki, bu t\u0259sisat Az\u0259rbaycan h\u0259qiq\u0259tl\u0259rinin d\u00fcnya ictimaiyy\u0259tin\u0259 \u00e7atd\u0131r\u0131lmas\u0131, \u00f6lk\u0259mizin 30 il\u0259 yax\u0131n m\u00fcdd\u0259t \u0259rzind\u0259 m\u0259ruz qoyuldu\u011fu t\u0259cav\u00fczkarl\u0131q fakt\u0131n\u0131n if\u015fas\u0131 istiqam\u0259tind\u0259 m\u0259qs\u0259dy\u00f6nl\u00fc v\u0259 ard\u0131c\u0131l i\u015f apar\u0131b.<\/p>\n<p>Birinci vitse-prezident kimi f\u0259aliyy\u0259ti d\u00f6vr\u00fcnd\u0259 Mehriban xan\u0131m \u018fliyeva q\u0131sa m\u00fcdd\u0259td\u0259 \u00f6z\u00fcn\u00fcn pe\u015f\u0259karl\u0131\u011f\u0131, z\u0259ngin t\u0259cr\u00fcb\u0259si, b\u00f6y\u00fck humanizmi v\u0259 hadis\u0259l\u0259r\u0259 geni\u015fmiqyasl\u0131 bax\u0131\u015f\u0131 il\u0259 Az\u0259rbaycan tarixind\u0259<\/p>\n<p>qad\u0131n h\u0259r\u0259kat\u0131n\u0131n yeni bir s\u0259hif\u0259sini a\u00e7m\u0131\u015f, idar\u0259etm\u0259d\u0259 qad\u0131nlar\u0131n rolunun artmas\u0131na s\u0259b\u0259b olmu\u015fdur. Mehriban xan\u0131m \u018fliyeva \u00f6lk\u0259mizd\u0259ki qad\u0131n h\u0259r\u0259kat\u0131 tarixind\u0259 ilk \u015f\u0259xsiyy\u0259tdir ki, maarif\u00e7ilikd\u0259n s\u0259hiyy\u0259y\u0259, idmandan m\u0259d\u0259niyy\u0259timizin t\u0259bli\u011fin\u0259, xeyriyy\u0259\u00e7ilikd\u0259n \u0259traf m\u00fchitin qorunmas\u0131na q\u0259d\u0259r geni\u015f bir f\u0259aliyy\u0259t m\u0259kan\u0131n\u0131 \u0259hat\u0259 edir. Mehriban xan\u0131m \u018fliyevan\u0131n t\u0259\u015f\u0259bb\u00fcs\u00fc il\u0259 h\u0259yata ke\u00e7iril\u0259n t\u0259dbirl\u0259r t\u0259kc\u0259 Az\u0259rbaycanla m\u0259hdudla\u015fm\u0131r, eyni zamanda, s\u00fclh v\u0259 sabitliyin t\u0259min edilm\u0259sind\u0259 \u00f6n\u0259mli rol oynayan sivilizasiyalararas\u0131 dialoq m\u00fchitinin formala\u015fd\u0131r\u0131lmas\u0131, d\u00fcnya m\u0259d\u0259ni irsinin qorunmas\u0131 \u00fczr\u0259 aktual m\u0259s\u0259l\u0259l\u0259ri d\u0259 \u0259hat\u0259 edir. Bir s\u00f6zl\u0259, Mehriban xan\u0131m Az\u0259rbaycan\u0131n daha da q\u00fcdr\u0259tl\u0259nm\u0259sin\u0259 \u00f6z t\u00f6hf\u0259l\u0259rini ver\u0259n d\u00f6vl\u0259t xadimidir.<\/p>\n<p><img src=\"https:\/\/ikisahil.az\/upload\/\/2022\/02\/21\/\/-2288f691164543753834256657210901015.jpg\" alt=\"\" \/><\/p>\n<p><strong>Elmar \u018fhm\u0259dov,<\/strong><\/p>\n<p><em>YAP Salyan rayon t\u0259\u015fkilat\u0131n\u0131n s\u0259dri<\/em><\/p>\n","protected":false},"excerpt":{"rendered":"<p>2016-c\u0131 il sentyabr\u0131n 26-da Az\u0259rbaycan Respublikas\u0131nda ke\u00e7iril\u0259n referendum Konstitusiya islahatlar\u0131, o c\u00fcml\u0259d\u0259n d\u0259 Birinci vitse-prezidentlik institutunun yarad\u0131lmas\u0131 il\u0259 ba\u011fl\u0131 Prezident \u0130lham \u018fliyevd\u0259n g\u0259l\u0259n t\u0259klifin, siyasi irad\u0259nin Az\u0259rbaycan ictimaiyy\u0259tinin m\u00f6vqeyi il\u0259 \u00fcst-\u00fcst\u0259 d\u00fc\u015fd\u00fcy\u00fcn\u00fc bir daha t\u0259sdiql\u0259di. Referenduma edil\u0259n d\u0259yi\u015fiklikl\u0259r v\u0259 yenilikl\u0259r xalq t\u0259r\u0259find\u0259n b\u00f6y\u00fck \u00e7oxluqla q\u0259bul edildi. M\u0259hz bu tarixi d\u0259yi\u015fiklik v\u0259 yenilikl\u0259rd\u0259n sonra Prezident \u0130lham \u018fliyevin 2017-ci il fevral\u0131n 21-d\u0259 imzalad\u0131\u011f\u0131 S\u0259r\u0259ncama \u0259sas\u0259n Mehriban xan\u0131m \u018fliyeva Az\u0259rbaycan Respublikas\u0131n\u0131n Birinci vitse-prezidenti t\u0259yin olundu. T\u0259hl\u00fck\u0259sizlik \u015euras\u0131n\u0131n iclas\u0131nda Birinci vitse-prezidenti t\u0259qdim ed\u0259n Prezident \u0130lham \u018fliyev bu q\u0259rar\u0131n\u0131 Mehriban \u018fliyevan\u0131n m\u00fcst\u0259sna i\u015fg\u00fczar v\u0259 m\u0259n\u0259vi&hellip;<\/p>\n","protected":false},"author":2,"featured_media":441719,"comment_status":"closed","ping_status":"closed","sticky":false,"template":"","format":"standard","meta":{"om_disable_all_campaigns":false,"_monsterinsights_skip_tracking":false,"_monsterinsights_sitenote_active":false,"_monsterinsights_sitenote_note":"","_monsterinsights_sitenote_category":0},"categories":[4],"tags":[],"aioseo_notices":[],"gutentor_comment":0,"rttpg_featured_image_url":{"full":["https:\/\/arantv.az\/wp-content\/uploads\/2022\/02\/4f6312fa159363593851698179911104355.jpg",975,540,false],"landscape":["https:\/\/arantv.az\/wp-content\/uploads\/2022\/02\/4f6312fa159363593851698179911104355.jpg",975,540,false],"portraits":["https:\/\/arantv.az\/wp-content\/uploads\/2022\/02\/4f6312fa159363593851698179911104355.jpg",975,540,false],"thumbnail":["https:\/\/arantv.az\/wp-content\/uploads\/2022\/02\/4f6312fa159363593851698179911104355-500x280.jpg",500,280,true],"medium":["https:\/\/arantv.az\/wp-content\/uploads\/2022\/02\/4f6312fa159363593851698179911104355-660x365.jpg",660,365,true],"large":["https:\/\/arantv.az\/wp-content\/uploads\/2022\/02\/4f6312fa159363593851698179911104355-840x465.jpg",640,354,true],"1536x1536":["https:\/\/arantv.az\/wp-content\/uploads\/2022\/02\/4f6312fa159363593851698179911104355.jpg",975,540,false],"2048x2048":["https:\/\/arantv.az\/wp-content\/uploads\/2022\/02\/4f6312fa159363593851698179911104355.jpg",975,540,false],"post-thumbnail":["https:\/\/arantv.az\/wp-content\/uploads\/2022\/02\/4f6312fa159363593851698179911104355-240x172.jpg",240,172,true],"advps-thumb-one":["https:\/\/arantv.az\/wp-content\/uploads\/2022\/02\/4f6312fa159363593851698179911104355.jpg",975,540,false]},"rttpg_author":{"display_name":"V\u00fcsal Rafiqo\u011flu","author_link":"https:\/\/arantv.az\/?author=2"},"rttpg_comment":0,"rttpg_category":"<a href=\"https:\/\/arantv.az\/?cat=4\" rel=\"category\">Siyas\u0259t<\/a>","rttpg_excerpt":"2016-c\u0131 il sentyabr\u0131n 26-da Az\u0259rbaycan Respublikas\u0131nda ke\u00e7iril\u0259n referendum Konstitusiya islahatlar\u0131, o c\u00fcml\u0259d\u0259n d\u0259 Birinci vitse-prezidentlik institutunun yarad\u0131lmas\u0131 il\u0259 ba\u011fl\u0131 Prezident \u0130lham \u018fliyevd\u0259n g\u0259l\u0259n t\u0259klifin, siyasi irad\u0259nin Az\u0259rbaycan ictimaiyy\u0259tinin m\u00f6vqeyi il\u0259 \u00fcst-\u00fcst\u0259 d\u00fc\u015fd\u00fcy\u00fcn\u00fc bir daha t\u0259sdiql\u0259di. Referenduma edil\u0259n d\u0259yi\u015fiklikl\u0259r v\u0259 yenilikl\u0259r xalq t\u0259r\u0259find\u0259n b\u00f6y\u00fck \u00e7oxluqla q\u0259bul edildi. M\u0259hz bu tarixi d\u0259yi\u015fiklik v\u0259 yenilikl\u0259rd\u0259n sonra Prezident \u0130lham&hellip;","_links":{"self":[{"href":"https:\/\/arantv.az\/index.php?rest_route=\/wp\/v2\/posts\/441718"}],"collection":[{"href":"https:\/\/arantv.az\/index.php?rest_route=\/wp\/v2\/posts"}],"about":[{"href":"https:\/\/arantv.az\/index.php?rest_route=\/wp\/v2\/types\/post"}],"author":[{"embeddable":true,"href":"https:\/\/arantv.az\/index.php?rest_route=\/wp\/v2\/users\/2"}],"replies":[{"embeddable":true,"href":"https:\/\/arantv.az\/index.php?rest_route=%2Fwp%2Fv2%2Fcomments&post=441718"}],"version-history":[{"count":0,"href":"https:\/\/arantv.az\/index.php?rest_route=\/wp\/v2\/posts\/441718\/revisions"}],"wp:featuredmedia":[{"embeddable":true,"href":"https:\/\/arantv.az\/index.php?rest_route=\/wp\/v2\/media\/441719"}],"wp:attachment":[{"href":"https:\/\/arantv.az\/index.php?rest_route=%2Fwp%2Fv2%2Fmedia&parent=441718"}],"wp:term":[{"taxonomy":"category","embeddable":true,"href":"https:\/\/arantv.az\/index.php?rest_route=%2Fwp%2Fv2%2Fcategories&post=441718"},{"taxonomy":"post_tag","embeddable":true,"href":"https:\/\/arantv.az\/index.php?rest_route=%2Fwp%2Fv2%2Ftags&post=441718"}],"curies":[{"name":"wp","href":"https:\/\/api.w.org\/{rel}","templated":true}]}}