{"id":441721,"date":"2022-02-21T13:09:13","date_gmt":"2022-02-21T10:09:13","guid":{"rendered":"http:\/\/arantv.az\/?p=441721"},"modified":"2022-02-21T13:09:13","modified_gmt":"2022-02-21T10:09:13","slug":"ceyhun-bayramov-toivo-klaarla-gorusub","status":"publish","type":"post","link":"https:\/\/arantv.az\/?p=441721","title":{"rendered":"Ceyhun Bayramov Toivo Klaarla g\u00f6r\u00fc\u015f\u00fcb"},"content":{"rendered":"<p>21 fevral 2022-ci il tarixind\u0259 Az\u0259rbaycan Respublikas\u0131 xarici i\u015fl\u0259r naziri Ceyhun Bayramov il\u0259 Avropa \u0130ttifaq\u0131n\u0131n (A\u0130) C\u0259nubi Qafqaz \u00fczr\u0259 x\u00fcsusi n\u00fcmay\u0259nd\u0259si Toivo Klaar aras\u0131nda g\u00f6r\u00fc\u015f ba\u015f tutub.<\/p>\n<p>X\u0130N-d\u0259n\u00a0&#8220;\u0130ki sahil&#8221;\u0259 veril\u0259n x\u0259b\u0259r\u0259 g\u00f6r\u0259, g\u00f6r\u00fc\u015fd\u0259 nazir Ceyhun Bayramov b\u00f6lg\u0259d\u0259 m\u00f6vcud olan cari v\u0259ziyy\u0259t, o c\u00fcml\u0259d\u0259n Az\u0259rbaycan\u0131n \u00fc\u00e7t\u0259r\u0259fli b\u0259yanatlar\u0131n icras\u0131 il\u0259 ba\u011fl\u0131 g\u00f6rd\u00fcy\u00fc i\u015fl\u0259r bar\u0259d\u0259 m\u0259lumat verib. Nazir, b\u00f6lg\u0259d\u0259 s\u00fclh quruculu\u011fu s\u0259yl\u0259rinin d\u0259st\u0259lkl\u0259nm\u0259sind\u0259 A\u0130-nin f\u0259al rolunu, x\u00fcsusil\u0259 d\u0259 A\u0130 \u015euras\u0131n\u0131n Prezidentinin t\u0259\u015f\u0259bb\u00fcs\u00fc il\u0259 ke\u00e7iril\u0259n y\u00fcks\u0259k s\u0259viyy\u0259li g\u00f6r\u00fc\u015fl\u0259ri qeyd edib. O, bu g\u00f6r\u00fc\u015fl\u0259rd\u0259 \u0259ld\u0259 edil\u0259n raz\u0131la\u015fmalardan b\u0259hs ed\u0259r\u0259k, Erm\u0259nistan t\u0259r\u0259find\u0259n veril\u0259n v\u0259dl\u0259rin yerin\u0259 yetirilm\u0259sinin vacibliyini, o c\u00fcml\u0259d\u0259n h\u0259l\u0259 birinci Qaraba\u011f m\u00fcharib\u0259sind\u0259n itkin d\u00fc\u015fm\u00fc\u015f 4000-\u0259 yax\u0131n az\u0259rbaycanl\u0131 bar\u0259d\u0259 m\u0259lumat\u0131n Erm\u0259nistan t\u0259r\u0259find\u0259n t\u0259qdim edilm\u0259sini vur\u011fulay\u0131b.<\/p>\n<p>Ceyhun Bayramov, A\u0130-nin \u00f6lk\u0259mizin azad olunmu\u015f \u0259razil\u0259rinin minalardan t\u0259mizl\u0259nm\u0259si prosesini, habel\u0259 dig\u0259r b\u0259rpa quruculuq i\u015fl\u0259rini d\u0259st\u0259kl\u0259m\u0259sinin t\u0259r\u0259fimizd\u0259n y\u00fcks\u0259k qiym\u0259tl\u0259ndirildiyini bildirib.<\/p>\n<p>X\u00fcsusi n\u00fcmay\u0259nd\u0259 Toivo Klaar Az\u0259rbaycan Respublikas\u0131 Prezidenti il\u0259 ke\u00e7iril\u0259n g\u00f6r\u00fc\u015f\u0259 istinad edib. O, A\u0130-nin b\u00f6lg\u0259d\u0259 s\u00fclh, t\u0259hl\u00fck\u0259sizlik v\u0259 t\u0259r\u0259qqinin \u0259ld\u0259 olunmas\u0131 prosesini d\u0259st\u0259kl\u0259m\u0259y\u0259 haz\u0131r oldu\u011funu vur\u011fulay\u0131b. O, s\u0259f\u0259ri \u00e7\u0259r\u00e7iv\u0259sind\u0259 ANAMA il\u0259 g\u00f6r\u00fc\u015f\u00fcn n\u0259z\u0259rd\u0259 tutuldu\u011funu v\u0259 minalar\u0131n t\u0259mizl\u0259nm\u0259si prosesin\u0259 yard\u0131m\u0131n art\u0131r\u0131lmas\u0131 imkanlar\u0131n\u0131n n\u0259z\u0259rd\u0259n ke\u00e7irildiyini qeyd edib.<\/p>\n<p>T\u0259r\u0259fl\u0259r, h\u0259m\u00e7inin A\u0130 v\u0259 Az\u0259rbaycan aras\u0131nda yeni h\u0259rt\u0259r\u0259fli sazi\u015f \u00fczr\u0259 dan\u0131\u015f\u0131qlar\u0131n yekunla\u015fd\u0131r\u0131lmas\u0131na dair fikir m\u00fcbadil\u0259si apar\u0131b v\u0259 bu x\u00fcsusda qar\u015f\u0131l\u0131ql\u0131 mara\u011f\u0131 ifad\u0259 edibl\u0259r.<\/p>\n","protected":false},"excerpt":{"rendered":"<p>21 fevral 2022-ci il tarixind\u0259 Az\u0259rbaycan Respublikas\u0131 xarici i\u015fl\u0259r naziri Ceyhun Bayramov il\u0259 Avropa \u0130ttifaq\u0131n\u0131n (A\u0130) C\u0259nubi Qafqaz \u00fczr\u0259 x\u00fcsusi n\u00fcmay\u0259nd\u0259si Toivo Klaar aras\u0131nda g\u00f6r\u00fc\u015f ba\u015f tutub. X\u0130N-d\u0259n\u00a0&#8220;\u0130ki sahil&#8221;\u0259 veril\u0259n x\u0259b\u0259r\u0259 g\u00f6r\u0259, g\u00f6r\u00fc\u015fd\u0259 nazir Ceyhun Bayramov b\u00f6lg\u0259d\u0259 m\u00f6vcud olan cari v\u0259ziyy\u0259t, o c\u00fcml\u0259d\u0259n Az\u0259rbaycan\u0131n \u00fc\u00e7t\u0259r\u0259fli b\u0259yanatlar\u0131n icras\u0131 il\u0259 ba\u011fl\u0131 g\u00f6rd\u00fcy\u00fc i\u015fl\u0259r bar\u0259d\u0259 m\u0259lumat verib. Nazir, b\u00f6lg\u0259d\u0259 s\u00fclh quruculu\u011fu s\u0259yl\u0259rinin d\u0259st\u0259lkl\u0259nm\u0259sind\u0259 A\u0130-nin f\u0259al rolunu, x\u00fcsusil\u0259 d\u0259 A\u0130 \u015euras\u0131n\u0131n Prezidentinin t\u0259\u015f\u0259bb\u00fcs\u00fc il\u0259 ke\u00e7iril\u0259n y\u00fcks\u0259k s\u0259viyy\u0259li g\u00f6r\u00fc\u015fl\u0259ri qeyd edib. O, bu g\u00f6r\u00fc\u015fl\u0259rd\u0259 \u0259ld\u0259 edil\u0259n raz\u0131la\u015fmalardan b\u0259hs ed\u0259r\u0259k, Erm\u0259nistan t\u0259r\u0259find\u0259n veril\u0259n v\u0259dl\u0259rin yerin\u0259 yetirilm\u0259sinin&hellip;<\/p>\n","protected":false},"author":2,"featured_media":441722,"comment_status":"closed","ping_status":"closed","sticky":false,"template":"","format":"standard","meta":{"om_disable_all_campaigns":false,"_monsterinsights_skip_tracking":false,"_monsterinsights_sitenote_active":false,"_monsterinsights_sitenote_note":"","_monsterinsights_sitenote_category":0},"categories":[4],"tags":[],"aioseo_notices":[],"gutentor_comment":0,"rttpg_featured_image_url":{"full":["https:\/\/arantv.az\/wp-content\/uploads\/2022\/02\/b2531e7b164543785693374660510142768.jpg",975,540,false],"landscape":["https:\/\/arantv.az\/wp-content\/uploads\/2022\/02\/b2531e7b164543785693374660510142768.jpg",975,540,false],"portraits":["https:\/\/arantv.az\/wp-content\/uploads\/2022\/02\/b2531e7b164543785693374660510142768.jpg",975,540,false],"thumbnail":["https:\/\/arantv.az\/wp-content\/uploads\/2022\/02\/b2531e7b164543785693374660510142768-500x280.jpg",500,280,true],"medium":["https:\/\/arantv.az\/wp-content\/uploads\/2022\/02\/b2531e7b164543785693374660510142768-660x365.jpg",660,365,true],"large":["https:\/\/arantv.az\/wp-content\/uploads\/2022\/02\/b2531e7b164543785693374660510142768-840x465.jpg",640,354,true],"1536x1536":["https:\/\/arantv.az\/wp-content\/uploads\/2022\/02\/b2531e7b164543785693374660510142768.jpg",975,540,false],"2048x2048":["https:\/\/arantv.az\/wp-content\/uploads\/2022\/02\/b2531e7b164543785693374660510142768.jpg",975,540,false],"post-thumbnail":["https:\/\/arantv.az\/wp-content\/uploads\/2022\/02\/b2531e7b164543785693374660510142768-240x172.jpg",240,172,true],"advps-thumb-one":["https:\/\/arantv.az\/wp-content\/uploads\/2022\/02\/b2531e7b164543785693374660510142768.jpg",975,540,false]},"rttpg_author":{"display_name":"V\u00fcsal Rafiqo\u011flu","author_link":"https:\/\/arantv.az\/?author=2"},"rttpg_comment":0,"rttpg_category":"<a href=\"https:\/\/arantv.az\/?cat=4\" rel=\"category\">Siyas\u0259t<\/a>","rttpg_excerpt":"21 fevral 2022-ci il tarixind\u0259 Az\u0259rbaycan Respublikas\u0131 xarici i\u015fl\u0259r naziri Ceyhun Bayramov il\u0259 Avropa \u0130ttifaq\u0131n\u0131n (A\u0130) C\u0259nubi Qafqaz \u00fczr\u0259 x\u00fcsusi n\u00fcmay\u0259nd\u0259si Toivo Klaar aras\u0131nda g\u00f6r\u00fc\u015f ba\u015f tutub. X\u0130N-d\u0259n\u00a0&#8220;\u0130ki sahil&#8221;\u0259 veril\u0259n x\u0259b\u0259r\u0259 g\u00f6r\u0259, g\u00f6r\u00fc\u015fd\u0259 nazir Ceyhun Bayramov b\u00f6lg\u0259d\u0259 m\u00f6vcud olan cari v\u0259ziyy\u0259t, o c\u00fcml\u0259d\u0259n Az\u0259rbaycan\u0131n \u00fc\u00e7t\u0259r\u0259fli b\u0259yanatlar\u0131n icras\u0131 il\u0259 ba\u011fl\u0131 g\u00f6rd\u00fcy\u00fc i\u015fl\u0259r bar\u0259d\u0259 m\u0259lumat verib. Nazir,&hellip;","_links":{"self":[{"href":"https:\/\/arantv.az\/index.php?rest_route=\/wp\/v2\/posts\/441721"}],"collection":[{"href":"https:\/\/arantv.az\/index.php?rest_route=\/wp\/v2\/posts"}],"about":[{"href":"https:\/\/arantv.az\/index.php?rest_route=\/wp\/v2\/types\/post"}],"author":[{"embeddable":true,"href":"https:\/\/arantv.az\/index.php?rest_route=\/wp\/v2\/users\/2"}],"replies":[{"embeddable":true,"href":"https:\/\/arantv.az\/index.php?rest_route=%2Fwp%2Fv2%2Fcomments&post=441721"}],"version-history":[{"count":0,"href":"https:\/\/arantv.az\/index.php?rest_route=\/wp\/v2\/posts\/441721\/revisions"}],"wp:featuredmedia":[{"embeddable":true,"href":"https:\/\/arantv.az\/index.php?rest_route=\/wp\/v2\/media\/441722"}],"wp:attachment":[{"href":"https:\/\/arantv.az\/index.php?rest_route=%2Fwp%2Fv2%2Fmedia&parent=441721"}],"wp:term":[{"taxonomy":"category","embeddable":true,"href":"https:\/\/arantv.az\/index.php?rest_route=%2Fwp%2Fv2%2Fcategories&post=441721"},{"taxonomy":"post_tag","embeddable":true,"href":"https:\/\/arantv.az\/index.php?rest_route=%2Fwp%2Fv2%2Ftags&post=441721"}],"curies":[{"name":"wp","href":"https:\/\/api.w.org\/{rel}","templated":true}]}}