{"id":441724,"date":"2022-02-21T13:09:58","date_gmt":"2022-02-21T10:09:58","guid":{"rendered":"http:\/\/arantv.az\/?p=441724"},"modified":"2022-02-21T13:09:58","modified_gmt":"2022-02-21T10:09:58","slug":"mehriban-xanim-%c9%99liyevanin-az%c9%99rbaycanin-birinci-vitse-prezidenti-t%c9%99yin-olunmasi-muasir-tariximizin-muhum-hadis%c9%99sidir","status":"publish","type":"post","link":"https:\/\/arantv.az\/?p=441724","title":{"rendered":"Mehriban xan\u0131m \u018fliyevan\u0131n Az\u0259rbaycan\u0131n Birinci vitse-prezidenti t\u0259yin olunmas\u0131 m\u00fcasir tariximizin m\u00fch\u00fcm hadis\u0259sidir"},"content":{"rendered":"<p><strong>\u018fliabbas Salahzad\u0259<\/strong><\/p>\n<p>Milli M\u0259clisin deputat\u0131<\/p>\n<p>Milli M\u0259clisin deputat\u0131 \u018fliabbas Salahzad\u0259 Az\u0259rbaycan\u0131n dayan\u0131ql\u0131 inki\u015faf\u0131nda islahatlar prosesinin \u00f6n\u0259mini x\u00fcsusi qeyd ed\u0259r\u0259k diqq\u0259ti 2016-c\u0131 ilin 26 sentyabr\u0131nda Konstitusiya islahatlar\u0131 il\u0259 ba\u011fl\u0131 ke\u00e7iril\u0259n referendumun n\u0259tic\u0259l\u0259rin\u0259 y\u00f6n\u0259ldib: \u201cD\u00f6vl\u0259t idar\u0259\u00e7ilik sistemind\u0259 Birinci vitse-prezidentlik institutunun yarad\u0131lmas\u0131 c\u0259nab \u0130lham \u018fliyevin islahatlar kursunun t\u0259zah\u00fcr\u00fcd\u00fcr. Prezident \u0130lham \u018fliyevin 2017-ci il 21 fevral tarixind\u0259 imzalad\u0131\u011f\u0131 S\u0259r\u0259ncamla Heyd\u0259r \u018fliyev Fondunun prezidenti, UNESCO-nun v\u0259 \u0130SESCO-nun xo\u015fm\u0259raml\u0131 s\u0259firi Mehriban \u018fliyevan\u0131n Az\u0259rbaycan\u0131n Birinci vitse-prezidenti t\u0259yin olunmas\u0131 \u00f6lk\u0259nin m\u00fcasir tarixinin m\u00fch\u00fcm hadis\u0259si kimi d\u0259y\u0259rl\u0259ndirildi. \u00d6t\u0259n 5 ild\u0259 \u0259ld\u0259 olunan u\u011furlar bu fikri \u0259minlikl\u0259 s\u00f6yl\u0259m\u0259y\u0259 \u0259sas verir ki, Birinci vitse-prezidentlik institutu idar\u0259etm\u0259nin s\u0259m\u0259r\u0259lilik v\u0259 \u00e7evikliyini art\u0131r\u0131b. Az\u0259rbaycanda t\u0259kmil idar\u0259\u00e7ilik sisteminin m\u00f6vcudlu\u011fu beyn\u0259lxalq s\u0259viyy\u0259d\u0259 t\u0259qdir edilir. Daim yenilikl\u0259r\u0259, t\u0259kmill\u0259\u015fm\u0259y\u0259 maraq g\u00f6st\u0259r\u0259n Az\u0259rbaycan\u0131n inki\u015faf modelinin d\u0259st\u0259kl\u0259nm\u0259sind\u0259 d\u0259 bu amilin rolu x\u00fcsusi qeyd edilir\u201d.<\/p>\n<p>\u018f.Salahzad\u0259 Mehriban xan\u0131m \u018fliyevan\u0131n Az\u0259rbaycan\u0131n Birinci vitse-prezidenti kimi f\u0259aliyy\u0259t istiqam\u0259tl\u0259rind\u0259n geni\u015f b\u0259hs ed\u0259r\u0259k bildirib ki, d\u00f6vl\u0259t ba\u015f\u00e7\u0131s\u0131 \u0130lham \u018fliyev T\u0259hl\u00fck\u0259sizlik \u015euras\u0131n\u0131n iclas\u0131nda bu t\u0259yinat\u0131 \u015f\u0259rtl\u0259ndir\u0259n amill\u0259ri bel\u0259 \u0259sasland\u0131rm\u0131\u015fd\u0131r ki, \u00e7ox\u015fax\u0259li, eyni zamanda, u\u011furlu f\u0259aliyy\u0259t\u00a0 q\u0259rar\u0131n q\u0259bulunda\u00a0 \u0259sas rol oynam\u0131\u015fd\u0131r.\u00a0 Mehriban \u018fliyeva \u00e7ox pe\u015f\u0259kar, bilikli, t\u0259cr\u00fcb\u0259li, prinsipial, xeyirxah bir insand\u0131r.\u00a0 Az\u0259rbaycan xalq\u0131 ona b\u00f6y\u00fck r\u0259\u011fb\u0259t v\u0259 sevgi il\u0259 yana\u015f\u0131r. Bu \u0259minlik d\u0259 ifad\u0259 edilmi\u015fdir ki, Mehriban xan\u0131m \u018fliyeva bundan sonra da \u00f6lk\u0259mizin inki\u015faf\u0131na \u00f6z d\u0259y\u0259rli t\u00f6hf\u0259sini ver\u0259c\u0259kdir.<\/p>\n<p>\u201cMehriban xan\u0131m \u018fliyevan\u0131n f\u0259aliyy\u0259tin\u0259 hans\u0131 sah\u0259d\u0259n baxsaq d\u00f6vl\u0259t\u0259 v\u0259 xalqa xidm\u0259tin n\u00fcmun\u0259sini g\u00f6r\u0259rik\u201d s\u00f6yl\u0259y\u0259n deputat vur\u011fulay\u0131b ki, onun Heyd\u0259r \u018fliyev Fondunun prezidenti kimi g\u00f6rd\u00fcy\u00fc i\u015fl\u0259rin miqyas\u0131na diqq\u0259t yetirm\u0259k kifay\u0259tdir: \u201cM\u00fcasir m\u00fcst\u0259qil Az\u0259rbaycan d\u00f6vl\u0259tinin qurucusu, ulu \u00f6nd\u0259r Heyd\u0259r \u018fliyevin irsinin t\u0259bli\u011fi\u00a0 m\u0259qs\u0259dil\u0259 yarad\u0131lan Fond Az\u0259rbaycan\u0131n tarixinin, m\u0259d\u0259niyy\u0259tinin, milli-m\u0259n\u0259vi d\u0259y\u0259rl\u0259rinin qorunmas\u0131 v\u0259 t\u0259bli\u011fi istiqam\u0259tind\u0259 m\u00fch\u00fcm add\u0131mlar at\u0131b. T\u0259hsilin, s\u0259hiyy\u0259nin, idman\u0131n inki\u015faf\u0131, h\u0259m\u00e7inin ekoloji m\u0259s\u0259l\u0259l\u0259rin h\u0259lli il\u0259 ba\u011fl\u0131 biri-birind\u0259n \u0259h\u0259miyy\u0259tli layih\u0259l\u0259r h\u0259yata ke\u00e7irir. Mehriban xan\u0131m \u018fliyevan\u0131n r\u0259hb\u0259rliyi il\u0259 Heyd\u0259r \u018fliyev Fondu \u201cTolerantl\u0131\u011f\u0131n \u00fcnvan\u0131 &#8211; Az\u0259rbaycan\u201d layih\u0259si \u00e7\u0259r\u00e7iv\u0259sind\u0259 \u00f6lk\u0259mizd\u0259 yeni m\u0259scidl\u0259r in\u015fa etmi\u015f, m\u00fcq\u0259dd\u0259s ziyar\u0259tgahlar\u0131n t\u0259mir-b\u0259rpa i\u015fl\u0259rini h\u0259yata ke\u00e7irmi\u015fdir.\u00a0 Mehriban xan\u0131m \u018fliyeva y\u00fcz ill\u0259r boyu Az\u0259rbaycanda dost v\u0259 \u0259min-amanl\u0131q \u015f\u0259raitind\u0259 ya\u015fayan m\u00fcxt\u0259lif xalqlar\u0131n n\u00fcmay\u0259nd\u0259l\u0259rinin m\u0259d\u0259ni \u00f6z\u00fcn\u0259m\u0259xsuslu\u011funu qoruyub saxlamas\u0131, dini ayinl\u0259rini s\u0259rb\u0259st yerin\u0259 yetirm\u0259si \u00fc\u00e7\u00fcn ibad\u0259t evl\u0259rinin b\u0259rpas\u0131 v\u0259 in\u015fas\u0131 i\u015find\u0259 d\u0259 \u00f6nd\u0259 dayan\u0131r. M\u00fcxt\u0259lif m\u00fcs\u0259lman \u00f6lk\u0259l\u0259rind\u0259 xeyriyy\u0259 aksiyalar\u0131n\u0131n ke\u00e7irilm\u0259si, m\u00fcs\u0259lman u\u015faqlar\u0131n t\u0259hsili v\u0259 sa\u011flaml\u0131\u011f\u0131 il\u0259 ba\u011fl\u0131 davaml\u0131 layih\u0259l\u0259rin realla\u015fd\u0131r\u0131lmas\u0131, h\u0259m\u00e7inin Bak\u0131n\u0131n \u0130slam m\u0259d\u0259niyy\u0259tinin paytaxt\u0131 olmas\u0131 \u00f6n\u0259mli t\u0259\u015f\u0259bb\u00fcs v\u0259 vacib i\u015fl\u0259r kimi qeyd edil\u0259 bil\u0259r. Haz\u0131rda tarixi Z\u0259f\u0259rimizin m\u00fch\u00fcm reall\u0131qlar\u0131ndan olan i\u015f\u011faldan azad edilmi\u015f \u0259razil\u0259rd\u0259 b\u0259rpa v\u0259 quruculuq i\u015fl\u0259ri \u00e7\u0259r\u00e7iv\u0259sind\u0259 tarixi v\u0259 dini abid\u0259l\u0259rimizin b\u0259rpas\u0131 Heyd\u0259r \u018fliyev Fondunun \u00f6z imkanlar\u0131 hesab\u0131na h\u0259yata ke\u00e7irilir.\u00a0 D\u00f6vl\u0259t ba\u015f\u00e7\u0131s\u0131, M\u00fcz\u0259ff\u0259r Ali Ba\u015f Komandan \u0130lham \u018fliyevin t\u0259\u015f\u0259bb\u00fcs\u00fc, Heyd\u0259r \u018fliyev Fondunun t\u0259\u015fkilat\u00e7\u0131l\u0131\u011f\u0131 il\u0259 \u00f6t\u0259n ilin may\u0131nda \u201cXar\u0131b\u00fclb\u00fcl\u201d musiqi festival\u0131 \u0259n\u0259n\u0259sinin b\u0259rpas\u0131 da Mehriban xan\u0131m \u018fliyevan\u0131n\u00a0 Az\u0259rbaycan\u0131n tolerant \u00f6lk\u0259 kimi d\u00fcnyaya t\u0259qdimat\u0131na verdiyi b\u00f6y\u00fck t\u00f6hf\u0259l\u0259rd\u0259ndir. \u201cXar\u0131b\u00fclb\u00fcl\u201d musiqi festival\u0131 vasit\u0259sil\u0259 bir daha d\u00fcnyaya birlik, h\u0259mr\u0259ylik, s\u00fclh, dostluq mesaj\u0131 \u00fcnvanland\u0131. Musiqi festival\u0131n\u0131n birinci g\u00fcn\u00fcnd\u0259 Az\u0259rbaycanda ya\u015fayan m\u00fcxt\u0259lif xalqlar\u0131n, mill\u0259tl\u0259rin musiqi yarad\u0131c\u0131l\u0131\u011f\u0131n\u0131n t\u0259qdimat\u0131 da bu mesajlar\u0131n m\u0259cmusu oldu\u201d.<\/p>\n<p>\u018f.Salahzad\u0259 qeyd edib ki, Mehriban xan\u0131m \u018fliyevan\u0131n t\u0259\u015f\u0259bb\u00fcs\u00fc il\u0259 ke\u00e7iril\u0259n beyn\u0259lxalq \u0259h\u0259miyy\u0259tli t\u0259dbirl\u0259r Az\u0259rbaycan\u0131n n\u00fcfuzunun artmas\u0131nda, h\u0259qiq\u0259tl\u0259rimizin d\u00fcnya ictimaiyy\u0259tin\u0259 \u00e7atd\u0131r\u0131lmas\u0131nda, art\u0131q\u00a0 tarix\u0259 qovu\u015fan Da\u011fl\u0131q Qaraba\u011f m\u00fcnaqi\u015f\u0259sinin \u0259sl mahiyy\u0259tinin t\u0259qdim olunmas\u0131nda \u0259h\u0259miyy\u0259tli rol oynay\u0131b:\u00a0 \u201cAz\u0259rbaycan v\u0259 d\u00fcnya ictimaiyy\u0259ti 2015-ci ild\u0259 Bak\u0131n\u0131n ev sahibliyi etdiyi ilk Avropa Oyunlar\u0131,\u00a0 2017-ci ild\u0259\u00a0 IV \u0130slam H\u0259mr\u0259yliyi Oyunlar\u0131 zaman\u0131 Birinci vitse-prezident Mehriban xan\u0131m \u018fliyevan\u0131n y\u00fcks\u0259k t\u0259\u015fkilat\u00e7\u0131l\u0131q qabiliyy\u0259tinin bir daha \u015fahidi oldu. H\u0259m\u00e7inin, Mehriban xan\u0131m \u018fliyevan\u0131n 2019-cu ild\u0259 UNESCO-nun \u00dcmumd\u00fcnya \u0130rs Komit\u0259sinin 43-c\u00fc sessiyas\u0131n\u0131n Az\u0259rbaycanda ke\u00e7irilm\u0259sin\u0259 t\u0259\u015f\u0259bb\u00fcs g\u00f6st\u0259rm\u0259si v\u0259 buna nail olmas\u0131 tarixi hadis\u0259 kimi diqq\u0259td\u0259 oldu. Az\u0259rbaycan\u0131n Birinci vitse-prezidenti siyasi karyeras\u0131 v\u0259 ictimai f\u0259aliyy\u0259ti d\u00f6vr\u00fcnd\u0259 ba\u015flad\u0131\u011f\u0131 b\u00fct\u00fcn i\u015fl\u0259rin \u00f6hd\u0259sind\u0259n b\u00f6y\u00fck m\u0259har\u0259tl\u0259 g\u0259lir\u201d.<\/p>\n<p>Milli M\u0259clisin deputat\u0131\u00a0 y\u00fcks\u0259k etimad\u0131n v\u0259 ulu \u00f6nd\u0259r Heyd\u0259r \u018fliyevin siyasi irsin\u0259 sadiqliyin n\u00fcmun\u0259si olaraq d\u00f6vl\u0259t ba\u015f\u00e7\u0131s\u0131, Yeni Az\u0259rbaycan Partiyas\u0131n\u0131n S\u0259dri\u00a0 \u0130lham \u018fliyevin S\u0259r\u0259ncam\u0131 il\u0259\u00a0 2021-ci il 5 mart tarixind\u0259 Mehriban xan\u0131m \u018fliyevan\u0131n partiya S\u0259drinin Birinci m\u00fcavini t\u0259yin edilm\u0259sini x\u00fcsusi qeyd edib: \u201cS\u00f6zl\u0259 \u0259m\u0259l birliyi say\u0259sind\u0259, d\u00f6vl\u0259t\u0259, xalqa xidm\u0259ti il\u0259 \u00fcmumxalq partiyas\u0131 ad\u0131n\u0131 qazanan v\u0259 c\u0259miyy\u0259tin avanqard q\u00fcvv\u0259sin\u0259 \u00e7evril\u0259n Yeni Az\u0259rbaycan Partiyas\u0131n\u0131n tarixi Z\u0259f\u0259rimizin reall\u0131qlar\u0131 fonunda qar\u015f\u0131ya qoydu\u011fu v\u0259zif\u0259l\u0259rin u\u011furlu\u00a0 icras\u0131nda yeni t\u0259yinat\u0131n rolu b\u00f6y\u00fckd\u00fcr.\u00a0 Bu t\u0259yinat, eyni zamanda, Az\u0259rbaycan\u0131n d\u00f6vl\u0259t siyas\u0259tind\u0259 qad\u0131na g\u00f6st\u0259ril\u0259n x\u00fcsusi diqq\u0259tin t\u0259c\u0259ss\u00fcm\u00fcd\u00fcr. Mehriban xan\u0131m \u018fliyevan\u0131n timsal\u0131nda Az\u0259rbaycan qad\u0131n\u0131n f\u0259al ictimai-siyasi v\u0259t\u0259nda\u015f v\u0259 pe\u015f\u0259kar d\u00f6vl\u0259t xadimi obraz\u0131 formala\u015f\u0131b\u201d.<\/p>\n<p>\u201cMehriban xan\u0131m \u018fliyevan\u0131n \u00e7ox\u015fax\u0259li f\u0259aliyy\u0259tinin u\u011furlar\u0131n\u0131 bir yaz\u0131da \u0259hat\u0259 etm\u0259k qeyri-m\u00fcmk\u00fcnd\u00fcr\u201d s\u00f6yl\u0259y\u0259n \u018f.Salahzad\u0259 bu \u00fcmumil\u0259\u015fdirm\u0259ni x\u00fcsusi qeyd edib ki, \u00e7ox\u015fax\u0259li\u00a0 f\u0259aliyy\u0259t\u0259 g\u00f6r\u0259 t\u0259ltifl\u0259rin h\u0259r birinin arxas\u0131nda bilik, a\u011f\u0131l v\u0259 irad\u0259, pe\u015f\u0259karl\u0131q v\u0259 t\u0259cr\u00fcb\u0259, prinsipiall\u0131q v\u0259 xeyirxahl\u0131q, \u0259n \u0259sas\u0131 xalq\u0131na, d\u00f6vl\u0259tin\u0259, insanl\u0131\u011fa, b\u0259\u015f\u0259riyy\u0259t\u0259 sevgi dayan\u0131r. Mehriban xan\u0131m \u018fliyevan\u0131n \u0259n b\u00f6y\u00fck m\u00fckafat\u0131 Az\u0259rbaycan xalq\u0131n\u0131n sevgisidir.<\/p>\n","protected":false},"excerpt":{"rendered":"<p>\u018fliabbas Salahzad\u0259 Milli M\u0259clisin deputat\u0131 Milli M\u0259clisin deputat\u0131 \u018fliabbas Salahzad\u0259 Az\u0259rbaycan\u0131n dayan\u0131ql\u0131 inki\u015faf\u0131nda islahatlar prosesinin \u00f6n\u0259mini x\u00fcsusi qeyd ed\u0259r\u0259k diqq\u0259ti 2016-c\u0131 ilin 26 sentyabr\u0131nda Konstitusiya islahatlar\u0131 il\u0259 ba\u011fl\u0131 ke\u00e7iril\u0259n referendumun n\u0259tic\u0259l\u0259rin\u0259 y\u00f6n\u0259ldib: \u201cD\u00f6vl\u0259t idar\u0259\u00e7ilik sistemind\u0259 Birinci vitse-prezidentlik institutunun yarad\u0131lmas\u0131 c\u0259nab \u0130lham \u018fliyevin islahatlar kursunun t\u0259zah\u00fcr\u00fcd\u00fcr. Prezident \u0130lham \u018fliyevin 2017-ci il 21 fevral tarixind\u0259 imzalad\u0131\u011f\u0131 S\u0259r\u0259ncamla Heyd\u0259r \u018fliyev Fondunun prezidenti, UNESCO-nun v\u0259 \u0130SESCO-nun xo\u015fm\u0259raml\u0131 s\u0259firi Mehriban \u018fliyevan\u0131n Az\u0259rbaycan\u0131n Birinci vitse-prezidenti t\u0259yin olunmas\u0131 \u00f6lk\u0259nin m\u00fcasir tarixinin m\u00fch\u00fcm hadis\u0259si kimi d\u0259y\u0259rl\u0259ndirildi. \u00d6t\u0259n 5 ild\u0259 \u0259ld\u0259 olunan u\u011furlar bu fikri \u0259minlikl\u0259 s\u00f6yl\u0259m\u0259y\u0259 \u0259sas verir&hellip;<\/p>\n","protected":false},"author":2,"featured_media":441725,"comment_status":"closed","ping_status":"closed","sticky":false,"template":"","format":"standard","meta":{"om_disable_all_campaigns":false,"_monsterinsights_skip_tracking":false,"_monsterinsights_sitenote_active":false,"_monsterinsights_sitenote_note":"","_monsterinsights_sitenote_category":0},"categories":[4],"tags":[],"aioseo_notices":[],"gutentor_comment":0,"rttpg_featured_image_url":{"full":["https:\/\/arantv.az\/wp-content\/uploads\/2022\/02\/4e55139e164543802133412655710886174.jpg",975,540,false],"landscape":["https:\/\/arantv.az\/wp-content\/uploads\/2022\/02\/4e55139e164543802133412655710886174.jpg",975,540,false],"portraits":["https:\/\/arantv.az\/wp-content\/uploads\/2022\/02\/4e55139e164543802133412655710886174.jpg",975,540,false],"thumbnail":["https:\/\/arantv.az\/wp-content\/uploads\/2022\/02\/4e55139e164543802133412655710886174-500x280.jpg",500,280,true],"medium":["https:\/\/arantv.az\/wp-content\/uploads\/2022\/02\/4e55139e164543802133412655710886174-660x365.jpg",660,365,true],"large":["https:\/\/arantv.az\/wp-content\/uploads\/2022\/02\/4e55139e164543802133412655710886174-840x465.jpg",640,354,true],"1536x1536":["https:\/\/arantv.az\/wp-content\/uploads\/2022\/02\/4e55139e164543802133412655710886174.jpg",975,540,false],"2048x2048":["https:\/\/arantv.az\/wp-content\/uploads\/2022\/02\/4e55139e164543802133412655710886174.jpg",975,540,false],"post-thumbnail":["https:\/\/arantv.az\/wp-content\/uploads\/2022\/02\/4e55139e164543802133412655710886174-240x172.jpg",240,172,true],"advps-thumb-one":["https:\/\/arantv.az\/wp-content\/uploads\/2022\/02\/4e55139e164543802133412655710886174.jpg",975,540,false]},"rttpg_author":{"display_name":"V\u00fcsal Rafiqo\u011flu","author_link":"https:\/\/arantv.az\/?author=2"},"rttpg_comment":0,"rttpg_category":"<a href=\"https:\/\/arantv.az\/?cat=4\" rel=\"category\">Siyas\u0259t<\/a>","rttpg_excerpt":"\u018fliabbas Salahzad\u0259 Milli M\u0259clisin deputat\u0131 Milli M\u0259clisin deputat\u0131 \u018fliabbas Salahzad\u0259 Az\u0259rbaycan\u0131n dayan\u0131ql\u0131 inki\u015faf\u0131nda islahatlar prosesinin \u00f6n\u0259mini x\u00fcsusi qeyd ed\u0259r\u0259k diqq\u0259ti 2016-c\u0131 ilin 26 sentyabr\u0131nda Konstitusiya islahatlar\u0131 il\u0259 ba\u011fl\u0131 ke\u00e7iril\u0259n referendumun n\u0259tic\u0259l\u0259rin\u0259 y\u00f6n\u0259ldib: \u201cD\u00f6vl\u0259t idar\u0259\u00e7ilik sistemind\u0259 Birinci vitse-prezidentlik institutunun yarad\u0131lmas\u0131 c\u0259nab \u0130lham \u018fliyevin islahatlar kursunun t\u0259zah\u00fcr\u00fcd\u00fcr. Prezident \u0130lham \u018fliyevin 2017-ci il 21 fevral tarixind\u0259 imzalad\u0131\u011f\u0131 S\u0259r\u0259ncamla&hellip;","_links":{"self":[{"href":"https:\/\/arantv.az\/index.php?rest_route=\/wp\/v2\/posts\/441724"}],"collection":[{"href":"https:\/\/arantv.az\/index.php?rest_route=\/wp\/v2\/posts"}],"about":[{"href":"https:\/\/arantv.az\/index.php?rest_route=\/wp\/v2\/types\/post"}],"author":[{"embeddable":true,"href":"https:\/\/arantv.az\/index.php?rest_route=\/wp\/v2\/users\/2"}],"replies":[{"embeddable":true,"href":"https:\/\/arantv.az\/index.php?rest_route=%2Fwp%2Fv2%2Fcomments&post=441724"}],"version-history":[{"count":0,"href":"https:\/\/arantv.az\/index.php?rest_route=\/wp\/v2\/posts\/441724\/revisions"}],"wp:featuredmedia":[{"embeddable":true,"href":"https:\/\/arantv.az\/index.php?rest_route=\/wp\/v2\/media\/441725"}],"wp:attachment":[{"href":"https:\/\/arantv.az\/index.php?rest_route=%2Fwp%2Fv2%2Fmedia&parent=441724"}],"wp:term":[{"taxonomy":"category","embeddable":true,"href":"https:\/\/arantv.az\/index.php?rest_route=%2Fwp%2Fv2%2Fcategories&post=441724"},{"taxonomy":"post_tag","embeddable":true,"href":"https:\/\/arantv.az\/index.php?rest_route=%2Fwp%2Fv2%2Ftags&post=441724"}],"curies":[{"name":"wp","href":"https:\/\/api.w.org\/{rel}","templated":true}]}}