{"id":441733,"date":"2022-02-21T13:21:45","date_gmt":"2022-02-21T10:21:45","guid":{"rendered":"http:\/\/arantv.az\/?p=441733"},"modified":"2022-02-21T13:21:45","modified_gmt":"2022-02-21T10:21:45","slug":"s%c9%99mkir-rih-bascisi-r%c9%99sad-tagiyev-s%c9%99hid-bab%c9%99k-namazovun-il-m%c9%99rasimind%c9%99-istirak-edib","status":"publish","type":"post","link":"https:\/\/arantv.az\/?p=441733","title":{"rendered":"\u015e\u0259mkir R\u0130H ba\u015f\u00e7\u0131s\u0131 R\u0259\u015fad Ta\u011f\u0131yev \u015f\u0259hid Bab\u0259k Namazovun il m\u0259rasimind\u0259 i\u015ftirak edib"},"content":{"rendered":"<p>V\u0259t\u0259nimizin \u0259razi b\u00fct\u00f6vl\u00fcy\u00fc u\u011frunda d\u00f6y\u00fc\u015fl\u0259r\u0259 at\u0131laraq can\u0131n\u0131 v\u0259t\u0259nin\u0259 qurban ver\u0259n igid \u015f\u0259hidimiz Bab\u0259k Namazovun il m\u0259rasimi ke\u00e7irilib.<\/p>\n<p>\u0130l m\u0259rasimind\u0259 \u015e\u0259mkir Rayon \u0130cra Hakimiyy\u0259tinin ba\u015f\u00e7\u0131s\u0131 R\u0259\u015fad Ta\u011f\u0131yev, Milli M\u0259clisin s\u0259dri Sahib\u0259 Qafarovan\u0131n n\u00fcmay\u0259nd\u0259l\u0259ri, h\u00fcquq-m\u00fchafiz\u0259 orqanlar\u0131n\u0131n r\u0259hb\u0259rl\u0259ri, \u015f\u0259hid ail\u0259l\u0259ri, qazil\u0259r, g\u0259ncl\u0259r v\u0259 rayon ictimaiyy\u0259ti i\u015ftirak edibl\u0259r.<\/p>\n<p>\u015e\u0259hid Bab\u0259k Namazovun h\u0259m m\u0259zar\u0131 ziyar\u0259t olunub, h\u0259m d\u0259\u00a0 \u0259vv\u0259ll\u0259r ya\u015fad\u0131\u011f\u0131 \u00fcnvana gedil\u0259r\u0259k ail\u0259 \u00fczvl\u0259ri il\u0259 g\u00f6r\u00fc\u015f\u00fcl\u00fcb.<\/p>\n<p>Az\u0259rbaycan\u0131n b\u00fct\u00f6vl\u00fcy\u00fc u\u011frunda can\u0131ndan ke\u00e7mi\u015f b\u00fct\u00fcn \u015f\u0259hidl\u0259rimizin \u0259ziz xatir\u0259si bir d\u0259qiq\u0259lik s\u00fckutla yad edilib.<\/p>\n<p>\u015e\u0259hidimizin ke\u00e7diyi d\u00f6y\u00fc\u015f yolundan dan\u0131\u015f\u0131l\u0131b, g\u00f6st\u0259rdiyi \u015f\u00fcca\u0259t v\u0259 q\u0259hr\u0259manl\u0131qlardan s\u00f6z a\u00e7\u0131l\u0131b. Ruhuna dualar oxunub.<\/p>\n<p>R\u0259\u015fad Ta\u011f\u0131yev an\u0131m m\u0259rasimind\u0259 \u015f\u0259hidin yax\u0131nlar\u0131na ba\u015fsa\u011fl\u0131\u011f\u0131 ver\u0259r\u0259k onlar\u0131n g\u00fcnd\u0259lik qay\u011f\u0131 v\u0259 probeleml\u0259ri il\u0259 maraqlan\u0131b.<\/p>\n<p>\u0130cra ba\u015f\u00e7\u0131s\u0131 bildirib ki, Ali Ba\u015f Komandan \u0130lham \u018fliyevin q\u0259tiyy\u0259ti, qazi v\u0259 \u015f\u0259hidl\u0259rimizin c\u0259sar\u0259ti bizi b\u00f6y\u00fck Z\u0259f\u0259r\u0259 qovu\u015fdurdu. Bu g\u00fcn c\u0259nab Prezidentin tap\u015f\u0131r\u0131qlar\u0131na uy\u011fun olaraq, \u00f6lk\u0259mizin h\u0259r yerind\u0259 oldu\u011fu kimi \u015e\u0259mkir rayonunda da \u015f\u0259hid ail\u0259l\u0259ri v\u0259 qazil\u0259rin qay\u011f\u0131 v\u0259 ehtiyaclar\u0131na x\u00fcsusi diqq\u0259t g\u00f6st\u0259rilir.<\/p>\n<p>Allah b\u00fct\u00fcn \u015f\u0259hidl\u0259rimizi r\u0259hm\u0259t el\u0259sin.<\/p>\n<p><img loading=\"lazy\" src=\"http:\/\/shamkir-ih.gov.az\/userfiles\/images\/2306-3.jpg\" alt=\"\" width=\"650\" height=\"433\" \/><\/p>\n<p><img loading=\"lazy\" src=\"http:\/\/shamkir-ih.gov.az\/userfiles\/images\/2306-4.jpg\" alt=\"\" width=\"650\" height=\"433\" \/><\/p>\n<p><img loading=\"lazy\" src=\"http:\/\/shamkir-ih.gov.az\/userfiles\/images\/2306-5.jpg\" alt=\"\" width=\"650\" height=\"433\" \/><\/p>\n<p><img loading=\"lazy\" src=\"http:\/\/shamkir-ih.gov.az\/userfiles\/images\/2306-6.jpg\" alt=\"\" width=\"650\" height=\"433\" \/><\/p>\n","protected":false},"excerpt":{"rendered":"<p>V\u0259t\u0259nimizin \u0259razi b\u00fct\u00f6vl\u00fcy\u00fc u\u011frunda d\u00f6y\u00fc\u015fl\u0259r\u0259 at\u0131laraq can\u0131n\u0131 v\u0259t\u0259nin\u0259 qurban ver\u0259n igid \u015f\u0259hidimiz Bab\u0259k Namazovun il m\u0259rasimi ke\u00e7irilib. \u0130l m\u0259rasimind\u0259 \u015e\u0259mkir Rayon \u0130cra Hakimiyy\u0259tinin ba\u015f\u00e7\u0131s\u0131 R\u0259\u015fad Ta\u011f\u0131yev, Milli M\u0259clisin s\u0259dri Sahib\u0259 Qafarovan\u0131n n\u00fcmay\u0259nd\u0259l\u0259ri, h\u00fcquq-m\u00fchafiz\u0259 orqanlar\u0131n\u0131n r\u0259hb\u0259rl\u0259ri, \u015f\u0259hid ail\u0259l\u0259ri, qazil\u0259r, g\u0259ncl\u0259r v\u0259 rayon ictimaiyy\u0259ti i\u015ftirak edibl\u0259r. \u015e\u0259hid Bab\u0259k Namazovun h\u0259m m\u0259zar\u0131 ziyar\u0259t olunub, h\u0259m d\u0259\u00a0 \u0259vv\u0259ll\u0259r ya\u015fad\u0131\u011f\u0131 \u00fcnvana gedil\u0259r\u0259k ail\u0259 \u00fczvl\u0259ri il\u0259 g\u00f6r\u00fc\u015f\u00fcl\u00fcb. Az\u0259rbaycan\u0131n b\u00fct\u00f6vl\u00fcy\u00fc u\u011frunda can\u0131ndan ke\u00e7mi\u015f b\u00fct\u00fcn \u015f\u0259hidl\u0259rimizin \u0259ziz xatir\u0259si bir d\u0259qiq\u0259lik s\u00fckutla yad edilib. \u015e\u0259hidimizin ke\u00e7diyi d\u00f6y\u00fc\u015f yolundan dan\u0131\u015f\u0131l\u0131b, g\u00f6st\u0259rdiyi \u015f\u00fcca\u0259t v\u0259 q\u0259hr\u0259manl\u0131qlardan s\u00f6z a\u00e7\u0131l\u0131b. Ruhuna dualar oxunub. R\u0259\u015fad&hellip;<\/p>\n","protected":false},"author":2,"featured_media":441734,"comment_status":"closed","ping_status":"closed","sticky":false,"template":"","format":"standard","meta":{"om_disable_all_campaigns":false,"_monsterinsights_skip_tracking":false,"_monsterinsights_sitenote_active":false,"_monsterinsights_sitenote_note":"","_monsterinsights_sitenote_category":0},"categories":[2],"tags":[],"aioseo_notices":[],"gutentor_comment":0,"rttpg_featured_image_url":{"full":["https:\/\/arantv.az\/wp-content\/uploads\/2022\/02\/2306-1.jpg",1600,1066,false],"landscape":["https:\/\/arantv.az\/wp-content\/uploads\/2022\/02\/2306-1.jpg",1600,1066,false],"portraits":["https:\/\/arantv.az\/wp-content\/uploads\/2022\/02\/2306-1.jpg",1600,1066,false],"thumbnail":["https:\/\/arantv.az\/wp-content\/uploads\/2022\/02\/2306-1-500x280.jpg",500,280,true],"medium":["https:\/\/arantv.az\/wp-content\/uploads\/2022\/02\/2306-1-548x365.jpg",548,365,true],"large":["https:\/\/arantv.az\/wp-content\/uploads\/2022\/02\/2306-1-840x560.jpg",640,427,true],"1536x1536":["https:\/\/arantv.az\/wp-content\/uploads\/2022\/02\/2306-1-1536x1023.jpg",1536,1023,true],"2048x2048":["https:\/\/arantv.az\/wp-content\/uploads\/2022\/02\/2306-1.jpg",1600,1066,false],"post-thumbnail":["https:\/\/arantv.az\/wp-content\/uploads\/2022\/02\/2306-1-240x172.jpg",240,172,true],"advps-thumb-one":["https:\/\/arantv.az\/wp-content\/uploads\/2022\/02\/2306-1-1200x620.jpg",1200,620,true]},"rttpg_author":{"display_name":"V\u00fcsal Rafiqo\u011flu","author_link":"https:\/\/arantv.az\/?author=2"},"rttpg_comment":0,"rttpg_category":"<a href=\"https:\/\/arantv.az\/?cat=2\" rel=\"category\">Region X\u0259b\u0259rl\u0259ri<\/a>","rttpg_excerpt":"V\u0259t\u0259nimizin \u0259razi b\u00fct\u00f6vl\u00fcy\u00fc u\u011frunda d\u00f6y\u00fc\u015fl\u0259r\u0259 at\u0131laraq can\u0131n\u0131 v\u0259t\u0259nin\u0259 qurban ver\u0259n igid \u015f\u0259hidimiz Bab\u0259k Namazovun il m\u0259rasimi ke\u00e7irilib. \u0130l m\u0259rasimind\u0259 \u015e\u0259mkir Rayon \u0130cra Hakimiyy\u0259tinin ba\u015f\u00e7\u0131s\u0131 R\u0259\u015fad Ta\u011f\u0131yev, Milli M\u0259clisin s\u0259dri Sahib\u0259 Qafarovan\u0131n n\u00fcmay\u0259nd\u0259l\u0259ri, h\u00fcquq-m\u00fchafiz\u0259 orqanlar\u0131n\u0131n r\u0259hb\u0259rl\u0259ri, \u015f\u0259hid ail\u0259l\u0259ri, qazil\u0259r, g\u0259ncl\u0259r v\u0259 rayon ictimaiyy\u0259ti i\u015ftirak edibl\u0259r. \u015e\u0259hid Bab\u0259k Namazovun h\u0259m m\u0259zar\u0131 ziyar\u0259t olunub, h\u0259m d\u0259\u00a0 \u0259vv\u0259ll\u0259r ya\u015fad\u0131\u011f\u0131&hellip;","_links":{"self":[{"href":"https:\/\/arantv.az\/index.php?rest_route=\/wp\/v2\/posts\/441733"}],"collection":[{"href":"https:\/\/arantv.az\/index.php?rest_route=\/wp\/v2\/posts"}],"about":[{"href":"https:\/\/arantv.az\/index.php?rest_route=\/wp\/v2\/types\/post"}],"author":[{"embeddable":true,"href":"https:\/\/arantv.az\/index.php?rest_route=\/wp\/v2\/users\/2"}],"replies":[{"embeddable":true,"href":"https:\/\/arantv.az\/index.php?rest_route=%2Fwp%2Fv2%2Fcomments&post=441733"}],"version-history":[{"count":0,"href":"https:\/\/arantv.az\/index.php?rest_route=\/wp\/v2\/posts\/441733\/revisions"}],"wp:featuredmedia":[{"embeddable":true,"href":"https:\/\/arantv.az\/index.php?rest_route=\/wp\/v2\/media\/441734"}],"wp:attachment":[{"href":"https:\/\/arantv.az\/index.php?rest_route=%2Fwp%2Fv2%2Fmedia&parent=441733"}],"wp:term":[{"taxonomy":"category","embeddable":true,"href":"https:\/\/arantv.az\/index.php?rest_route=%2Fwp%2Fv2%2Fcategories&post=441733"},{"taxonomy":"post_tag","embeddable":true,"href":"https:\/\/arantv.az\/index.php?rest_route=%2Fwp%2Fv2%2Ftags&post=441733"}],"curies":[{"name":"wp","href":"https:\/\/api.w.org\/{rel}","templated":true}]}}