{"id":441742,"date":"2022-02-21T13:27:40","date_gmt":"2022-02-21T10:27:40","guid":{"rendered":"http:\/\/arantv.az\/?p=441742"},"modified":"2022-02-21T13:27:40","modified_gmt":"2022-02-21T10:27:40","slug":"ilham-%c9%99liyev-boris-consona-t%c9%99brik-m%c9%99ktubu-gond%c9%99rdi","status":"publish","type":"post","link":"https:\/\/arantv.az\/?p=441742","title":{"rendered":"\u0130lham \u018fliyev Boris Consona t\u0259brik m\u0259ktubu g\u00f6nd\u0259rdi"},"content":{"rendered":"<p>B\u00f6y\u00fck Britaniya v\u0259 \u015eimali \u0130rlandiya Birl\u0259\u015fmi\u015f Krall\u0131\u011f\u0131n\u0131n Ba\u015f naziri Boris Conson Az\u0259rbaycan Prezidenti \u0130lham \u018fliyev\u0259\u00a0<a href=\"https:\/\/president.az\/az\/articles\/view\/55479\" target=\"_blank\" rel=\"noopener\">t\u0259brik m\u0259ktubu<\/a>\u00a0g\u00f6nd\u0259rib.<\/p>\n<p>Prezident.az x\u0259b\u0259r verir ki, m\u0259ktubda deyilir:<\/p>\n<div class=\"AdviadNativeVideo\"><\/div>\n<p>\u201cMart\u0131n 11-d\u0259 B\u00f6y\u00fck Britaniya v\u0259 Az\u0259rbaycan Respublikas\u0131 diplomatik m\u00fcnasib\u0259tl\u0259rin qurulmas\u0131n\u0131n 30 illiyini qeyd ed\u0259c\u0259kl\u0259r. Bu f\u00fcrs\u0259td\u0259n istifad\u0259 ed\u0259r\u0259k B\u00f6y\u00fck Britaniyan\u0131n \u00f6lk\u0259l\u0259rimiz aras\u0131ndak\u0131 \u0259laq\u0259l\u0259r\u0259 verdiyi \u0259h\u0259miyy\u0259ti bir daha qeyd etm\u0259k ist\u0259rdim.<\/p>\n<p>Son 30 il \u0259rzind\u0259 B\u00f6y\u00fck Britaniya v\u0259 Az\u0259rbaycan Respublikas\u0131 m\u00fch\u00fcm strateji t\u0259r\u0259fda\u015fl\u0131\u011f\u0131n inki\u015faf\u0131 etdirilm\u0259si \u00fc\u00e7\u00fcn birg\u0259 \u00e7al\u0131\u015f\u0131blar. M\u0259n \u00e7ox \u015fadam ki, B\u00f6y\u00fck Britaniya s\u0259rmay\u0259l\u0259rinin Az\u0259rbaycan\u0131n enerji sektoruna yat\u0131r\u0131ld\u0131\u011f\u0131 ilk vaxtlardan etibar\u0259n bu \u0259laq\u0259l\u0259r geni\u015fl\u0259nib v\u0259 \u00e7i\u00e7\u0259kl\u0259nib. \u0130nvestisiya v\u0259 ticar\u0259t artmaqda davam edir, t\u0259hsil v\u0259 m\u0259d\u0259ni \u0259laq\u0259l\u0259rimiz son d\u0259r\u0259c\u0259 s\u0131xd\u0131r, biz iqlim d\u0259yi\u015fikliyi v\u0259 t\u0259miz enerji, regional t\u0259hl\u00fck\u0259sizlik, qad\u0131n v\u0259 q\u0131zlara d\u0259st\u0259k daxil olmaqla m\u00fch\u00fcm m\u0259s\u0259l\u0259l\u0259r \u00fczr\u0259 getdikc\u0259 daha b\u00f6y\u00fck d\u0259y\u0259r qazanan \u0259m\u0259kda\u015fl\u0131\u011fa nail olmu\u015fuq.<\/p>\n<p>B\u00f6y\u00fck Britaniya Az\u0259rbaycan Respublikas\u0131n\u0131n sars\u0131lmaz v\u0259 d\u0259st\u0259k ver\u0259n t\u0259r\u0259fda\u015f\u0131d\u0131r v\u0259 bundan sonra da olacaqd\u0131r. Qar\u015f\u0131dak\u0131 ill\u0259rd\u0259 t\u0259r\u0259fda\u015fl\u0131\u011f\u0131m\u0131z\u0131n davaml\u0131 \u015f\u0259kild\u0259 inki\u015faf ed\u0259c\u0259yini b\u00f6y\u00fck \u00fcmidl\u0259 g\u00f6zl\u0259yir\u0259m\u201d.<\/p>\n<p>Eyni zamanda Az\u0259rbaycan Prezidenti \u0130lham \u018fliyev B\u00f6y\u00fck Britaniya v\u0259 \u015eimali \u0130rlandiya Birl\u0259\u015fmi\u015f Krall\u0131\u011f\u0131n\u0131n Ba\u015f naziri Boris Conson\u00a0<a href=\"https:\/\/president.az\/az\/articles\/view\/55483\" target=\"_blank\" rel=\"noopener\">t\u0259brik m\u0259ktubu<\/a>\u00a0g\u00f6nd\u0259rib.<\/p>\n<p>M\u0259ktubda deyilir:<\/p>\n<p>\u201cAz\u0259rbaycan Respublikas\u0131 il\u0259 B\u00f6y\u00fck Britaniya v\u0259 \u015eimali \u0130rlandiya Birl\u0259\u015fmi\u015f Krall\u0131\u011f\u0131 aras\u0131nda \u0259lam\u0259tdar tarix \u2013 diplomatik m\u00fcnasib\u0259tl\u0259rin qurulmas\u0131n\u0131n 30-cu ild\u00f6n\u00fcm\u00fc m\u00fcnasib\u0259til\u0259 Sizi \u00fcr\u0259kd\u0259n t\u0259brik edir, dost xalq\u0131n\u0131za \u0259n xo\u015f arzular\u0131m\u0131 \u00e7atd\u0131rmaqdan m\u0259mnunluq duyuram.<\/p>\n<p>Az\u0259rbaycan Birl\u0259\u015fmi\u015f Krall\u0131q il\u0259 dostluq v\u0259 \u0259m\u0259kda\u015fl\u0131\u011fa x\u00fcsusi \u0259h\u0259miyy\u0259t verir. Sevindirici hald\u0131r ki, son otuz ild\u0259 \u00f6lk\u0259l\u0259rimiz aras\u0131nda qar\u015f\u0131l\u0131ql\u0131 inam v\u0259 d\u0259st\u0259y\u0259 \u0259saslanan siyasi, iqtisadi, humanitar v\u0259 dig\u0259r sah\u0259l\u0259rd\u0259 \u0259laq\u0259l\u0259rimiz dinamik \u015f\u0259kild\u0259 inki\u015faf etmi\u015fdir.<\/p>\n<p>Bu d\u00f6vr \u0259rzind\u0259 iqtisadi sah\u0259d\u0259 \u0259ld\u0259 etdiyimiz nailiyy\u0259tl\u0259r m\u0259mnunluq do\u011furur. Birl\u0259\u015fmi\u015f Krall\u0131q bu g\u00fcn\u0259d\u0259k Az\u0259rbaycan iqtisadiyyat\u0131na b\u00f6y\u00fck h\u0259cmd\u0259 s\u0259rmay\u0259l\u0259r yat\u0131rm\u0131\u015fd\u0131r. Az\u0259rbaycan\u0131n \u0259n iri ticar\u0259t t\u0259r\u0259fda\u015flar\u0131ndan biri olan \u00f6lk\u0259nizi t\u0259msil ed\u0259n 600-\u0259 yax\u0131n \u015firk\u0259t Az\u0259rbaycanda bir s\u0131ra vacib layih\u0259l\u0259r\u0259 c\u0259lb olunub v\u0259 u\u011furla f\u0259aliyy\u0259t g\u00f6st\u0259rirl\u0259r.<\/p>\n<p>Enerji sah\u0259sind\u0259 s\u0131naqdan \u00e7\u0131xm\u0131\u015f \u00e7oxillik strateji t\u0259r\u0259fda\u015fl\u0131q m\u00fcnasib\u0259tl\u0259rimizi x\u00fcsusi qeyd etm\u0259k ist\u0259yir\u0259m. 1994-c\u00fc ild\u0259 \u201c\u018fsrin m\u00fcqavil\u0259si\u201d il\u0259 \u0259sas\u0131 qoyulmu\u015f enerji sah\u0259sind\u0259ki \u0259m\u0259kda\u015fl\u0131\u011f\u0131m\u0131z\u0131n bu g\u00fcn d\u0259 m\u00fcv\u0259ff\u0259qiyy\u0259tl\u0259 davam etm\u0259si s\u0259m\u0259r\u0259li i\u015fg\u00fczar \u0259laq\u0259l\u0259rimizin v\u0259 qar\u015f\u0131l\u0131ql\u0131 etimad\u0131n t\u0259zah\u00fcr\u00fcd\u00fcr. Neft-qaz hasilat\u0131nda etibarl\u0131 t\u0259r\u0259fda\u015f\u0131m\u0131z olan BP \u015firk\u0259ti il\u0259 strateji \u0259m\u0259kda\u015fl\u0131\u011f\u0131m\u0131z m\u0259mnunluq do\u011furur. C\u0259nub Qaz D\u0259hlizin\u0259 Birl\u0259\u015fmi\u015f Krall\u0131\u011f\u0131n verdiyi d\u0259st\u0259yi y\u00fcks\u0259k qiym\u0259tl\u0259ndirir, layih\u0259nin in\u015fas\u0131n\u0131n u\u011furla ba\u015fa \u00e7atmas\u0131 m\u00fcnasib\u0259til\u0259 t\u0259brikl\u0259rimi yetirir\u0259m.<\/p>\n<p>\u018flam\u0259tdar hald\u0131r ki, bu g\u00fcn enerji sah\u0259sind\u0259 \u0259m\u0259kda\u015fl\u0131\u011f\u0131m\u0131z inki\u015faf ed\u0259r\u0259k yeni m\u00fcst\u0259viy\u0259 \u00e7\u0131xm\u0131\u015fd\u0131r. Az\u0259rbaycan\u0131n \u201cya\u015f\u0131l enerji\u201dy\u0259 ke\u00e7id istiqam\u0259tind\u0259 \u00f6lk\u0259niz il\u0259 birg\u0259 f\u0259aliyy\u0259ti qeyri-neft sektorunda \u0259laq\u0259l\u0259rimizin \u015fax\u0259l\u0259ndirilm\u0259si bax\u0131m\u0131ndan olduqca \u0259h\u0259miyy\u0259tlidir. Eyni zamanda biz Birl\u0259\u015fmi\u015f Krall\u0131\u011f\u0131n \u015firk\u0259tl\u0259rinin Az\u0259rbaycan\u0131n i\u015f\u011faldan azad edilmi\u015f \u0259razil\u0259rinin minalardan t\u0259mizl\u0259nm\u0259sin\u0259 verdiyi t\u00f6hf\u0259ni alq\u0131\u015flay\u0131r, bu \u0259razil\u0259rin yenid\u0259nqurulmas\u0131 v\u0259 b\u0259rpas\u0131 i\u015fl\u0259rind\u0259 yax\u0131ndan i\u015ftirak\u0131n\u0131 t\u0259qdir edirik.<\/p>\n<p>\u0130nan\u0131ram ki, Az\u0259rbaycan il\u0259 Birl\u0259\u015fmi\u015f Krall\u0131q aras\u0131ndak\u0131 \u0259m\u0259kda\u015fl\u0131q bundan sonra da birg\u0259 s\u0259yl\u0259rimizl\u0259 inki\u015faf ed\u0259c\u0259k v\u0259 geni\u015fl\u0259n\u0259c\u0259kdir.<\/p>\n<p>Siz\u0259 m\u00f6hk\u0259m cansa\u011fl\u0131\u011f\u0131, xo\u015fb\u0259xtlik, i\u015fl\u0259rinizd\u0259 m\u00fcv\u0259ff\u0259qiyy\u0259tl\u0259r, Birl\u0259\u015fmi\u015f Krall\u0131\u011f\u0131n dost xalq\u0131na daim firavanl\u0131q arzulay\u0131ram\u201d.<\/p>\n","protected":false},"excerpt":{"rendered":"<p>B\u00f6y\u00fck Britaniya v\u0259 \u015eimali \u0130rlandiya Birl\u0259\u015fmi\u015f Krall\u0131\u011f\u0131n\u0131n Ba\u015f naziri Boris Conson Az\u0259rbaycan Prezidenti \u0130lham \u018fliyev\u0259\u00a0t\u0259brik m\u0259ktubu\u00a0g\u00f6nd\u0259rib. Prezident.az x\u0259b\u0259r verir ki, m\u0259ktubda deyilir: \u201cMart\u0131n 11-d\u0259 B\u00f6y\u00fck Britaniya v\u0259 Az\u0259rbaycan Respublikas\u0131 diplomatik m\u00fcnasib\u0259tl\u0259rin qurulmas\u0131n\u0131n 30 illiyini qeyd ed\u0259c\u0259kl\u0259r. Bu f\u00fcrs\u0259td\u0259n istifad\u0259 ed\u0259r\u0259k B\u00f6y\u00fck Britaniyan\u0131n \u00f6lk\u0259l\u0259rimiz aras\u0131ndak\u0131 \u0259laq\u0259l\u0259r\u0259 verdiyi \u0259h\u0259miyy\u0259ti bir daha qeyd etm\u0259k ist\u0259rdim. Son 30 il \u0259rzind\u0259 B\u00f6y\u00fck Britaniya v\u0259 Az\u0259rbaycan Respublikas\u0131 m\u00fch\u00fcm strateji t\u0259r\u0259fda\u015fl\u0131\u011f\u0131n inki\u015faf\u0131 etdirilm\u0259si \u00fc\u00e7\u00fcn birg\u0259 \u00e7al\u0131\u015f\u0131blar. M\u0259n \u00e7ox \u015fadam ki, B\u00f6y\u00fck Britaniya s\u0259rmay\u0259l\u0259rinin Az\u0259rbaycan\u0131n enerji sektoruna yat\u0131r\u0131ld\u0131\u011f\u0131 ilk vaxtlardan etibar\u0259n bu \u0259laq\u0259l\u0259r geni\u015fl\u0259nib v\u0259 \u00e7i\u00e7\u0259kl\u0259nib. \u0130nvestisiya v\u0259&hellip;<\/p>\n","protected":false},"author":2,"featured_media":441743,"comment_status":"closed","ping_status":"closed","sticky":false,"template":"","format":"standard","meta":{"om_disable_all_campaigns":false,"_monsterinsights_skip_tracking":false,"_monsterinsights_sitenote_active":false,"_monsterinsights_sitenote_note":"","_monsterinsights_sitenote_category":0},"categories":[4],"tags":[],"aioseo_notices":[],"gutentor_comment":0,"rttpg_featured_image_url":{"full":["https:\/\/arantv.az\/wp-content\/uploads\/2022\/02\/5f44a63353c24-t0shxN7_yPUZws0-2.jpg",620,458,false],"landscape":["https:\/\/arantv.az\/wp-content\/uploads\/2022\/02\/5f44a63353c24-t0shxN7_yPUZws0-2.jpg",620,458,false],"portraits":["https:\/\/arantv.az\/wp-content\/uploads\/2022\/02\/5f44a63353c24-t0shxN7_yPUZws0-2.jpg",620,458,false],"thumbnail":["https:\/\/arantv.az\/wp-content\/uploads\/2022\/02\/5f44a63353c24-t0shxN7_yPUZws0-2-500x280.jpg",500,280,true],"medium":["https:\/\/arantv.az\/wp-content\/uploads\/2022\/02\/5f44a63353c24-t0shxN7_yPUZws0-2-494x365.jpg",494,365,true],"large":["https:\/\/arantv.az\/wp-content\/uploads\/2022\/02\/5f44a63353c24-t0shxN7_yPUZws0-2.jpg",620,458,false],"1536x1536":["https:\/\/arantv.az\/wp-content\/uploads\/2022\/02\/5f44a63353c24-t0shxN7_yPUZws0-2.jpg",620,458,false],"2048x2048":["https:\/\/arantv.az\/wp-content\/uploads\/2022\/02\/5f44a63353c24-t0shxN7_yPUZws0-2.jpg",620,458,false],"post-thumbnail":["https:\/\/arantv.az\/wp-content\/uploads\/2022\/02\/5f44a63353c24-t0shxN7_yPUZws0-2-240x172.jpg",240,172,true],"advps-thumb-one":["https:\/\/arantv.az\/wp-content\/uploads\/2022\/02\/5f44a63353c24-t0shxN7_yPUZws0-2.jpg",620,458,false]},"rttpg_author":{"display_name":"V\u00fcsal Rafiqo\u011flu","author_link":"https:\/\/arantv.az\/?author=2"},"rttpg_comment":0,"rttpg_category":"<a href=\"https:\/\/arantv.az\/?cat=4\" rel=\"category\">Siyas\u0259t<\/a>","rttpg_excerpt":"B\u00f6y\u00fck Britaniya v\u0259 \u015eimali \u0130rlandiya Birl\u0259\u015fmi\u015f Krall\u0131\u011f\u0131n\u0131n Ba\u015f naziri Boris Conson Az\u0259rbaycan Prezidenti \u0130lham \u018fliyev\u0259\u00a0t\u0259brik m\u0259ktubu\u00a0g\u00f6nd\u0259rib. Prezident.az x\u0259b\u0259r verir ki, m\u0259ktubda deyilir: \u201cMart\u0131n 11-d\u0259 B\u00f6y\u00fck Britaniya v\u0259 Az\u0259rbaycan Respublikas\u0131 diplomatik m\u00fcnasib\u0259tl\u0259rin qurulmas\u0131n\u0131n 30 illiyini qeyd ed\u0259c\u0259kl\u0259r. Bu f\u00fcrs\u0259td\u0259n istifad\u0259 ed\u0259r\u0259k B\u00f6y\u00fck Britaniyan\u0131n \u00f6lk\u0259l\u0259rimiz aras\u0131ndak\u0131 \u0259laq\u0259l\u0259r\u0259 verdiyi \u0259h\u0259miyy\u0259ti bir daha qeyd etm\u0259k ist\u0259rdim. Son 30 il&hellip;","_links":{"self":[{"href":"https:\/\/arantv.az\/index.php?rest_route=\/wp\/v2\/posts\/441742"}],"collection":[{"href":"https:\/\/arantv.az\/index.php?rest_route=\/wp\/v2\/posts"}],"about":[{"href":"https:\/\/arantv.az\/index.php?rest_route=\/wp\/v2\/types\/post"}],"author":[{"embeddable":true,"href":"https:\/\/arantv.az\/index.php?rest_route=\/wp\/v2\/users\/2"}],"replies":[{"embeddable":true,"href":"https:\/\/arantv.az\/index.php?rest_route=%2Fwp%2Fv2%2Fcomments&post=441742"}],"version-history":[{"count":0,"href":"https:\/\/arantv.az\/index.php?rest_route=\/wp\/v2\/posts\/441742\/revisions"}],"wp:featuredmedia":[{"embeddable":true,"href":"https:\/\/arantv.az\/index.php?rest_route=\/wp\/v2\/media\/441743"}],"wp:attachment":[{"href":"https:\/\/arantv.az\/index.php?rest_route=%2Fwp%2Fv2%2Fmedia&parent=441742"}],"wp:term":[{"taxonomy":"category","embeddable":true,"href":"https:\/\/arantv.az\/index.php?rest_route=%2Fwp%2Fv2%2Fcategories&post=441742"},{"taxonomy":"post_tag","embeddable":true,"href":"https:\/\/arantv.az\/index.php?rest_route=%2Fwp%2Fv2%2Ftags&post=441742"}],"curies":[{"name":"wp","href":"https:\/\/api.w.org\/{rel}","templated":true}]}}