{"id":441751,"date":"2022-02-21T13:31:27","date_gmt":"2022-02-21T10:31:27","guid":{"rendered":"http:\/\/arantv.az\/?p=441751"},"modified":"2022-02-21T13:31:27","modified_gmt":"2022-02-21T10:31:27","slug":"britaniya-az%c9%99rbaycanin-sarsilmaz-t%c9%99r%c9%99fdasidir-v%c9%99-bundan-sonra-da-olacaq-boris-conson","status":"publish","type":"post","link":"https:\/\/arantv.az\/?p=441751","title":{"rendered":"Britaniya Az\u0259rbaycan\u0131n sars\u0131lmaz t\u0259r\u0259fda\u015f\u0131d\u0131r v\u0259 bundan sonra da olacaq &#8211; Boris Conson"},"content":{"rendered":"<p>B\u00f6y\u00fck Britaniya v\u0259 \u015eimali \u0130rlandiya Birl\u0259\u015fmi\u015f Krall\u0131\u011f\u0131n\u0131n Ba\u015f naziri Boris Conson Prezident \u0130lham \u018fliyev m\u0259ktub \u00fcnvanlay\u0131b.<\/p>\n<p><strong>ARANTV.AZ\u00a0 x\u0259b\u0259r verir ki,<\/strong>\u00a0\u00a0m\u0259ktubda deyilir:<\/p>\n<p>\u201cH\u00f6rm\u0259tli Prezident \u018fliyev,<\/p>\n<p>Mart\u0131n 11-d\u0259 B\u00f6y\u00fck Britaniya v\u0259 Az\u0259rbaycan Respublikas\u0131 diplomatik m\u00fcnasib\u0259tl\u0259rin qurulmas\u0131n\u0131n 30 illiyini qeyd ed\u0259c\u0259kl\u0259r. Bu f\u00fcrs\u0259td\u0259n istifad\u0259 ed\u0259r\u0259k B\u00f6y\u00fck Britaniyan\u0131n \u00f6lk\u0259l\u0259rimiz aras\u0131ndak\u0131 \u0259laq\u0259l\u0259r\u0259 verdiyi \u0259h\u0259miyy\u0259ti bir daha qeyd etm\u0259k ist\u0259rdim.<\/p>\n<p>Son 30 il \u0259rzind\u0259 B\u00f6y\u00fck Britaniya v\u0259 Az\u0259rbaycan Respublikas\u0131 m\u00fch\u00fcm strateji t\u0259r\u0259fda\u015fl\u0131\u011f\u0131n inki\u015faf\u0131 etdirilm\u0259si \u00fc\u00e7\u00fcn birg\u0259 \u00e7al\u0131\u015f\u0131blar. M\u0259n \u00e7ox \u015fadam ki, B\u00f6y\u00fck Britaniya s\u0259rmay\u0259l\u0259rinin Az\u0259rbaycan\u0131n enerji sektoruna yat\u0131r\u0131ld\u0131\u011f\u0131 ilk vaxtlardan etibar\u0259n bu \u0259laq\u0259l\u0259r geni\u015fl\u0259nib v\u0259 \u00e7i\u00e7\u0259kl\u0259nib. \u0130nvestisiya v\u0259 ticar\u0259t artmaqda davam edir, t\u0259hsil v\u0259 m\u0259d\u0259ni \u0259laq\u0259l\u0259rimiz son d\u0259r\u0259c\u0259 s\u0131xd\u0131r, biz iqlim d\u0259yi\u015fikliyi v\u0259 t\u0259miz enerji, regional t\u0259hl\u00fck\u0259sizlik, qad\u0131n v\u0259 q\u0131zlara d\u0259st\u0259k daxil olmaqla m\u00fch\u00fcm m\u0259s\u0259l\u0259l\u0259r \u00fczr\u0259 getdikc\u0259 daha b\u00f6y\u00fck d\u0259y\u0259r qazanan \u0259m\u0259kda\u015fl\u0131\u011fa nail olmu\u015fuq.<\/p>\n<p>B\u00f6y\u00fck Britaniya Az\u0259rbaycan Respublikas\u0131n\u0131n sars\u0131lmaz v\u0259 d\u0259st\u0259k ver\u0259n t\u0259r\u0259fda\u015f\u0131d\u0131r v\u0259 bundan sonra da olacaqd\u0131r. Qar\u015f\u0131dak\u0131 ill\u0259rd\u0259 t\u0259r\u0259fda\u015fl\u0131\u011f\u0131m\u0131z\u0131n davaml\u0131 \u015f\u0259kild\u0259 inki\u015faf ed\u0259c\u0259yini b\u00f6y\u00fck \u00fcmidl\u0259 g\u00f6zl\u0259yir\u0259m\u201d.<\/p>\n","protected":false},"excerpt":{"rendered":"<p>B\u00f6y\u00fck Britaniya v\u0259 \u015eimali \u0130rlandiya Birl\u0259\u015fmi\u015f Krall\u0131\u011f\u0131n\u0131n Ba\u015f naziri Boris Conson Prezident \u0130lham \u018fliyev m\u0259ktub \u00fcnvanlay\u0131b. ARANTV.AZ\u00a0 x\u0259b\u0259r verir ki,\u00a0\u00a0m\u0259ktubda deyilir: \u201cH\u00f6rm\u0259tli Prezident \u018fliyev, Mart\u0131n 11-d\u0259 B\u00f6y\u00fck Britaniya v\u0259 Az\u0259rbaycan Respublikas\u0131 diplomatik m\u00fcnasib\u0259tl\u0259rin qurulmas\u0131n\u0131n 30 illiyini qeyd ed\u0259c\u0259kl\u0259r. Bu f\u00fcrs\u0259td\u0259n istifad\u0259 ed\u0259r\u0259k B\u00f6y\u00fck Britaniyan\u0131n \u00f6lk\u0259l\u0259rimiz aras\u0131ndak\u0131 \u0259laq\u0259l\u0259r\u0259 verdiyi \u0259h\u0259miyy\u0259ti bir daha qeyd etm\u0259k ist\u0259rdim. Son 30 il \u0259rzind\u0259 B\u00f6y\u00fck Britaniya v\u0259 Az\u0259rbaycan Respublikas\u0131 m\u00fch\u00fcm strateji t\u0259r\u0259fda\u015fl\u0131\u011f\u0131n inki\u015faf\u0131 etdirilm\u0259si \u00fc\u00e7\u00fcn birg\u0259 \u00e7al\u0131\u015f\u0131blar. M\u0259n \u00e7ox \u015fadam ki, B\u00f6y\u00fck Britaniya s\u0259rmay\u0259l\u0259rinin Az\u0259rbaycan\u0131n enerji sektoruna yat\u0131r\u0131ld\u0131\u011f\u0131 ilk vaxtlardan etibar\u0259n bu \u0259laq\u0259l\u0259r geni\u015fl\u0259nib v\u0259 \u00e7i\u00e7\u0259kl\u0259nib.&hellip;<\/p>\n","protected":false},"author":2,"featured_media":441752,"comment_status":"closed","ping_status":"closed","sticky":false,"template":"","format":"standard","meta":{"om_disable_all_campaigns":false,"_monsterinsights_skip_tracking":false,"_monsterinsights_sitenote_active":false,"_monsterinsights_sitenote_note":"","_monsterinsights_sitenote_category":0},"categories":[4],"tags":[],"aioseo_notices":[],"gutentor_comment":0,"rttpg_featured_image_url":{"full":["https:\/\/arantv.az\/wp-content\/uploads\/2022\/02\/c1a3d347164533747564868448610226823.jpg",975,540,false],"landscape":["https:\/\/arantv.az\/wp-content\/uploads\/2022\/02\/c1a3d347164533747564868448610226823.jpg",975,540,false],"portraits":["https:\/\/arantv.az\/wp-content\/uploads\/2022\/02\/c1a3d347164533747564868448610226823.jpg",975,540,false],"thumbnail":["https:\/\/arantv.az\/wp-content\/uploads\/2022\/02\/c1a3d347164533747564868448610226823-500x280.jpg",500,280,true],"medium":["https:\/\/arantv.az\/wp-content\/uploads\/2022\/02\/c1a3d347164533747564868448610226823-660x365.jpg",660,365,true],"large":["https:\/\/arantv.az\/wp-content\/uploads\/2022\/02\/c1a3d347164533747564868448610226823-840x465.jpg",640,354,true],"1536x1536":["https:\/\/arantv.az\/wp-content\/uploads\/2022\/02\/c1a3d347164533747564868448610226823.jpg",975,540,false],"2048x2048":["https:\/\/arantv.az\/wp-content\/uploads\/2022\/02\/c1a3d347164533747564868448610226823.jpg",975,540,false],"post-thumbnail":["https:\/\/arantv.az\/wp-content\/uploads\/2022\/02\/c1a3d347164533747564868448610226823-240x172.jpg",240,172,true],"advps-thumb-one":["https:\/\/arantv.az\/wp-content\/uploads\/2022\/02\/c1a3d347164533747564868448610226823.jpg",975,540,false]},"rttpg_author":{"display_name":"V\u00fcsal Rafiqo\u011flu","author_link":"https:\/\/arantv.az\/?author=2"},"rttpg_comment":0,"rttpg_category":"<a href=\"https:\/\/arantv.az\/?cat=4\" rel=\"category\">Siyas\u0259t<\/a>","rttpg_excerpt":"B\u00f6y\u00fck Britaniya v\u0259 \u015eimali \u0130rlandiya Birl\u0259\u015fmi\u015f Krall\u0131\u011f\u0131n\u0131n Ba\u015f naziri Boris Conson Prezident \u0130lham \u018fliyev m\u0259ktub \u00fcnvanlay\u0131b. ARANTV.AZ\u00a0 x\u0259b\u0259r verir ki,\u00a0\u00a0m\u0259ktubda deyilir: \u201cH\u00f6rm\u0259tli Prezident \u018fliyev, Mart\u0131n 11-d\u0259 B\u00f6y\u00fck Britaniya v\u0259 Az\u0259rbaycan Respublikas\u0131 diplomatik m\u00fcnasib\u0259tl\u0259rin qurulmas\u0131n\u0131n 30 illiyini qeyd ed\u0259c\u0259kl\u0259r. Bu f\u00fcrs\u0259td\u0259n istifad\u0259 ed\u0259r\u0259k B\u00f6y\u00fck Britaniyan\u0131n \u00f6lk\u0259l\u0259rimiz aras\u0131ndak\u0131 \u0259laq\u0259l\u0259r\u0259 verdiyi \u0259h\u0259miyy\u0259ti bir daha qeyd etm\u0259k ist\u0259rdim. Son&hellip;","_links":{"self":[{"href":"https:\/\/arantv.az\/index.php?rest_route=\/wp\/v2\/posts\/441751"}],"collection":[{"href":"https:\/\/arantv.az\/index.php?rest_route=\/wp\/v2\/posts"}],"about":[{"href":"https:\/\/arantv.az\/index.php?rest_route=\/wp\/v2\/types\/post"}],"author":[{"embeddable":true,"href":"https:\/\/arantv.az\/index.php?rest_route=\/wp\/v2\/users\/2"}],"replies":[{"embeddable":true,"href":"https:\/\/arantv.az\/index.php?rest_route=%2Fwp%2Fv2%2Fcomments&post=441751"}],"version-history":[{"count":0,"href":"https:\/\/arantv.az\/index.php?rest_route=\/wp\/v2\/posts\/441751\/revisions"}],"wp:featuredmedia":[{"embeddable":true,"href":"https:\/\/arantv.az\/index.php?rest_route=\/wp\/v2\/media\/441752"}],"wp:attachment":[{"href":"https:\/\/arantv.az\/index.php?rest_route=%2Fwp%2Fv2%2Fmedia&parent=441751"}],"wp:term":[{"taxonomy":"category","embeddable":true,"href":"https:\/\/arantv.az\/index.php?rest_route=%2Fwp%2Fv2%2Fcategories&post=441751"},{"taxonomy":"post_tag","embeddable":true,"href":"https:\/\/arantv.az\/index.php?rest_route=%2Fwp%2Fv2%2Ftags&post=441751"}],"curies":[{"name":"wp","href":"https:\/\/api.w.org\/{rel}","templated":true}]}}