{"id":441768,"date":"2022-02-21T13:51:59","date_gmt":"2022-02-21T10:51:59","guid":{"rendered":"http:\/\/arantv.az\/?p=441768"},"modified":"2022-02-21T13:51:59","modified_gmt":"2022-02-21T10:51:59","slug":"abs-ordusunun-generali-az%c9%99rbaycanin-pilotsuz-ucus-aparatlarinin-potensiali-dunyanin-diqq%c9%99t-m%c9%99rk%c9%99zind%c9%99dir","status":"publish","type":"post","link":"https:\/\/arantv.az\/?p=441768","title":{"rendered":"AB\u015e ordusunun general\u0131: \u201cAz\u0259rbaycan\u0131n pilotsuz u\u00e7u\u015f aparatlar\u0131n\u0131n potensial\u0131 d\u00fcnyan\u0131n diqq\u0259t m\u0259rk\u0259zind\u0259dir\u201d"},"content":{"rendered":"<article class=\"news\">\n<div class=\"news-inner\">\n<p>Az\u0259rbaycan NATO-nun \u00fczv\u00fc deyil, lakin eyni zamanda, alyans \u00f6lk\u0259mizin regional v\u0259 qlobal t\u0259hl\u00fck\u0259sizliyin t\u0259min olunmas\u0131na verdiyi t\u00f6hf\u0259ni y\u00fcks\u0259k qiym\u0259tl\u0259ndirir.<\/p>\n<p>Fevral\u0131n 15-d\u0259 NATO-nun ba\u015f katibi Yens Stoltenberq Az\u0259rbaycan Respublikas\u0131n\u0131n Prezidenti \u0130lham \u018fliyev\u0259 z\u0259ng edib.<\/p>\n<div class=\"AdviadNativeVideo\"><\/div>\n<p>Telefon dan\u0131\u015f\u0131\u011f\u0131 zaman\u0131 Az\u0259rbaycan il\u0259 \u015eimali Atlantika Alyans\u0131 aras\u0131nda \u0259laq\u0259l\u0259rin inki\u015faf\u0131ndan m\u0259mnunluq ifad\u0259 olunub, C\u0259nubi Qafqaz regionunda m\u00fcnaqi\u015f\u0259d\u0259n sonrak\u0131 v\u0259ziyy\u0259t, Ukrayna \u0259traf\u0131nda ged\u0259n prosesl\u0259r v\u0259 d\u00fcnyada enerji bazar\u0131ndak\u0131 m\u00f6vcud v\u0259ziyy\u0259t \u0259traf\u0131nda fikir m\u00fcbadil\u0259si apar\u0131l\u0131b.<\/p>\n<p>S\u00f6z\u00fcged\u0259n m\u00f6vzu CBC kanal\u0131nda yay\u0131mlanan \u201cQlobal m\u00fczakir\u0259\u201d adl\u0131 ictimai-siyasi proqram\u0131nda daha geni\u015f m\u00fczakir\u0259 olunub.<\/p>\n<p>Verili\u015fin apar\u0131c\u0131s\u0131 Anastasiya Lavrina Va\u015finqtondan olan ekspert, AB\u015e ordusunun ehtiyatda olan general-mayoru Maykl Repassla s\u00f6hb\u0259td\u0259 NATO il\u0259 Az\u0259rbaycan aras\u0131nda u\u011furlu \u0259m\u0259kda\u015fl\u0131\u011f\u0131n \u0259sas elementl\u0259ri m\u00fczakir\u0259 olunub.<\/p>\n<p>Verili\u015fd\u0259 amerikal\u0131 ekspert 44 g\u00fcnl\u00fck V\u0259t\u0259n M\u00fcharib\u0259si zaman\u0131 \u00f6lk\u0259mizin istifad\u0259 etdiyi pilotsuz u\u00e7u\u015f aparatlar\u0131n\u0131n effektivliyini d\u0259 d\u0259y\u0259rl\u0259ndirib.<\/p>\n<p>Ekspert qeyd edib ki, Az\u0259rbaycan son h\u0259rbi \u0259m\u0259liyyatlarda \u0259sl pe\u015f\u0259karl\u0131q n\u00fcmayi\u015f etdir\u0259r\u0259k d\u00fc\u015fm\u0259nin 30 il \u0259rzind\u0259 yaratd\u0131\u011f\u0131 m\u00fcdafi\u0259 sisteml\u0259rini darmada\u011f\u0131n edib.<\/p>\n<p>\u0130nnovativ d\u00f6y\u00fc\u015f \u00fcsullar\u0131n\u0131n t\u0259tbiqi say\u0259sind\u0259 Az\u0259rbaycan d\u00fcnyan\u0131n diqq\u0259tini c\u0259lb ed\u0259 bilib.<\/p>\n<p>Daha \u0259trafl\u0131 verili\u015fin tam versiyas\u0131nda:<\/p>\n<div><iframe loading=\"lazy\" title=\"YouTube video player\" src=\"https:\/\/www.youtube.com\/embed\/ZCjbQzqK54A\" width=\"560\" height=\"315\" frameborder=\"0\" allowfullscreen=\"allowfullscreen\" data-mce-fragment=\"1\"><\/iframe><\/div>\n<\/div>\n<\/article>\n","protected":false},"excerpt":{"rendered":"<p>Az\u0259rbaycan NATO-nun \u00fczv\u00fc deyil, lakin eyni zamanda, alyans \u00f6lk\u0259mizin regional v\u0259 qlobal t\u0259hl\u00fck\u0259sizliyin t\u0259min olunmas\u0131na verdiyi t\u00f6hf\u0259ni y\u00fcks\u0259k qiym\u0259tl\u0259ndirir. Fevral\u0131n 15-d\u0259 NATO-nun ba\u015f katibi Yens Stoltenberq Az\u0259rbaycan Respublikas\u0131n\u0131n Prezidenti \u0130lham \u018fliyev\u0259 z\u0259ng edib. Telefon dan\u0131\u015f\u0131\u011f\u0131 zaman\u0131 Az\u0259rbaycan il\u0259 \u015eimali Atlantika Alyans\u0131 aras\u0131nda \u0259laq\u0259l\u0259rin inki\u015faf\u0131ndan m\u0259mnunluq ifad\u0259 olunub, C\u0259nubi Qafqaz regionunda m\u00fcnaqi\u015f\u0259d\u0259n sonrak\u0131 v\u0259ziyy\u0259t, Ukrayna \u0259traf\u0131nda ged\u0259n prosesl\u0259r v\u0259 d\u00fcnyada enerji bazar\u0131ndak\u0131 m\u00f6vcud v\u0259ziyy\u0259t \u0259traf\u0131nda fikir m\u00fcbadil\u0259si apar\u0131l\u0131b. S\u00f6z\u00fcged\u0259n m\u00f6vzu CBC kanal\u0131nda yay\u0131mlanan \u201cQlobal m\u00fczakir\u0259\u201d adl\u0131 ictimai-siyasi proqram\u0131nda daha geni\u015f m\u00fczakir\u0259 olunub. Verili\u015fin apar\u0131c\u0131s\u0131 Anastasiya Lavrina Va\u015finqtondan olan ekspert, AB\u015e ordusunun&hellip;<\/p>\n","protected":false},"author":2,"featured_media":441769,"comment_status":"closed","ping_status":"closed","sticky":false,"template":"","format":"standard","meta":{"om_disable_all_campaigns":false,"_monsterinsights_skip_tracking":false,"_monsterinsights_sitenote_active":false,"_monsterinsights_sitenote_note":"","_monsterinsights_sitenote_category":0},"categories":[7],"tags":[],"aioseo_notices":[],"gutentor_comment":0,"rttpg_featured_image_url":{"full":["https:\/\/arantv.az\/wp-content\/uploads\/2022\/02\/273807156_371236751482622_4573032938893772387_n.jpg",620,413,false],"landscape":["https:\/\/arantv.az\/wp-content\/uploads\/2022\/02\/273807156_371236751482622_4573032938893772387_n.jpg",620,413,false],"portraits":["https:\/\/arantv.az\/wp-content\/uploads\/2022\/02\/273807156_371236751482622_4573032938893772387_n.jpg",620,413,false],"thumbnail":["https:\/\/arantv.az\/wp-content\/uploads\/2022\/02\/273807156_371236751482622_4573032938893772387_n-500x280.jpg",500,280,true],"medium":["https:\/\/arantv.az\/wp-content\/uploads\/2022\/02\/273807156_371236751482622_4573032938893772387_n-548x365.jpg",548,365,true],"large":["https:\/\/arantv.az\/wp-content\/uploads\/2022\/02\/273807156_371236751482622_4573032938893772387_n.jpg",620,413,false],"1536x1536":["https:\/\/arantv.az\/wp-content\/uploads\/2022\/02\/273807156_371236751482622_4573032938893772387_n.jpg",620,413,false],"2048x2048":["https:\/\/arantv.az\/wp-content\/uploads\/2022\/02\/273807156_371236751482622_4573032938893772387_n.jpg",620,413,false],"post-thumbnail":["https:\/\/arantv.az\/wp-content\/uploads\/2022\/02\/273807156_371236751482622_4573032938893772387_n-240x172.jpg",240,172,true],"advps-thumb-one":["https:\/\/arantv.az\/wp-content\/uploads\/2022\/02\/273807156_371236751482622_4573032938893772387_n.jpg",620,413,false]},"rttpg_author":{"display_name":"V\u00fcsal Rafiqo\u011flu","author_link":"https:\/\/arantv.az\/?author=2"},"rttpg_comment":0,"rttpg_category":"<a href=\"https:\/\/arantv.az\/?cat=7\" rel=\"category\">D\u00fcnya<\/a>","rttpg_excerpt":"Az\u0259rbaycan NATO-nun \u00fczv\u00fc deyil, lakin eyni zamanda, alyans \u00f6lk\u0259mizin regional v\u0259 qlobal t\u0259hl\u00fck\u0259sizliyin t\u0259min olunmas\u0131na verdiyi t\u00f6hf\u0259ni y\u00fcks\u0259k qiym\u0259tl\u0259ndirir. Fevral\u0131n 15-d\u0259 NATO-nun ba\u015f katibi Yens Stoltenberq Az\u0259rbaycan Respublikas\u0131n\u0131n Prezidenti \u0130lham \u018fliyev\u0259 z\u0259ng edib. Telefon dan\u0131\u015f\u0131\u011f\u0131 zaman\u0131 Az\u0259rbaycan il\u0259 \u015eimali Atlantika Alyans\u0131 aras\u0131nda \u0259laq\u0259l\u0259rin inki\u015faf\u0131ndan m\u0259mnunluq ifad\u0259 olunub, C\u0259nubi Qafqaz regionunda m\u00fcnaqi\u015f\u0259d\u0259n sonrak\u0131 v\u0259ziyy\u0259t, Ukrayna \u0259traf\u0131nda&hellip;","_links":{"self":[{"href":"https:\/\/arantv.az\/index.php?rest_route=\/wp\/v2\/posts\/441768"}],"collection":[{"href":"https:\/\/arantv.az\/index.php?rest_route=\/wp\/v2\/posts"}],"about":[{"href":"https:\/\/arantv.az\/index.php?rest_route=\/wp\/v2\/types\/post"}],"author":[{"embeddable":true,"href":"https:\/\/arantv.az\/index.php?rest_route=\/wp\/v2\/users\/2"}],"replies":[{"embeddable":true,"href":"https:\/\/arantv.az\/index.php?rest_route=%2Fwp%2Fv2%2Fcomments&post=441768"}],"version-history":[{"count":0,"href":"https:\/\/arantv.az\/index.php?rest_route=\/wp\/v2\/posts\/441768\/revisions"}],"wp:featuredmedia":[{"embeddable":true,"href":"https:\/\/arantv.az\/index.php?rest_route=\/wp\/v2\/media\/441769"}],"wp:attachment":[{"href":"https:\/\/arantv.az\/index.php?rest_route=%2Fwp%2Fv2%2Fmedia&parent=441768"}],"wp:term":[{"taxonomy":"category","embeddable":true,"href":"https:\/\/arantv.az\/index.php?rest_route=%2Fwp%2Fv2%2Fcategories&post=441768"},{"taxonomy":"post_tag","embeddable":true,"href":"https:\/\/arantv.az\/index.php?rest_route=%2Fwp%2Fv2%2Ftags&post=441768"}],"curies":[{"name":"wp","href":"https:\/\/api.w.org\/{rel}","templated":true}]}}