{"id":441774,"date":"2022-02-21T14:06:15","date_gmt":"2022-02-21T11:06:15","guid":{"rendered":"http:\/\/arantv.az\/?p=441774"},"modified":"2022-02-21T14:06:15","modified_gmt":"2022-02-21T11:06:15","slug":"mehriban-xanim-%c9%99liyeva-dovl%c9%99t-bascisinin-etimadini-xalqin-is%c9%99-inamini-dogruldan-parlaq-s%c9%99xsiyy%c9%99tdir","status":"publish","type":"post","link":"https:\/\/arantv.az\/?p=441774","title":{"rendered":"Mehriban xan\u0131m \u018fliyeva d\u00f6vl\u0259t ba\u015f\u00e7\u0131s\u0131n\u0131n etimad\u0131n\u0131, xalq\u0131n is\u0259 inam\u0131n\u0131 do\u011fruldan parlaq \u015f\u0259xsiyy\u0259tdir"},"content":{"rendered":"<p>M\u00fcst\u0259qil Az\u0259rbaycan\u0131n siyasi h\u0259yat\u0131 m\u00fch\u00fcm v\u0259 \u0259lam\u0259tdar hadis\u0259l\u0259rl\u0259 z\u0259ngindir. Bunlardan biri d\u0259 be\u015f il \u0259vv\u0259l \u2013 21 fevral 2017-ci il tarixind\u0259 Mehriban xan\u0131m \u018fliyevan\u0131n Prezident \u0130lham \u018fliyevin m\u00fcvafiq S\u0259r\u0259ncam\u0131 \u0259sas\u0131nda respublikam\u0131z\u0131n Birinci vitse-prezidenti t\u0259yin olunmas\u0131d\u0131r.<\/p>\n<p>Mehriban xan\u0131m \u018fliyeva \u00f6lk\u0259 ba\u015f\u00e7\u0131s\u0131n\u0131n inam v\u0259 etimad\u0131n\u0131 layiqinc\u0259 do\u011fruldaraq Birinci vitse-prezident kimi \u00f6z \u00fcz\u0259rin\u0259 d\u00fc\u015f\u0259n v\u0259zif\u0259l\u0259ri \u015f\u0259r\u0259fl\u0259, l\u0259yaq\u0259tl\u0259 yerin\u0259 yetirir. Onun r\u0259hb\u0259rliyi il\u0259 g\u00f6r\u00fcl\u0259n i\u015fl\u0259r \u2013 h\u0259yata ke\u00e7iril\u0259n layih\u0259l\u0259r Az\u0259rbaycan\u0131n inki\u015faf\u0131, xalq\u0131m\u0131z\u0131n rifah\u0131n\u0131n artmas\u0131, milli h\u0259mr\u0259yliyin g\u00fccl\u0259nm\u0259si, d\u00f6vl\u0259timizin beyn\u0259lxalq imicinin m\u00f6hk\u0259ml\u0259nm\u0259si bax\u0131m\u0131ndan m\u00fch\u00fcm \u0259h\u0259miyy\u0259t\u0259 malikdir.\u00a0 Mehriban xan\u0131m \u018fliyevan\u0131n Birinci vitse-prezident kimi u\u011furlu v\u0259 geni\u015fmiqyasl\u0131 f\u0259aliyy\u0259ti, h\u0259m\u00e7inin idar\u0259etm\u0259d\u0259 \u00e7evikliyin v\u0259 funksionall\u0131\u011f\u0131n art\u0131r\u0131lmas\u0131 bax\u0131m\u0131ndan b\u00f6y\u00fck \u00f6n\u0259m da\u015f\u0131y\u0131r.<\/p>\n<p>\u018flb\u0259tt\u0259, Mehriban xan\u0131m \u018fliyevan\u0131n Birinci vitse-prezident t\u0259yin edilm\u0259si t\u0259sad\u00fcfi deyil, s\u00f6z\u00fcn \u0259sl m\u0259nas\u0131nda, ictimai sifari\u015f\u0259 \u0259saslan\u0131b. \u00c7\u00fcnki o, h\u0259min vaxta q\u0259d\u0259r m\u00fcxt\u0259lif v\u0259zif\u0259l\u0259rd\u0259 u\u011furla f\u0259aliyy\u0259t g\u00f6st\u0259r\u0259r\u0259k xalq\u0131n &#8211; milyonlar\u0131n sevgisini, r\u0259\u011fb\u0259tini qazanm\u0131\u015fd\u0131, Az\u0259rbaycan\u0131n inki\u015faf\u0131na m\u00fch\u00fcm t\u00f6hf\u0259l\u0259r vermi\u015fdi.<\/p>\n<p>Mehriban xan\u0131m \u018fliyeva mill\u0259t v\u0259kili kimi f\u0259aliyy\u0259t g\u00f6st\u0259r\u0259rk\u0259n xalqa v\u0259 d\u00f6vl\u0259t\u0259 l\u0259yaq\u0259tl\u0259 xidm\u0259t ed\u0259r\u0259k milli maraqlar\u0131 daim \u00fcst\u00fcn tutub, m\u00fch\u00fcm t\u0259\u015f\u0259bb\u00fcsl\u0259rl\u0259 \u00e7\u0131x\u0131\u015f edib, geni\u015fmiqyasl\u0131 sosial-iqtisadi layih\u0259l\u0259r h\u0259yata ke\u00e7irib. Eyni zamanda, Az\u0259rbaycan\u0131n birinci xan\u0131m\u0131n\u0131n r\u0259hb\u0259rlik etdiyi Heyd\u0259r \u018fliyev Fondu t\u0259hsil, s\u0259hiyy\u0259, m\u0259d\u0259niyy\u0259t, idman, elm, texnologiya, ekologiya, sosial v\u0259 dig\u0259r sah\u0259l\u0259rd\u0259 m\u00fcxt\u0259lif layih\u0259l\u0259r h\u0259yata ke\u00e7ir\u0259r\u0259k yeni c\u0259miyy\u0259t quruculu\u011funda f\u0259al i\u015ftirak edir, \u00f6lk\u0259nin sosial-iqtisadi inki\u015faf\u0131na \u00f6z layiqli t\u00f6hf\u0259sini verir. \u00a0Dig\u0259r t\u0259r\u0259fd\u0259n, Mehriban xan\u0131m \u018fliyevan\u0131n y\u00fcks\u0259k t\u0259\u015fkilat\u00e7\u0131l\u0131q bacar\u0131\u011f\u0131 say\u0259sind\u0259 \u00f6lk\u0259mizd\u0259 m\u00f6t\u0259b\u0259r t\u0259dbirl\u0259rin u\u011furla ke\u00e7irilm\u0259si Az\u0259rbaycan\u0131n beyn\u0259lxalq n\u00fcfuzunun artmas\u0131na t\u00f6hf\u0259l\u0259r verib. Paralel olaraq onun t\u0259\u015f\u0259bb\u00fcs\u00fc il\u0259 Az\u0259rbaycan h\u0259qiq\u0259tl\u0259rinin d\u00fcnya ictimaiyy\u0259tin\u0259 \u00e7atd\u0131r\u0131lmas\u0131, xalq\u0131m\u0131z\u0131n m\u0259d\u0259ni irsinin, milli m\u0259d\u0259niyy\u0259t n\u00fcmun\u0259l\u0259rinin d\u00fcnya miqyas\u0131nda t\u0259bli\u011fi istiqam\u0259tind\u0259 \u00e7ox m\u00fch\u00fcm add\u0131mlar at\u0131l\u0131r.<\/p>\n<p>X\u00fcsusi qeyd etm\u0259k ist\u0259yir\u0259m ki, art\u0131q tarixd\u0259 qalm\u0131\u015f Qaraba\u011f m\u00fcnaqi\u015f\u0259si il\u0259 ba\u011fl\u0131 h\u0259qiq\u0259tl\u0259rin t\u0259bli\u011fi, Xocal\u0131 soyq\u0131r\u0131m\u0131n\u0131n d\u00fcnyada tan\u0131d\u0131lmas\u0131 il\u0259 \u0259laq\u0259dar g\u00f6r\u00fcl\u0259n i\u015fl\u0259r Az\u0259rbaycan\u0131n beyn\u0259lxalq m\u00fcst\u0259vid\u0259 m\u00f6vqeyinin m\u00f6hk\u0259ml\u0259nm\u0259sini \u015f\u0259rtl\u0259ndirib v\u0259 tarixi Q\u0259l\u0259b\u0259mizi t\u0259min ed\u0259n \u00e7ox m\u00fch\u00fcm amill\u0259rd\u0259n biri olub. Bu g\u00fcn Mehriban xan\u0131m \u018fliyevan\u0131n t\u0259\u015f\u0259bb\u00fcs\u00fc il\u0259 g\u00f6r\u00fcl\u0259n i\u015fl\u0259r V\u0259t\u0259n m\u00fcharib\u0259sind\u0259 qazan\u0131lm\u0131\u015f q\u0259l\u0259b\u0259nin m\u00f6hk\u0259ml\u0259ndirilm\u0259si v\u0259 milli birliyin g\u00fccl\u0259ndirilm\u0259si, i\u015f\u011faldan azad edilmi\u015f \u0259razil\u0259rd\u0259 b\u0259rpa-quruculuq i\u015fl\u0259rinin apar\u0131lmas\u0131, B\u00f6y\u00fck Qay\u0131d\u0131\u015f\u0131n \u2013 layiqli v\u0259 dayan\u0131ql\u0131 m\u0259skunla\u015fman\u0131n h\u0259yata ke\u00e7irilm\u0259si, postm\u00fcharib\u0259 reall\u0131qlar\u0131n\u0131n beyn\u0259lxalq al\u0259m\u0259 \u00e7atd\u0131r\u0131lmas\u0131 bax\u0131m\u0131ndan \u00e7ox \u00f6n\u0259mlidir.<\/p>\n<p>Mehriban xan\u0131m \u018fliyeva Prezident \u0130lham \u018fliyevin \u0259n yax\u0131n silahda\u015f\u0131 kimi Az\u0259rbaycan namin\u0259 yorulmaz f\u0259aliyy\u0259t g\u00f6st\u0259rir, b\u00f6y\u00fck i\u015fl\u0259r\u0259 v\u0259 tarixi nailiyy\u0259tl\u0259r\u0259 imza at\u0131r. Bu is\u0259 daha g\u00fccl\u00fc \u2013 daha q\u00fcdr\u0259tli Az\u0259rbaycan, rifah, firavanl\u0131q, t\u0259r\u0259qqi, g\u0259l\u0259c\u0259y\u0259 nikbin bax\u0131\u015f v\u0259 parlaq perspektiv dem\u0259kdir.<\/p>\n<p><img src=\"https:\/\/ikisahil.az\/upload\/\/2021\/08\/09\/\/-3910d2e3162849652951772531311106069.jpg\" alt=\"\" \/><\/p>\n<p><strong>Siyavu\u015f Novruzov,<\/strong><\/p>\n<p><em>Milli M\u0259clisin Regional m\u0259s\u0259l\u0259l\u0259r komit\u0259sinin s\u0259dri<\/em><\/p>\n","protected":false},"excerpt":{"rendered":"<p>M\u00fcst\u0259qil Az\u0259rbaycan\u0131n siyasi h\u0259yat\u0131 m\u00fch\u00fcm v\u0259 \u0259lam\u0259tdar hadis\u0259l\u0259rl\u0259 z\u0259ngindir. Bunlardan biri d\u0259 be\u015f il \u0259vv\u0259l \u2013 21 fevral 2017-ci il tarixind\u0259 Mehriban xan\u0131m \u018fliyevan\u0131n Prezident \u0130lham \u018fliyevin m\u00fcvafiq S\u0259r\u0259ncam\u0131 \u0259sas\u0131nda respublikam\u0131z\u0131n Birinci vitse-prezidenti t\u0259yin olunmas\u0131d\u0131r. Mehriban xan\u0131m \u018fliyeva \u00f6lk\u0259 ba\u015f\u00e7\u0131s\u0131n\u0131n inam v\u0259 etimad\u0131n\u0131 layiqinc\u0259 do\u011fruldaraq Birinci vitse-prezident kimi \u00f6z \u00fcz\u0259rin\u0259 d\u00fc\u015f\u0259n v\u0259zif\u0259l\u0259ri \u015f\u0259r\u0259fl\u0259, l\u0259yaq\u0259tl\u0259 yerin\u0259 yetirir. Onun r\u0259hb\u0259rliyi il\u0259 g\u00f6r\u00fcl\u0259n i\u015fl\u0259r \u2013 h\u0259yata ke\u00e7iril\u0259n layih\u0259l\u0259r Az\u0259rbaycan\u0131n inki\u015faf\u0131, xalq\u0131m\u0131z\u0131n rifah\u0131n\u0131n artmas\u0131, milli h\u0259mr\u0259yliyin g\u00fccl\u0259nm\u0259si, d\u00f6vl\u0259timizin beyn\u0259lxalq imicinin m\u00f6hk\u0259ml\u0259nm\u0259si bax\u0131m\u0131ndan m\u00fch\u00fcm \u0259h\u0259miyy\u0259t\u0259 malikdir.\u00a0 Mehriban xan\u0131m \u018fliyevan\u0131n Birinci vitse-prezident kimi u\u011furlu v\u0259 geni\u015fmiqyasl\u0131&hellip;<\/p>\n","protected":false},"author":2,"featured_media":441775,"comment_status":"closed","ping_status":"closed","sticky":false,"template":"","format":"standard","meta":{"om_disable_all_campaigns":false,"_monsterinsights_skip_tracking":false,"_monsterinsights_sitenote_active":false,"_monsterinsights_sitenote_note":"","_monsterinsights_sitenote_category":0},"categories":[4],"tags":[],"aioseo_notices":[],"gutentor_comment":0,"rttpg_featured_image_url":{"full":["https:\/\/arantv.az\/wp-content\/uploads\/2022\/02\/14e422f0161621886057683242210248016-3.jpg",975,540,false],"landscape":["https:\/\/arantv.az\/wp-content\/uploads\/2022\/02\/14e422f0161621886057683242210248016-3.jpg",975,540,false],"portraits":["https:\/\/arantv.az\/wp-content\/uploads\/2022\/02\/14e422f0161621886057683242210248016-3.jpg",975,540,false],"thumbnail":["https:\/\/arantv.az\/wp-content\/uploads\/2022\/02\/14e422f0161621886057683242210248016-3-500x280.jpg",500,280,true],"medium":["https:\/\/arantv.az\/wp-content\/uploads\/2022\/02\/14e422f0161621886057683242210248016-3-660x365.jpg",660,365,true],"large":["https:\/\/arantv.az\/wp-content\/uploads\/2022\/02\/14e422f0161621886057683242210248016-3-840x465.jpg",640,354,true],"1536x1536":["https:\/\/arantv.az\/wp-content\/uploads\/2022\/02\/14e422f0161621886057683242210248016-3.jpg",975,540,false],"2048x2048":["https:\/\/arantv.az\/wp-content\/uploads\/2022\/02\/14e422f0161621886057683242210248016-3.jpg",975,540,false],"post-thumbnail":["https:\/\/arantv.az\/wp-content\/uploads\/2022\/02\/14e422f0161621886057683242210248016-3-240x172.jpg",240,172,true],"advps-thumb-one":["https:\/\/arantv.az\/wp-content\/uploads\/2022\/02\/14e422f0161621886057683242210248016-3.jpg",975,540,false]},"rttpg_author":{"display_name":"V\u00fcsal Rafiqo\u011flu","author_link":"https:\/\/arantv.az\/?author=2"},"rttpg_comment":0,"rttpg_category":"<a href=\"https:\/\/arantv.az\/?cat=4\" rel=\"category\">Siyas\u0259t<\/a>","rttpg_excerpt":"M\u00fcst\u0259qil Az\u0259rbaycan\u0131n siyasi h\u0259yat\u0131 m\u00fch\u00fcm v\u0259 \u0259lam\u0259tdar hadis\u0259l\u0259rl\u0259 z\u0259ngindir. Bunlardan biri d\u0259 be\u015f il \u0259vv\u0259l \u2013 21 fevral 2017-ci il tarixind\u0259 Mehriban xan\u0131m \u018fliyevan\u0131n Prezident \u0130lham \u018fliyevin m\u00fcvafiq S\u0259r\u0259ncam\u0131 \u0259sas\u0131nda respublikam\u0131z\u0131n Birinci vitse-prezidenti t\u0259yin olunmas\u0131d\u0131r. Mehriban xan\u0131m \u018fliyeva \u00f6lk\u0259 ba\u015f\u00e7\u0131s\u0131n\u0131n inam v\u0259 etimad\u0131n\u0131 layiqinc\u0259 do\u011fruldaraq Birinci vitse-prezident kimi \u00f6z \u00fcz\u0259rin\u0259 d\u00fc\u015f\u0259n v\u0259zif\u0259l\u0259ri \u015f\u0259r\u0259fl\u0259, l\u0259yaq\u0259tl\u0259 yerin\u0259&hellip;","_links":{"self":[{"href":"https:\/\/arantv.az\/index.php?rest_route=\/wp\/v2\/posts\/441774"}],"collection":[{"href":"https:\/\/arantv.az\/index.php?rest_route=\/wp\/v2\/posts"}],"about":[{"href":"https:\/\/arantv.az\/index.php?rest_route=\/wp\/v2\/types\/post"}],"author":[{"embeddable":true,"href":"https:\/\/arantv.az\/index.php?rest_route=\/wp\/v2\/users\/2"}],"replies":[{"embeddable":true,"href":"https:\/\/arantv.az\/index.php?rest_route=%2Fwp%2Fv2%2Fcomments&post=441774"}],"version-history":[{"count":0,"href":"https:\/\/arantv.az\/index.php?rest_route=\/wp\/v2\/posts\/441774\/revisions"}],"wp:featuredmedia":[{"embeddable":true,"href":"https:\/\/arantv.az\/index.php?rest_route=\/wp\/v2\/media\/441775"}],"wp:attachment":[{"href":"https:\/\/arantv.az\/index.php?rest_route=%2Fwp%2Fv2%2Fmedia&parent=441774"}],"wp:term":[{"taxonomy":"category","embeddable":true,"href":"https:\/\/arantv.az\/index.php?rest_route=%2Fwp%2Fv2%2Fcategories&post=441774"},{"taxonomy":"post_tag","embeddable":true,"href":"https:\/\/arantv.az\/index.php?rest_route=%2Fwp%2Fv2%2Ftags&post=441774"}],"curies":[{"name":"wp","href":"https:\/\/api.w.org\/{rel}","templated":true}]}}