{"id":441777,"date":"2022-02-21T14:09:38","date_gmt":"2022-02-21T11:09:38","guid":{"rendered":"http:\/\/arantv.az\/?p=441777"},"modified":"2022-02-21T14:09:38","modified_gmt":"2022-02-21T11:09:38","slug":"xalqin-sevgisini-v%c9%99-r%c9%99gb%c9%99tini-qazanmis-xanim","status":"publish","type":"post","link":"https:\/\/arantv.az\/?p=441777","title":{"rendered":"Xalq\u0131n sevgisini v\u0259 r\u0259\u011fb\u0259tini qazanm\u0131\u015f xan\u0131m"},"content":{"rendered":"<p><em><strong>\u201cH\u0259qiqi m\u0259rh\u0259m\u0259t real i\u015fl\u0259r g\u00f6r\u00fclm\u0259sini, real m\u0259s\u0259l\u0259l\u0259rin h\u0259llini, konkret add\u0131mlar at\u0131lmas\u0131n\u0131 t\u0259l\u0259b edir. Bigan\u0259lik v\u0259 laqeydlik \u0259n d\u0259h\u015f\u0259tli x\u00fcsusiyy\u0259tdir. Bunlar olmamal\u0131d\u0131r\u201d &#8211; \u00a0Birinci vitse-prezident Mehriban xan\u0131m \u018fliyeva<\/strong><\/em><\/p>\n<p>H\u0259yatda m\u00fcxt\u0259lif statuslar\u0131, adlar\u0131, titullar\u0131 qazanmaq olar. Siyas\u0259t\u00e7i,alim, ziyal\u0131 v\u0259 dig\u0259r m\u00fcxt\u0259lif adlara sahib olmaq olar. Lakin h\u0259yatda xalq\u0131n sevgisini, r\u0259\u011fb\u0259tini qazanmaq, u\u015faqdan b\u00f6y\u00fcy\u0259 h\u0259r k\u0259sin sevimlisin\u0259 \u00e7evrilm\u0259k, insanlar\u0131n q\u0259lbind\u0259 \u0259b\u0259di m\u0259sk\u0259n salmaq h\u0259r k\u0259s\u0259 n\u0259sib olan xo\u015fb\u0259xtlik deyil. Bu g\u00fcn Az\u0259rbaycan d\u00f6vl\u0259tinin, xalq\u0131m\u0131z\u0131n rifah\u0131 v\u0259 inki\u015faf\u0131 namin\u0259 yorulmadan \u00e7al\u0131\u015fan, b\u00fct\u00fcn f\u0259aliyy\u0259ti boyu humanizm v\u0259 b\u0259\u015f\u0259ri d\u0259y\u0259rl\u0259ri \u00f6z\u00fcn\u0259 r\u0259hb\u0259r tutmaqla, m\u0259nsub oldu\u011fu xalq\u0131n ki\u00e7ikd\u0259n-b\u00f6y\u00fcy\u0259 h\u0259r bir f\u0259rdinin sevimlisin\u0259 \u00e7evril\u0259n \u00f6lk\u0259mizin birinci xan\u0131m\u0131 Mehriban \u018fliyeva qazand\u0131\u011f\u0131 b\u00fct\u00fcn adlar\u0131 v\u0259 titullar\u0131 layiqinc\u0259 da\u015f\u0131maqla yana\u015f\u0131 Az\u0259rbaycan xalq\u0131n\u0131n \u0259b\u0259di sevgisini qazanma\u011f\u0131 da m\u0259har\u0259tl\u0259 bacar\u0131r. \u00c7\u00fcnki t\u0259kc\u0259 bir xalq\u0131n m\u0259n\u0259vi d\u0259y\u0259rl\u0259rini, onun varl\u0131\u011f\u0131n\u0131n \u0259saslar\u0131n\u0131, t\u0259msil etdiyi y\u00fcks\u0259k keyfiyy\u0259tl\u0259ri \u00f6z\u00fcnd\u0259 birl\u0259\u015fdir\u0259 bil\u0259n \u015f\u0259xsl\u0259r h\u0259min xalq\u0131n \u0259n d\u0259y\u0259rli n\u00fcmay\u0259nd\u0259l\u0259rin\u0259 \u00e7evril\u0259 bil\u0259r. Xalq\u0131n aras\u0131ndan \u00e7\u0131x\u0131b onun m\u0259d\u0259niyy\u0259t v\u0259 tarixin\u0259 sahib \u00e7\u0131xan, bu d\u0259y\u0259rl\u0259ri layiqinc\u0259 t\u0259msil ed\u0259n v\u0259 onlar\u0131 \u00f6z f\u0259aliyy\u0259tind\u0259 r\u0259hb\u0259r tutanlar m\u0259hz bir g\u00fcn xalq\u0131 t\u0259msil etm\u0259k h\u00fcququ qazan\u0131r. Xalq bu h\u00fcququ yaln\u0131z ona xidm\u0259t yolunda yorulmadan \u00e7al\u0131\u015fan, atd\u0131\u011f\u0131 h\u0259r add\u0131m\u0131, h\u0259r \u015f\u0259xsi u\u011furu xalq\u0131n sevgisin\u0259, u\u011furuna \u00e7evril\u0259n insanlara verir.<\/p>\n<p>M\u00fcasir Az\u0259rbaycan tarixind\u0259 ba\u015f ver\u0259n \u0259n m\u00fch\u00fcm hadis\u0259l\u0259rd\u0259n biri d\u0259 m\u0259hz Mehriban xan\u0131m \u018fliyevan\u0131n Az\u0259rbaycan Respublikas\u0131n\u0131n Birinci vitse-prezidenti t\u0259yin olunmas\u0131d\u0131r. Bu t\u0259yinat Prezident \u0130lham \u018fliyevin Mehriban xan\u0131m \u018fliyevan\u0131n Az\u0259rbaycan namin\u0259 yorulmaz v\u0259 s\u0259m\u0259r\u0259li f\u0259aliyy\u0259tin\u0259 verdiyi y\u00fcks\u0259k qiym\u0259t olmaqla yana\u015f\u0131 m\u00fcasir tariximizd\u0259 Az\u0259rbaycan qad\u0131n\u0131na veril\u0259n \u0259n y\u00fcks\u0259k d\u0259y\u0259rin g\u00f6st\u0259ricisidir.<\/p>\n<p>2017-ci il 21 fevral tarixind\u0259 T\u0259hl\u00fck\u0259sizlik \u015euras\u0131n\u0131n iclas\u0131nda Mehriban xan\u0131m \u018fliyeva \u00f6lk\u0259nin Birinci vitse-prezidenti kimi ilk \u00e7\u0131x\u0131\u015f\u0131 zaman\u0131 qeyd etmi\u015fdir: \u201cBiz f\u0259xr edirik ki, son ill\u0259r \u00f6lk\u0259mizd\u0259 ba\u015f ver\u0259n m\u00fcsb\u0259t meyill\u0259rd\u0259, d\u0259yi\u015fiklikl\u0259rd\u0259, inki\u015fafda Az\u0259rbaycan\u0131n beyn\u0259lxalq arenada n\u00fcfuzunun artmas\u0131nda biz ki\u00e7ik d\u0259 olsa \u00f6z t\u00f6hf\u0259mizi verm\u0259yi bacarm\u0131\u015f\u0131q. M\u0259n \u0259min\u0259m ki, v\u0259zif\u0259d\u0259n as\u0131l\u0131 olmayaraq, insan \u00f6z yolunu, pe\u015f\u0259sini se\u00e7\u0259nd\u0259 h\u0259r hans\u0131 bir i\u015fin\u0259, \u0259m\u0259yin\u0259 vicdanla yana\u015fmal\u0131, qar\u015f\u0131s\u0131na ayd\u0131n m\u0259qs\u0259dl\u0259r qoyub, bu m\u0259qs\u0259dl\u0259r\u0259 nail olma\u011fa \u00e7al\u0131\u015fmal\u0131, s\u00f6z v\u0259 i\u015fl\u0259rind\u0259 b\u00fct\u00f6v olmal\u0131d\u0131r&#8230; M\u0259n sizi \u0259min edir\u0259m ki, g\u0259l\u0259c\u0259k f\u0259aliyy\u0259timi m\u0259hz bu prinsipl\u0259r \u0259sas\u0131nda qurma\u011fa \u00e7al\u0131\u015faca\u011fam. \u00d6lk\u0259mizin v\u0259 xalq\u0131m\u0131z\u0131n maraqlar\u0131n\u0131 h\u0259r \u015feyd\u0259n \u00fcst\u00fcn tutaca\u011fam, Az\u0259rbaycana layiqinc\u0259 xidm\u0259t etm\u0259y\u0259 \u00e7al\u0131\u015faca\u011fam\u201d.<\/p>\n<p>Bu g\u00fcn Az\u0259rbaycan\u0131n Birinci vitse-prezidenti Mehriban xan\u0131m \u018fliyeva Az\u0259rbaycan xalq\u0131n\u0131n layiqli t\u0259msil\u00e7isi, onun milli-m\u0259n\u0259vi d\u0259y\u0259rl\u0259rinin, tarixinin t\u0259bli\u011fat\u00e7\u0131s\u0131, g\u0259l\u0259c\u0259k n\u0259sill\u0259r\u0259 q\u00fcdr\u0259tli Az\u0259rbaycan ideallar\u0131n\u0131n \u00f6t\u00fcr\u00fclm\u0259sind\u0259 m\u00fcst\u0259sna xidm\u0259tl\u0259ri olan \u0259v\u0259zsiz bir \u015f\u0259xsiyy\u0259tdir. Mehriban xan\u0131m \u018fliyeva m\u00fct\u0259madi olaraq c\u0259miyy\u0259tin h\u0259ssas t\u0259b\u0259q\u0259l\u0259rinin probleml\u0259rini h\u0259ll etm\u0259y\u0259, ana n\u0259vazi\u015fin\u0259 ehtiyac duyan u\u015faqlar\u0131 sevindirm\u0259y\u0259, z\u0259ngin m\u0259d\u0259niyy\u0259timizi t\u0259bli\u011f etm\u0259y\u0259, m\u00fcxt\u0259lif istiqam\u0259tl\u0259rd\u0259 yeni layih\u0259l\u0259r realla\u015fd\u0131rma\u011fa b\u00f6y\u00fck s\u0259y g\u00f6st\u0259rir. \u018flam\u0259tdar hald\u0131r ki, Mehriban xan\u0131m \u018fliyeva Birinci vitse-prezident kimi \u00f6z ilk m\u00fc\u015favir\u0259sini m\u0259cburi k\u00f6\u00e7k\u00fcn soyda\u015flar\u0131m\u0131z\u0131n probleml\u0259rin\u0259 h\u0259sr etmi\u015fdir. M\u0259hz Mehriban xan\u0131m \u018fliyevan\u0131n r\u0259hb\u0259rliyi il\u0259 bu g\u00fcn Birinci vitse-prezidentlik institutu funksional siyasi t\u0259sisat kimi u\u011furla f\u0259aliyy\u0259t g\u00f6st\u0259rir.<\/p>\n<p>\u00d6z intellekti, s\u0259mimiyy\u0259ti, qay\u011f\u0131ke\u015fliyi il\u0259 h\u0259r birimizin \u0259n yax\u0131n, \u0259n sevimli insan\u0131na \u00e7evril\u0259n Mehriban xan\u0131m \u018fliyeva Az\u0259rbaycan ad\u0259t-\u0259n\u0259n\u0259l\u0259rin\u0259 h\u00f6rm\u0259t, diqq\u0259t v\u0259 say\u011f\u0131 il\u0259 yana\u015fan g\u00fccl\u00fc qad\u0131n kimi \u00e7a\u011fda\u015f d\u00fcnyada b\u0259nz\u0259rsiz bir r\u0259hb\u0259r xarakterini \u0259ks etdirir. Onun \u00e7ox\u015fax\u0259li v\u0259 s\u0259m\u0259r\u0259li f\u0259aliyy\u0259ti biz qad\u0131nlar \u00fc\u00e7\u00fcn, el\u0259c\u0259 d\u0259 g\u0259ncl\u0259r \u00fc\u00e7\u00fcn \u00f6rn\u0259k olan \u0259n ali d\u0259y\u0259rl\u0259r\u0259 s\u00f6yk\u0259nir. Mehriban xan\u0131m Az\u0259rbaycan xalq\u0131n\u0131n, d\u00f6vl\u0259tinin maraqlar\u0131n\u0131 beyn\u0259lxalq al\u0259md\u0259 \u0259ks etdirm\u0259kl\u0259 yana\u015f\u0131, m\u00fcasir Az\u0259rbaycan qad\u0131n\u0131n\u0131n ictimai-siyasi obraz\u0131n\u0131 da d\u00fcnyaya tan\u0131d\u0131r. \u00d6lk\u0259mizin siyasi-iqtisadi, sosial-ictimai, m\u0259d\u0259ni-m\u0259n\u0259vi t\u0259r\u0259qqisind\u0259 x\u00fcsusi yeri, xidm\u0259tl\u0259ri olan Az\u0259rbaycan\u0131n birinci xan\u0131m\u0131 haz\u0131rda d\u00fcnyada \u00f6z s\u00f6z\u00fc, samball\u0131 n\u00fcfuzu olan lider qad\u0131n \u00f6rn\u0259yin\u0259 \u00e7evrilmi\u015fdir.<\/p>\n<p>Mehriban xan\u0131m \u018fliyeva \u00f6lk\u0259mizd\u0259 milli d\u00f6vl\u0259t\u00e7ilik institutunun formala\u015fmas\u0131na b\u00f6y\u00fck t\u00f6hf\u0259l\u0259r ver\u0259n siyasi-m\u0259d\u0259ni r\u0259hb\u0259r, \u00e7oxy\u00f6nl\u00fc f\u0259aliyy\u0259t meydan\u0131 il\u0259 d\u00fcnyada tan\u0131nan, q\u0259bul edil\u0259n humanist xadimdir. \u00c7a\u011fda\u015f Az\u0259rbaycan tarixin\u0259 onun ad\u0131 art\u0131q modern qad\u0131n r\u0259hb\u0259r, fenomen qad\u0131n lider kimi yaz\u0131lm\u0131\u015fd\u0131r. Dan\u0131lmaz h\u0259qiq\u0259tdir ki, Mehriban xan\u0131m \u018fliyevan\u0131n Birinci vitse-prezidentlik f\u0259aliyy\u0259ti d\u00f6vl\u0259t idar\u0259\u00e7ilik sistemin\u0259 m\u00fcasirlik qatd\u0131 v\u0259 pe\u015f\u0259karl\u0131q amilinin aktuall\u0131\u011f\u0131n\u0131 art\u0131rd\u0131. Mehriban xan\u0131m \u018fliyeva d\u00f6vl\u0259t idar\u0259etm\u0259sind\u0259 \u00e7eviklik v\u0259 effektivlik namin\u0259 b\u00fct\u00fcn potensial\u0131n s\u0259f\u0259rb\u0259r olunmas\u0131n\u0131, habel\u0259 u\u011furlu beyn\u0259lxalq t\u0259cr\u00fcb\u0259 n\u00fcmun\u0259l\u0259rind\u0259n istifad\u0259ni t\u0259min edir. Mehriban xan\u0131m \u018fliyevan\u0131n t\u0259\u015f\u0259bb\u00fcs\u00fc il\u0259 \u00f6lk\u0259 \u0259halisinin b\u0259rab\u0259r, \u0259l\u00e7atan v\u0259 keyfiyy\u0259tli t\u0259hsill\u0259 t\u0259min olunmas\u0131 istiqam\u0259tind\u0259 realla\u015fan layih\u0259l\u0259r t\u0259hsild\u0259 demokratik prinsipin ya\u015fad\u0131lmas\u0131n\u0131 t\u0259min edir. Az\u0259rbaycan\u0131n Birinci vitse-prezidenti \u00f6lk\u0259 \u0259halisinin sa\u011flaml\u0131\u011f\u0131n\u0131n qorunmas\u0131 namin\u0259 daim m\u00fcxt\u0259lif t\u0259\u015f\u0259bb\u00fcsl\u0259rl\u0259 \u00e7\u0131x\u0131\u015f edir v\u0259 sosial bax\u0131mdan h\u0259ssas \u0259hali qruplar\u0131n\u0131n probleml\u0259rinin h\u0259lli istiqam\u0259tind\u0259 t\u0259dbirl\u0259r g\u00f6r\u00fcr. Az\u0259rbaycan xalq\u0131n\u0131n yaratd\u0131\u011f\u0131 milli m\u0259d\u0259niyy\u0259t v\u0259 inc\u0259s\u0259n\u0259t n\u00fcmun\u0259l\u0259rinin d\u00fcnyada tan\u0131d\u0131lmas\u0131 istiqam\u0259tind\u0259 layih\u0259l\u0259ri realla\u015fd\u0131r\u0131r. \u00d6lk\u0259d\u0259 idman h\u0259r\u0259kat\u0131n\u0131n davaml\u0131l\u0131\u011f\u0131n\u0131 t\u0259min edir. Ekoloji probleml\u0259rin h\u0259llin\u0259 d\u0259st\u0259k g\u00f6st\u0259rir. \u0130\u015f\u011faldan azad olunan torpaqlar\u0131n b\u0259rpas\u0131nda humanitar missiyan\u0131 h\u0259yata ke\u00e7irir.<\/p>\n<p>Az\u0259rbaycan qad\u0131n\u0131na xas olan \u0259n g\u00f6z\u0259l x\u00fcsusiyy\u0259tl\u0259ri \u00f6z\u00fcnd\u0259 c\u0259ml\u0259\u015fdir\u0259n, humanizm v\u0259 n\u0259ciblik missiyas\u0131n\u0131 \u015f\u0259r\u0259fl\u0259 yerin\u0259 yetir\u0259n Mehriban xan\u0131m \u018fliyevan\u0131n \u00f6lk\u0259mizin ictimai-siyasi v\u0259 m\u0259d\u0259ni h\u0259yat\u0131ndak\u0131 rolu m\u00fch\u00fcm, xidm\u0259tl\u0259ri dan\u0131lmazd\u0131r. Onun f\u0259aliyy\u0259t dair\u0259si \u00e7ox\u015fax\u0259li olub h\u0259yat\u0131m\u0131z\u0131n b\u00fct\u00fcn sah\u0259l\u0259rin\u0259 d\u0259rind\u0259n n\u00fcfuz edir. Mehriban xan\u0131m \u018fliyeva Heyd\u0259r \u018fliyev Fondunun prezidenti, YUNESKO v\u0259 \u0130SESKO-nun xo\u015fm\u0259raml\u0131 s\u0259firi, Milli M\u0259clisin deputat\u0131 (2005-ci ild\u0259n 2017-ci il\u0259 q\u0259d\u0259r), Az\u0259rbaycan Milli Olimpiya Komit\u0259sinin \u0130craiyy\u0259 Komit\u0259sinin \u00fczv\u00fc, h\u0259m\u00e7inin Az\u0259rbaycan M\u0259d\u0259niyy\u0259tinin Dostlar\u0131 Fondunun prezidentidir. F\u0259aliyy\u0259t g\u00f6st\u0259rdiyi h\u0259r bir sah\u0259d\u0259 b\u00f6y\u00fck u\u011furlar\u0131n qazan\u0131lmas\u0131na, qlobal layih\u0259l\u0259rin ger\u00e7\u0259kl\u0259\u015fm\u0259sin\u0259, Az\u0259rbaycan\u0131n m\u0259d\u0259ni irsinin b\u00fct\u00fcn d\u00fcnyada tan\u0131nmas\u0131na v\u0259 t\u0259bli\u011fin\u0259 nail olub. Bu q\u0259d\u0259r g\u0259rgin i\u015fl\u0259 m\u0259\u015f\u011ful olmas\u0131na baxmayaraq, f\u0259aliyy\u0259tinin \u0259sas hiss\u0259sini xalq\u0131m\u0131z\u0131n g\u0259l\u0259c\u0259yi olan u\u015faqlara y\u00f6n\u0259ldib. Yard\u0131ma v\u0259 qay\u011f\u0131ya ehtiyac\u0131 olan h\u0259r bir k\u0259s\u0259, x\u00fcsus\u0259n d\u0259 \u0259lil v\u0259 x\u0259st\u0259 u\u015faqlara x\u00fcsusi diqq\u0259t yetirir, onlar\u0131n probleml\u0259rinin h\u0259llin\u0259 k\u00f6m\u0259k edir.<\/p>\n<p>\u00c7ox\u015fah\u0259li f\u0259aliyy\u0259tin\u0259 g\u00f6r\u0259 lay\u0131q g\u00f6r\u00fclm\u00fc\u015f t\u0259ltifl\u0259rin h\u0259r birinin arxas\u0131nda bilik, a\u011f\u0131l v\u0259 irad\u0259, pe\u015f\u0259karl\u0131q v\u0259 t\u0259cr\u00fcb\u0259, prinsipiall\u0131q v\u0259 xeyirxahl\u0131q, \u0259n \u0259sas\u0131 xalq\u0131na, d\u00f6vl\u0259tin\u0259, insanl\u0131\u011fa, b\u0259\u015f\u0259riyy\u0259t\u0259 sevgi dayan\u0131r. Beyn\u0259lxalq ictimaiyy\u0259t Birinci vitse-prezident Mehriban xan\u0131m \u018fliyevan\u0131 d\u00fcnyan\u0131n \u0259n n\u00fcfuzlu qad\u0131n siyas\u0259t\u00e7il\u0259rind\u0259n biri kimi s\u0259ciyy\u0259l\u0259ndirir. Mehriban xan\u0131m \u018fliyeva uzun ill\u0259r \u0259rzind\u0259 \u00e7oxsayl\u0131 n\u00fcfuzlu beyn\u0259lxalq m\u00fckafatlar il\u0259 t\u0259ltif olunmu\u015fdur, ancaq onun \u0259n b\u00f6y\u00fck m\u00fckafat\u0131 Az\u0259rbaycan xalq\u0131n\u0131n r\u0259\u011fb\u0259ti v\u0259 sevgisidir.<\/p>\n<p>Mehriban xan\u0131m \u018fliyeva Prezident \u0130lham \u018fliyevin \u0259n yax\u0131n silahda\u015f\u0131 kimi \u00f6lk\u0259mizin t\u0259r\u0259qqisin\u0259 m\u00fcst\u0259sna t\u00f6hf\u0259l\u0259r verir. Birinci vitse-prezidentimizin sosial, humanitar v\u0259 iqtisadi siyas\u0259tin h\u0259yata ke\u00e7irilm\u0259sind\u0259, b\u0259hs olunan sah\u0259l\u0259rd\u0259 m\u00fch\u00fcm nailiyy\u0259tl\u0259rin \u0259ld\u0259 olunmas\u0131nda b\u00f6y\u00fck \u0259m\u0259yi var. Mehriban xan\u0131m \u018fliyevan\u0131n f\u0259aliyy\u0259ti, h\u0259m\u00e7inin humanizm, xeyriyy\u0259\u00e7ilik v\u0259 v\u0259t\u0259np\u0259rv\u0259rlik prinsipl\u0259rin\u0259 \u0259saslan\u0131r. O, \u0259halinin h\u0259ssas qruplar\u0131n\u0131n, o c\u00fcml\u0259d\u0259n \u015f\u0259hid ail\u0259l\u0259rinin, qazil\u0259rin, m\u0259cburi k\u00f6\u00e7k\u00fcnl\u0259rin, ah\u0131llar\u0131n, kims\u0259sizl\u0259rin, irsi qan x\u0259st\u0259liyind\u0259n v\u0259 dig\u0259r irsi x\u0259st\u0259likl\u0259rd\u0259n \u0259ziyy\u0259t \u00e7\u0259k\u0259nl\u0259rin probleml\u0259rinin h\u0259llin\u0259 x\u00fcsusi diqq\u0259t v\u0259 h\u0259ssas m\u00fcnasib\u0259t g\u00f6st\u0259rir.<\/p>\n<p>Mehriban xan\u0131m \u018fliyevan\u0131n Az\u0259rbaycan\u0131 d\u00fcnyada m\u0259d\u0259niyy\u0259t car\u00e7\u0131s\u0131, sivilizasiyalararas\u0131 dialoq, m\u00fcltikulturalizm v\u0259 tolerantl\u0131q m\u0259kan\u0131 kimi t\u0259qdim etm\u0259si Prezident \u0130lham \u018fliyevin m\u00fcz\u0259ff\u0259r lider portretini u\u011furla tamamlay\u0131r. Birinci vitse-prezident kimi Mehriban xan\u0131m \u018fliyeva q\u0131sa m\u00fcdd\u0259td\u0259 \u00f6z\u00fcn\u00fcn pe\u015f\u0259karl\u0131\u011f\u0131, z\u0259ngin t\u0259cr\u00fcb\u0259si, b\u00f6y\u00fck humanizmi v\u0259 hadis\u0259l\u0259r\u0259 geni\u015fmiqyasl\u0131 bax\u0131\u015f\u0131 il\u0259 Az\u0259rbaycan tarixind\u0259 qad\u0131n h\u0259r\u0259kat\u0131n\u0131n yeni bir s\u0259hif\u0259sini a\u00e7m\u0131\u015f, idar\u0259etm\u0259d\u0259 qad\u0131nlar\u0131n rolunun artmas\u0131na s\u0259b\u0259b olmu\u015fdur. Mehriban xan\u0131m \u018fliyeva \u00f6lk\u0259mizd\u0259ki qad\u0131n h\u0259r\u0259kat\u0131 tarixind\u0259 ilk \u015f\u0259xsiyy\u0259tdir ki, maarif\u00e7ilikd\u0259n s\u0259hiyy\u0259y\u0259, idmandan m\u0259d\u0259niyy\u0259timizin t\u0259bli\u011fin\u0259, xeyriyy\u0259\u00e7ilikd\u0259n \u0259traf m\u00fchitin qorunmas\u0131na q\u0259d\u0259r geni\u015f bir f\u0259aliyy\u0259t m\u0259kan\u0131n\u0131 \u0259hat\u0259 edir.<\/p>\n<p>B\u00f6y\u00fck f\u0259xrl\u0259 dey\u0259 bil\u0259rik ki, \u00f6lk\u0259mizin h\u0259r bir b\u00f6lg\u0259sind\u0259 Mehriban xan\u0131m \u018fliyevan\u0131n r\u0259hb\u0259rliyi il\u0259 Heyd\u0259r \u018fliyev Fondu t\u0259r\u0259find\u0259n h\u0259yata ke\u00e7irilmi\u015f m\u00fch\u00fcm layih\u0259l\u0259ri g\u00f6rm\u0259k m\u00fcmk\u00fcnd\u00fcr. Heyd\u0259r \u018fliyev Fondu 20 il\u0259 yax\u0131nd\u0131r ki, yarad\u0131lm\u0131\u015fd\u0131r v\u0259 b\u00fct\u00fcn bu ill\u0259r \u0259rzind\u0259 Fondun \u0259sas m\u0259qs\u0259di, v\u0259zif\u0259si insanlara k\u00f6m\u0259k g\u00f6st\u0259rm\u0259k, Az\u0259rbaycan m\u0259d\u0259niyy\u0259tini d\u00fcnyada t\u0259bli\u011f etm\u0259k, t\u0259hsil, s\u0259hiyy\u0259, m\u0259d\u0259niyy\u0259t, inc\u0259s\u0259n\u0259t, elm sah\u0259l\u0259rin\u0259 t\u00f6hf\u0259 verm\u0259kdir.<\/p>\n<p>Bizim rayonumuzun \u0259razisind\u0259 d\u0259 infrastruktur layih\u0259l\u0259rin realla\u015fd\u0131r\u0131lmas\u0131nda d\u00f6vl\u0259timizl\u0259 yana\u015f\u0131 Heyd\u0259r \u018fliyev Fondunun b\u00f6y\u00fck d\u0259st\u0259yi var. Bel\u0259 ki, F\u00fczuli rayonu \u0259razisind\u0259 bu g\u00fcn\u0259 q\u0259d\u0259r Heyd\u0259r \u018fliyev Fondu t\u0259r\u0259find\u0259n 9 b\u00f6y\u00fck layih\u0259 realla\u015fd\u0131r\u0131lm\u0131\u015f, 1 m\u0259kt\u0259b binas\u0131n\u0131n \u0259sasl\u0131 t\u0259miri h\u0259yata ke\u00e7irilmi\u015fdir. Sevindirici hald\u0131r ki, rayonumuzda Heyd\u0259r \u018fliyev Fondu t\u0259r\u0259find\u0259n m\u00fch\u00fcm layih\u0259l\u0259rin h\u0259yata ke\u00e7irilm\u0259si bu g\u00fcn\u0259 q\u0259d\u0259r d\u0259 u\u011furla davam etm\u0259kd\u0259dir. Horadiz \u015f\u0259h\u0259rind\u0259 2 sayl\u0131 k\u00f6rp\u0259l\u0259r evi-u\u015faq ba\u011f\u00e7as\u0131, 3 sayl\u0131 tam orta m\u0259kt\u0259b,Tarix Diyar\u015f\u00fcnasl\u0131q Muzeyi, R\u0259sm Qalereyas\u0131, G\u0259ncl\u0259r M\u0259rk\u0259zi, habel\u0259 rayonun Bala b\u0259hm\u0259nli k\u0259ndind\u0259 yerl\u0259\u015f\u0259n k\u00f6rp\u0259l\u0259r evi-u\u015faq ba\u011f\u00e7as\u0131 Heyd\u0259r \u018fliyev Fondunun f\u00fczulil\u0259r\u0259 olan t\u00f6hf\u0259l\u0259rind\u0259ndir. Rayonumuzda yeni in\u015fa olunan k\u00f6rp\u0259l\u0259r evi- u\u015faq ba\u011f\u00e7alar\u0131 f\u00fczulil\u0259r\u0259 g\u00f6st\u0259ril\u0259n diqq\u0259t v\u0259 qay\u011f\u0131n\u0131n n\u00f6vb\u0259ti \u0259yani t\u0259zah\u00fcr\u00fcd\u00fcr. Bel\u0259 ki, rayonun \u0130kinci Mahmudlu, \u018fhm\u0259db\u0259yli v\u0259 Arayat\u0131l\u0131 k\u0259ndl\u0259rind\u0259 Heyd\u0259r \u018fliyev Fondu t\u0259r\u0259find\u0259n tikilmi\u015f, h\u0259r biri 55 yerlik olan k\u00f6rp\u0259l\u0259r evi-u\u015faq ba\u011f\u00e7alar\u0131 art\u0131q k\u00f6rp\u0259 fidanlar\u0131n ixtiyar\u0131ndad\u0131r. Heyd\u0259r \u018fliyev Fondunun rayonumuzda realla\u015fd\u0131rd\u0131\u011f\u0131 layih\u0259l\u0259rd\u0259n olan Horadiz \u015f\u0259h\u0259r 3 sayl\u0131 tam orta m\u0259kt\u0259b art\u0131q V\u0259t\u0259n M\u00fcharib\u0259si Q\u0259hr\u0259man\u0131, \u015f\u0259hid F\u0259qan Zalovun ad\u0131n\u0131 da\u015f\u0131y\u0131r.<\/p>\n<p>Bir xalq\u0131n q\u0259lbind\u0259 \u00f6z\u00fcn\u0259 yer tapmaq, onun h\u0259m q\u00fcrur duydu\u011fu bir f\u0259rdi, h\u0259m g\u0259l\u0259c\u0259yini t\u0259min ed\u0259c\u0259k siyasi fikirl\u0259rin t\u0259tbiqind\u0259 yer alan siyas\u0259t\u00e7isi, h\u0259m d\u0259 ke\u00e7mi\u015fin\u0259 v\u0259 g\u0259l\u0259c\u0259yin\u0259 i\u015f\u0131q tutan ziyal\u0131s\u0131 olmaq art\u0131q tarixin \u015fanl\u0131 s\u0259hif\u0259l\u0259rind\u0259 o xalqla birg\u0259 yer almaq dem\u0259kdir. Mehriban xan\u0131m \u018fliyeva \u00f6z f\u0259aliyy\u0259tind\u0259 h\u0259r zaman mill\u0259tin dili, m\u0259d\u0259niyy\u0259ti, tarixi v\u0259 milli-m\u0259n\u0259vi d\u0259y\u0259rl\u0259rin\u0259 sadiq qalm\u0131\u015fd\u0131r. Mehriban xan\u0131m \u018fliyeva \u00f6z\u00fcn\u00fcn \u00e7ox\u015fax\u0259li f\u0259aliyy\u0259tini bu amill\u0259r \u00fcz\u0259rind\u0259 qurmu\u015fdur. B\u00fct\u00fcn varl\u0131\u011f\u0131 v\u0259 \u0259zmkar f\u0259aliyy\u0259ti il\u0259 Az\u0259rbaycan\u00e7\u0131l\u0131q ideologiyas\u0131na xidm\u0259t ed\u0259n Mehriban xan\u0131m \u018fliyeva d\u00f6vl\u0259t\u00e7iliyin qorunmas\u0131 v\u0259 q\u00fcdr\u0259tl\u0259nm\u0259si namin\u0259 u\u011furla f\u0259aliyy\u0259t g\u00f6st\u0259rir. Bu u\u011furlu f\u0259aliyy\u0259tind\u0259 Mehriban xan\u0131m \u018fliyevaya \u0259zmkarl\u0131q, yorulmazl\u0131q v\u0259 m\u00f6hk\u0259m can sa\u011fl\u0131\u011f\u0131 arzulay\u0131r\u0131q.<\/p>\n<p><strong>Eyvazova G\u00fclbahar,<\/strong><\/p>\n<p><em>F\u00fczuli R\u0130HB-nin m\u00fcavini, \u0130ctimai-siyasi v\u0259 humanitar m\u0259s\u0259l\u0259l\u0259r \u015f\u00f6b\u0259sinin m\u00fcdiri<\/em><\/p>\n","protected":false},"excerpt":{"rendered":"<p>\u201cH\u0259qiqi m\u0259rh\u0259m\u0259t real i\u015fl\u0259r g\u00f6r\u00fclm\u0259sini, real m\u0259s\u0259l\u0259l\u0259rin h\u0259llini, konkret add\u0131mlar at\u0131lmas\u0131n\u0131 t\u0259l\u0259b edir. Bigan\u0259lik v\u0259 laqeydlik \u0259n d\u0259h\u015f\u0259tli x\u00fcsusiyy\u0259tdir. Bunlar olmamal\u0131d\u0131r\u201d &#8211; \u00a0Birinci vitse-prezident Mehriban xan\u0131m \u018fliyeva H\u0259yatda m\u00fcxt\u0259lif statuslar\u0131, adlar\u0131, titullar\u0131 qazanmaq olar. Siyas\u0259t\u00e7i,alim, ziyal\u0131 v\u0259 dig\u0259r m\u00fcxt\u0259lif adlara sahib olmaq olar. Lakin h\u0259yatda xalq\u0131n sevgisini, r\u0259\u011fb\u0259tini qazanmaq, u\u015faqdan b\u00f6y\u00fcy\u0259 h\u0259r k\u0259sin sevimlisin\u0259 \u00e7evrilm\u0259k, insanlar\u0131n q\u0259lbind\u0259 \u0259b\u0259di m\u0259sk\u0259n salmaq h\u0259r k\u0259s\u0259 n\u0259sib olan xo\u015fb\u0259xtlik deyil. Bu g\u00fcn Az\u0259rbaycan d\u00f6vl\u0259tinin, xalq\u0131m\u0131z\u0131n rifah\u0131 v\u0259 inki\u015faf\u0131 namin\u0259 yorulmadan \u00e7al\u0131\u015fan, b\u00fct\u00fcn f\u0259aliyy\u0259ti boyu humanizm v\u0259 b\u0259\u015f\u0259ri d\u0259y\u0259rl\u0259ri \u00f6z\u00fcn\u0259 r\u0259hb\u0259r tutmaqla, m\u0259nsub oldu\u011fu xalq\u0131n&hellip;<\/p>\n","protected":false},"author":2,"featured_media":441778,"comment_status":"closed","ping_status":"closed","sticky":false,"template":"","format":"standard","meta":{"om_disable_all_campaigns":false,"_monsterinsights_skip_tracking":false,"_monsterinsights_sitenote_active":false,"_monsterinsights_sitenote_note":"","_monsterinsights_sitenote_category":0},"categories":[8],"tags":[],"aioseo_notices":[],"gutentor_comment":0,"rttpg_featured_image_url":{"full":["https:\/\/arantv.az\/wp-content\/uploads\/2022\/02\/9b8b50fb159238047031054788210704446.jpg",975,540,false],"landscape":["https:\/\/arantv.az\/wp-content\/uploads\/2022\/02\/9b8b50fb159238047031054788210704446.jpg",975,540,false],"portraits":["https:\/\/arantv.az\/wp-content\/uploads\/2022\/02\/9b8b50fb159238047031054788210704446.jpg",975,540,false],"thumbnail":["https:\/\/arantv.az\/wp-content\/uploads\/2022\/02\/9b8b50fb159238047031054788210704446-500x280.jpg",500,280,true],"medium":["https:\/\/arantv.az\/wp-content\/uploads\/2022\/02\/9b8b50fb159238047031054788210704446-660x365.jpg",660,365,true],"large":["https:\/\/arantv.az\/wp-content\/uploads\/2022\/02\/9b8b50fb159238047031054788210704446-840x465.jpg",640,354,true],"1536x1536":["https:\/\/arantv.az\/wp-content\/uploads\/2022\/02\/9b8b50fb159238047031054788210704446.jpg",975,540,false],"2048x2048":["https:\/\/arantv.az\/wp-content\/uploads\/2022\/02\/9b8b50fb159238047031054788210704446.jpg",975,540,false],"post-thumbnail":["https:\/\/arantv.az\/wp-content\/uploads\/2022\/02\/9b8b50fb159238047031054788210704446-240x172.jpg",240,172,true],"advps-thumb-one":["https:\/\/arantv.az\/wp-content\/uploads\/2022\/02\/9b8b50fb159238047031054788210704446.jpg",975,540,false]},"rttpg_author":{"display_name":"V\u00fcsal Rafiqo\u011flu","author_link":"https:\/\/arantv.az\/?author=2"},"rttpg_comment":0,"rttpg_category":"<a href=\"https:\/\/arantv.az\/?cat=8\" rel=\"category\">\u018fsas s\u0259hif\u0259<\/a>","rttpg_excerpt":"\u201cH\u0259qiqi m\u0259rh\u0259m\u0259t real i\u015fl\u0259r g\u00f6r\u00fclm\u0259sini, real m\u0259s\u0259l\u0259l\u0259rin h\u0259llini, konkret add\u0131mlar at\u0131lmas\u0131n\u0131 t\u0259l\u0259b edir. Bigan\u0259lik v\u0259 laqeydlik \u0259n d\u0259h\u015f\u0259tli x\u00fcsusiyy\u0259tdir. Bunlar olmamal\u0131d\u0131r\u201d &#8211; \u00a0Birinci vitse-prezident Mehriban xan\u0131m \u018fliyeva H\u0259yatda m\u00fcxt\u0259lif statuslar\u0131, adlar\u0131, titullar\u0131 qazanmaq olar. Siyas\u0259t\u00e7i,alim, ziyal\u0131 v\u0259 dig\u0259r m\u00fcxt\u0259lif adlara sahib olmaq olar. Lakin h\u0259yatda xalq\u0131n sevgisini, r\u0259\u011fb\u0259tini qazanmaq, u\u015faqdan b\u00f6y\u00fcy\u0259 h\u0259r k\u0259sin sevimlisin\u0259 \u00e7evrilm\u0259k,&hellip;","_links":{"self":[{"href":"https:\/\/arantv.az\/index.php?rest_route=\/wp\/v2\/posts\/441777"}],"collection":[{"href":"https:\/\/arantv.az\/index.php?rest_route=\/wp\/v2\/posts"}],"about":[{"href":"https:\/\/arantv.az\/index.php?rest_route=\/wp\/v2\/types\/post"}],"author":[{"embeddable":true,"href":"https:\/\/arantv.az\/index.php?rest_route=\/wp\/v2\/users\/2"}],"replies":[{"embeddable":true,"href":"https:\/\/arantv.az\/index.php?rest_route=%2Fwp%2Fv2%2Fcomments&post=441777"}],"version-history":[{"count":0,"href":"https:\/\/arantv.az\/index.php?rest_route=\/wp\/v2\/posts\/441777\/revisions"}],"wp:featuredmedia":[{"embeddable":true,"href":"https:\/\/arantv.az\/index.php?rest_route=\/wp\/v2\/media\/441778"}],"wp:attachment":[{"href":"https:\/\/arantv.az\/index.php?rest_route=%2Fwp%2Fv2%2Fmedia&parent=441777"}],"wp:term":[{"taxonomy":"category","embeddable":true,"href":"https:\/\/arantv.az\/index.php?rest_route=%2Fwp%2Fv2%2Fcategories&post=441777"},{"taxonomy":"post_tag","embeddable":true,"href":"https:\/\/arantv.az\/index.php?rest_route=%2Fwp%2Fv2%2Ftags&post=441777"}],"curies":[{"name":"wp","href":"https:\/\/api.w.org\/{rel}","templated":true}]}}