{"id":441780,"date":"2022-02-21T14:11:21","date_gmt":"2022-02-21T11:11:21","guid":{"rendered":"http:\/\/arantv.az\/?p=441780"},"modified":"2022-02-21T14:11:21","modified_gmt":"2022-02-21T11:11:21","slug":"ir%c9%99vanda-az%c9%99rbaycanli-deputatlarin-s%c9%99f%c9%99rin%c9%99-etiraz-olaraq-aksiya-kecirilib-video","status":"publish","type":"post","link":"https:\/\/arantv.az\/?p=441780","title":{"rendered":"\u0130r\u0259vanda az\u0259rbaycanl\u0131 deputatlar\u0131n s\u0259f\u0259rin\u0259 etiraz olaraq aksiya ke\u00e7irilib &#8211; V\u0130DEO"},"content":{"rendered":"<p>\u0130r\u0259vanda\u00a0sakinl\u0259r Az\u0259rbaycanl\u0131 deputatlar\u0131n s\u0259f\u0259rin\u0259 etiraz edibl\u0259r.<\/p>\n<div class=\"AdviadNativeVideo\"><\/div>\n<p><strong>ARANTV.AZ<\/strong>-\u0131n m\u0259lumat\u0131na g\u00f6r\u0259, ba\u015f ver\u0259n etirazlarla ba\u011fl\u0131 g\u00f6r\u00fcnt\u00fcl\u0259r sosial \u015f\u0259b\u0259k\u0259l\u0259rd\u0259 yay\u0131l\u0131b.<\/p>\n<p>Bel\u0259 ki, Az\u0259rbaycan Milli M\u0259clisinin iki deputat\u0131\u00a0Tahir Mirki\u015fili v\u0259 Soltan M\u0259mm\u0259dov\u00a0AVRONEST PA \u00e7\u0259r\u00e7iv\u0259sind\u0259 iclasda i\u015ftirak etm\u0259k \u00fc\u00e7\u00fcn\u00a0\u0130r\u0259vanda s\u0259f\u0259rd\u0259dirl\u0259r.<\/p>\n<p>Qeyd ed\u0259k ki, etiraz\u00e7\u0131lar\u0131n az\u0259rbaycanl\u0131 deputatlar\u0131n s\u0259f\u0259rin\u0259 g\u00f6r\u0259 t\u0259\u015fkil etdiyi etiraza polis m\u00fcdaxil\u0259 edib.<\/p>\n<div><iframe id=\"instagram-embed-0\" class=\"instagram-media instagram-media-rendered\" src=\"https:\/\/www.instagram.com\/tv\/CaPJiQwA0YF\/embed\/captioned\/?cr=1&amp;v=14&amp;wp=540&amp;rd=https%3A%2F%2Foxu.az&amp;rp=%2Fsociety%2F575326#%7B%22ci%22%3A0%2C%22os%22%3A1622.5%2C%22ls%22%3A1273.9000000003725%2C%22le%22%3A1491.2999999998137%7D\" height=\"853\" frameborder=\"0\" scrolling=\"no\" allowfullscreen=\"allowfullscreen\" data-instgrm-payload-id=\"instagram-media-payload-0\" data-mce-fragment=\"1\"><\/iframe><\/div>\n<p>&nbsp;<\/p>\n","protected":false},"excerpt":{"rendered":"<p>\u0130r\u0259vanda\u00a0sakinl\u0259r Az\u0259rbaycanl\u0131 deputatlar\u0131n s\u0259f\u0259rin\u0259 etiraz edibl\u0259r. ARANTV.AZ-\u0131n m\u0259lumat\u0131na g\u00f6r\u0259, ba\u015f ver\u0259n etirazlarla ba\u011fl\u0131 g\u00f6r\u00fcnt\u00fcl\u0259r sosial \u015f\u0259b\u0259k\u0259l\u0259rd\u0259 yay\u0131l\u0131b. Bel\u0259 ki, Az\u0259rbaycan Milli M\u0259clisinin iki deputat\u0131\u00a0Tahir Mirki\u015fili v\u0259 Soltan M\u0259mm\u0259dov\u00a0AVRONEST PA \u00e7\u0259r\u00e7iv\u0259sind\u0259 iclasda i\u015ftirak etm\u0259k \u00fc\u00e7\u00fcn\u00a0\u0130r\u0259vanda s\u0259f\u0259rd\u0259dirl\u0259r. Qeyd ed\u0259k ki, etiraz\u00e7\u0131lar\u0131n az\u0259rbaycanl\u0131 deputatlar\u0131n s\u0259f\u0259rin\u0259 g\u00f6r\u0259 t\u0259\u015fkil etdiyi etiraza polis m\u00fcdaxil\u0259 edib. &nbsp;<\/p>\n","protected":false},"author":2,"featured_media":441781,"comment_status":"closed","ping_status":"closed","sticky":false,"template":"","format":"standard","meta":{"om_disable_all_campaigns":false,"_monsterinsights_skip_tracking":false,"_monsterinsights_sitenote_active":false,"_monsterinsights_sitenote_note":"","_monsterinsights_sitenote_category":0},"categories":[1],"tags":[],"aioseo_notices":[],"gutentor_comment":0,"rttpg_featured_image_url":{"full":["https:\/\/arantv.az\/wp-content\/uploads\/2022\/02\/FotoJet-13-6.jpg",620,413,false],"landscape":["https:\/\/arantv.az\/wp-content\/uploads\/2022\/02\/FotoJet-13-6.jpg",620,413,false],"portraits":["https:\/\/arantv.az\/wp-content\/uploads\/2022\/02\/FotoJet-13-6.jpg",620,413,false],"thumbnail":["https:\/\/arantv.az\/wp-content\/uploads\/2022\/02\/FotoJet-13-6-500x280.jpg",500,280,true],"medium":["https:\/\/arantv.az\/wp-content\/uploads\/2022\/02\/FotoJet-13-6-548x365.jpg",548,365,true],"large":["https:\/\/arantv.az\/wp-content\/uploads\/2022\/02\/FotoJet-13-6.jpg",620,413,false],"1536x1536":["https:\/\/arantv.az\/wp-content\/uploads\/2022\/02\/FotoJet-13-6.jpg",620,413,false],"2048x2048":["https:\/\/arantv.az\/wp-content\/uploads\/2022\/02\/FotoJet-13-6.jpg",620,413,false],"post-thumbnail":["https:\/\/arantv.az\/wp-content\/uploads\/2022\/02\/FotoJet-13-6-240x172.jpg",240,172,true],"advps-thumb-one":["https:\/\/arantv.az\/wp-content\/uploads\/2022\/02\/FotoJet-13-6.jpg",620,413,false]},"rttpg_author":{"display_name":"V\u00fcsal Rafiqo\u011flu","author_link":"https:\/\/arantv.az\/?author=2"},"rttpg_comment":0,"rttpg_category":"<a href=\"https:\/\/arantv.az\/?cat=1\" rel=\"category\">C\u0259miyy\u0259t<\/a>","rttpg_excerpt":"\u0130r\u0259vanda\u00a0sakinl\u0259r Az\u0259rbaycanl\u0131 deputatlar\u0131n s\u0259f\u0259rin\u0259 etiraz edibl\u0259r. ARANTV.AZ-\u0131n m\u0259lumat\u0131na g\u00f6r\u0259, ba\u015f ver\u0259n etirazlarla ba\u011fl\u0131 g\u00f6r\u00fcnt\u00fcl\u0259r sosial \u015f\u0259b\u0259k\u0259l\u0259rd\u0259 yay\u0131l\u0131b. Bel\u0259 ki, Az\u0259rbaycan Milli M\u0259clisinin iki deputat\u0131\u00a0Tahir Mirki\u015fili v\u0259 Soltan M\u0259mm\u0259dov\u00a0AVRONEST PA \u00e7\u0259r\u00e7iv\u0259sind\u0259 iclasda i\u015ftirak etm\u0259k \u00fc\u00e7\u00fcn\u00a0\u0130r\u0259vanda s\u0259f\u0259rd\u0259dirl\u0259r. Qeyd ed\u0259k ki, etiraz\u00e7\u0131lar\u0131n az\u0259rbaycanl\u0131 deputatlar\u0131n s\u0259f\u0259rin\u0259 g\u00f6r\u0259 t\u0259\u015fkil etdiyi etiraza polis m\u00fcdaxil\u0259 edib. &nbsp;","_links":{"self":[{"href":"https:\/\/arantv.az\/index.php?rest_route=\/wp\/v2\/posts\/441780"}],"collection":[{"href":"https:\/\/arantv.az\/index.php?rest_route=\/wp\/v2\/posts"}],"about":[{"href":"https:\/\/arantv.az\/index.php?rest_route=\/wp\/v2\/types\/post"}],"author":[{"embeddable":true,"href":"https:\/\/arantv.az\/index.php?rest_route=\/wp\/v2\/users\/2"}],"replies":[{"embeddable":true,"href":"https:\/\/arantv.az\/index.php?rest_route=%2Fwp%2Fv2%2Fcomments&post=441780"}],"version-history":[{"count":0,"href":"https:\/\/arantv.az\/index.php?rest_route=\/wp\/v2\/posts\/441780\/revisions"}],"wp:featuredmedia":[{"embeddable":true,"href":"https:\/\/arantv.az\/index.php?rest_route=\/wp\/v2\/media\/441781"}],"wp:attachment":[{"href":"https:\/\/arantv.az\/index.php?rest_route=%2Fwp%2Fv2%2Fmedia&parent=441780"}],"wp:term":[{"taxonomy":"category","embeddable":true,"href":"https:\/\/arantv.az\/index.php?rest_route=%2Fwp%2Fv2%2Fcategories&post=441780"},{"taxonomy":"post_tag","embeddable":true,"href":"https:\/\/arantv.az\/index.php?rest_route=%2Fwp%2Fv2%2Ftags&post=441780"}],"curies":[{"name":"wp","href":"https:\/\/api.w.org\/{rel}","templated":true}]}}