{"id":441786,"date":"2022-02-21T14:14:16","date_gmt":"2022-02-21T11:14:16","guid":{"rendered":"http:\/\/arantv.az\/?p=441786"},"modified":"2022-02-21T14:14:16","modified_gmt":"2022-02-21T11:14:16","slug":"bir-qrup-s%c9%99xs-t%c9%99ltif-edildi-s%c9%99r%c9%99ncam","status":"publish","type":"post","link":"https:\/\/arantv.az\/?p=441786","title":{"rendered":"Bir qrup \u015f\u0259xs t\u0259ltif edildi &#8211; S\u0259r\u0259ncam"},"content":{"rendered":"<p><strong>Prezident \u0130lham \u018fliyev Az\u0259rbaycan Respublikas\u0131nda avtomobil yollar\u0131n\u0131n tikintisi v\u0259 istismar\u0131 sah\u0259sind\u0259 f\u0259rql\u0259n\u0259n bir qrup \u015f\u0259xsin t\u0259ltif edilm\u0259si haqq\u0131nda S\u0259r\u0259ncam imzalay\u0131b.<\/strong><\/p>\n<p><strong>ARANTV.AZ\u00a0<\/strong> <a href=\"http:\/\/azertag.az\/\" target=\"_blank\" rel=\"noopener\">AZ\u018fRTAC<\/a>-a istinad\u0259n bildirir ki,\u00a0s\u0259r\u0259ncamla Az\u0259rbaycan Respublikas\u0131nda avtomobil yollar\u0131n\u0131n tikintisi v\u0259 istismar\u0131 sah\u0259sind\u0259 \u0259m\u0259k nailiyy\u0259tl\u0259ri il\u0259 f\u0259rql\u0259n\u0259n a\u015fa\u011f\u0131dak\u0131 \u015f\u0259xsl\u0259r t\u0259ltif edilirl\u0259r:<\/p>\n<p>3-c\u00fc d\u0259r\u0259c\u0259li &#8220;\u018fm\u0259k&#8221; ordeni il\u0259<\/p>\n<p>\u018fliyev Tahir \u0130dris o\u011flu<\/p>\n<p>Musayev M\u0259h\u0259mm\u0259d Nur\u0259ddin o\u011flu<\/p>\n<p>&#8220;T\u0259r\u0259qqi&#8221; medal\u0131 il\u0259<\/p>\n<p>Al\u0131yev Dilq\u0259m Al\u0131 o\u011flu<\/p>\n<p>Babayev Tal\u0131b Ramiz o\u011flu<\/p>\n<p>\u018fhm\u0259dov Qiyaf\u0259t Telman o\u011flu<\/p>\n<p>\u018fhm\u0259dov Samir Sabir o\u011flu<\/p>\n<p>\u018fhm\u0259dov Vaqif M\u0259h\u0259mm\u0259d o\u011flu<\/p>\n<p>\u018fzizov N\u0259bi \u018fziza\u011fa o\u011flu<\/p>\n<p>H\u0259s\u0259nquliyev S\u0259f\u0259r \u018fli o\u011flu<\/p>\n<p>H\u00fcnb\u0259tov \u018fli H\u00fcseyn o\u011flu<\/p>\n<p>H\u00fcseynov \u0130ntiqam N\u0259sib o\u011flu<\/p>\n<p>H\u00fcseynov Kaz\u0131m Mir\u0259ziz o\u011flu<\/p>\n<p>H\u00fcseynzad\u0259 R\u0259\u015fad\u0259t H\u00fcseyn o\u011flu<\/p>\n<p>Kaz\u0131mov \u018flirahim Q\u0259mb\u0259r o\u011flu<\/p>\n<p>Mehdiyev Firudin Rza o\u011flu<\/p>\n<p>M\u0259mm\u0259dov X\u0259z\u0259r Nizami o\u011flu<\/p>\n<p>M\u0259mm\u0259drzayev K\u0259r\u0259m \u018fmirxan o\u011flu<\/p>\n<p>Mikay\u0131lov \u018fli Z\u00fclfiqar o\u011flu<\/p>\n<p>P\u0259nahov Tariyel H\u0259s\u0259n o\u011flu<\/p>\n<p>R\u00fcst\u0259mxanl\u0131 C\u0259mil Sabir o\u011flu<\/p>\n<p>Yusifli Vaqif \u018fli o\u011flu.<\/p>\n","protected":false},"excerpt":{"rendered":"<p>Prezident \u0130lham \u018fliyev Az\u0259rbaycan Respublikas\u0131nda avtomobil yollar\u0131n\u0131n tikintisi v\u0259 istismar\u0131 sah\u0259sind\u0259 f\u0259rql\u0259n\u0259n bir qrup \u015f\u0259xsin t\u0259ltif edilm\u0259si haqq\u0131nda S\u0259r\u0259ncam imzalay\u0131b. ARANTV.AZ\u00a0 AZ\u018fRTAC-a istinad\u0259n bildirir ki,\u00a0s\u0259r\u0259ncamla Az\u0259rbaycan Respublikas\u0131nda avtomobil yollar\u0131n\u0131n tikintisi v\u0259 istismar\u0131 sah\u0259sind\u0259 \u0259m\u0259k nailiyy\u0259tl\u0259ri il\u0259 f\u0259rql\u0259n\u0259n a\u015fa\u011f\u0131dak\u0131 \u015f\u0259xsl\u0259r t\u0259ltif edilirl\u0259r: 3-c\u00fc d\u0259r\u0259c\u0259li &#8220;\u018fm\u0259k&#8221; ordeni il\u0259 \u018fliyev Tahir \u0130dris o\u011flu Musayev M\u0259h\u0259mm\u0259d Nur\u0259ddin o\u011flu &#8220;T\u0259r\u0259qqi&#8221; medal\u0131 il\u0259 Al\u0131yev Dilq\u0259m Al\u0131 o\u011flu Babayev Tal\u0131b Ramiz o\u011flu \u018fhm\u0259dov Qiyaf\u0259t Telman o\u011flu \u018fhm\u0259dov Samir Sabir o\u011flu \u018fhm\u0259dov Vaqif M\u0259h\u0259mm\u0259d o\u011flu \u018fzizov N\u0259bi \u018fziza\u011fa o\u011flu H\u0259s\u0259nquliyev S\u0259f\u0259r \u018fli o\u011flu H\u00fcnb\u0259tov \u018fli H\u00fcseyn o\u011flu H\u00fcseynov&hellip;<\/p>\n","protected":false},"author":2,"featured_media":441787,"comment_status":"closed","ping_status":"closed","sticky":false,"template":"","format":"standard","meta":{"om_disable_all_campaigns":false,"_monsterinsights_skip_tracking":false,"_monsterinsights_sitenote_active":false,"_monsterinsights_sitenote_note":"","_monsterinsights_sitenote_category":0},"categories":[4],"tags":[],"aioseo_notices":[],"gutentor_comment":0,"rttpg_featured_image_url":{"full":["https:\/\/arantv.az\/wp-content\/uploads\/2022\/02\/ilham_aliyev_2020_51-3.jpg",800,600,false],"landscape":["https:\/\/arantv.az\/wp-content\/uploads\/2022\/02\/ilham_aliyev_2020_51-3.jpg",800,600,false],"portraits":["https:\/\/arantv.az\/wp-content\/uploads\/2022\/02\/ilham_aliyev_2020_51-3.jpg",800,600,false],"thumbnail":["https:\/\/arantv.az\/wp-content\/uploads\/2022\/02\/ilham_aliyev_2020_51-3-500x280.jpg",500,280,true],"medium":["https:\/\/arantv.az\/wp-content\/uploads\/2022\/02\/ilham_aliyev_2020_51-3-487x365.jpg",487,365,true],"large":["https:\/\/arantv.az\/wp-content\/uploads\/2022\/02\/ilham_aliyev_2020_51-3.jpg",640,480,false],"1536x1536":["https:\/\/arantv.az\/wp-content\/uploads\/2022\/02\/ilham_aliyev_2020_51-3.jpg",800,600,false],"2048x2048":["https:\/\/arantv.az\/wp-content\/uploads\/2022\/02\/ilham_aliyev_2020_51-3.jpg",800,600,false],"post-thumbnail":["https:\/\/arantv.az\/wp-content\/uploads\/2022\/02\/ilham_aliyev_2020_51-3-240x172.jpg",240,172,true],"advps-thumb-one":["https:\/\/arantv.az\/wp-content\/uploads\/2022\/02\/ilham_aliyev_2020_51-3.jpg",800,600,false]},"rttpg_author":{"display_name":"V\u00fcsal Rafiqo\u011flu","author_link":"https:\/\/arantv.az\/?author=2"},"rttpg_comment":0,"rttpg_category":"<a href=\"https:\/\/arantv.az\/?cat=4\" rel=\"category\">Siyas\u0259t<\/a>","rttpg_excerpt":"Prezident \u0130lham \u018fliyev Az\u0259rbaycan Respublikas\u0131nda avtomobil yollar\u0131n\u0131n tikintisi v\u0259 istismar\u0131 sah\u0259sind\u0259 f\u0259rql\u0259n\u0259n bir qrup \u015f\u0259xsin t\u0259ltif edilm\u0259si haqq\u0131nda S\u0259r\u0259ncam imzalay\u0131b. ARANTV.AZ\u00a0 AZ\u018fRTAC-a istinad\u0259n bildirir ki,\u00a0s\u0259r\u0259ncamla Az\u0259rbaycan Respublikas\u0131nda avtomobil yollar\u0131n\u0131n tikintisi v\u0259 istismar\u0131 sah\u0259sind\u0259 \u0259m\u0259k nailiyy\u0259tl\u0259ri il\u0259 f\u0259rql\u0259n\u0259n a\u015fa\u011f\u0131dak\u0131 \u015f\u0259xsl\u0259r t\u0259ltif edilirl\u0259r: 3-c\u00fc d\u0259r\u0259c\u0259li &#8220;\u018fm\u0259k&#8221; ordeni il\u0259 \u018fliyev Tahir \u0130dris o\u011flu Musayev M\u0259h\u0259mm\u0259d Nur\u0259ddin o\u011flu &#8220;T\u0259r\u0259qqi&#8221;&hellip;","_links":{"self":[{"href":"https:\/\/arantv.az\/index.php?rest_route=\/wp\/v2\/posts\/441786"}],"collection":[{"href":"https:\/\/arantv.az\/index.php?rest_route=\/wp\/v2\/posts"}],"about":[{"href":"https:\/\/arantv.az\/index.php?rest_route=\/wp\/v2\/types\/post"}],"author":[{"embeddable":true,"href":"https:\/\/arantv.az\/index.php?rest_route=\/wp\/v2\/users\/2"}],"replies":[{"embeddable":true,"href":"https:\/\/arantv.az\/index.php?rest_route=%2Fwp%2Fv2%2Fcomments&post=441786"}],"version-history":[{"count":0,"href":"https:\/\/arantv.az\/index.php?rest_route=\/wp\/v2\/posts\/441786\/revisions"}],"wp:featuredmedia":[{"embeddable":true,"href":"https:\/\/arantv.az\/index.php?rest_route=\/wp\/v2\/media\/441787"}],"wp:attachment":[{"href":"https:\/\/arantv.az\/index.php?rest_route=%2Fwp%2Fv2%2Fmedia&parent=441786"}],"wp:term":[{"taxonomy":"category","embeddable":true,"href":"https:\/\/arantv.az\/index.php?rest_route=%2Fwp%2Fv2%2Fcategories&post=441786"},{"taxonomy":"post_tag","embeddable":true,"href":"https:\/\/arantv.az\/index.php?rest_route=%2Fwp%2Fv2%2Ftags&post=441786"}],"curies":[{"name":"wp","href":"https:\/\/api.w.org\/{rel}","templated":true}]}}