{"id":441790,"date":"2022-02-21T14:25:10","date_gmt":"2022-02-21T11:25:10","guid":{"rendered":"http:\/\/arantv.az\/?p=441790"},"modified":"2022-02-21T14:25:10","modified_gmt":"2022-02-21T11:25:10","slug":"mehriban-%c9%99liyeva-xeyirxahliq-v%c9%99-xalqa-xidm%c9%99t-numun%c9%99sidir","status":"publish","type":"post","link":"https:\/\/arantv.az\/?p=441790","title":{"rendered":"Mehriban \u018fliyeva \u2013 xeyirxahl\u0131q v\u0259 xalqa xidm\u0259t n\u00fcmun\u0259sidir!"},"content":{"rendered":"<div class=\"cxmmr5t8 oygrvhab hcukyx3x c1et5uql o9v6fnle ii04i59q\">\n<div dir=\"auto\">\u201cAz\u0259rbaycan qad\u0131nlar\u0131 xalq\u0131m\u0131z\u0131n ad\u0259t-\u0259n\u0259n\u0259l\u0259rini, m\u0259d\u0259niyy\u0259tini, elmini, intellektual potensial\u0131n\u0131 y\u00fcks\u0259k s\u0259viyy\u0259d\u0259 t\u0259msil etmi\u015fl\u0259r v\u0259 bu, indi d\u0259 bel\u0259dir. Qad\u0131nlar d\u00f6vl\u0259timizin, d\u00f6vl\u0259t\u00e7iliyimizin, m\u00fcst\u0259qilliyimizin, bu g\u00fcn\u00fcm\u00fcz\u00fcn, g\u0259l\u0259c\u0259yimizin daya\u011f\u0131d\u0131r\u201d. Ulu \u00f6nd\u0259r Heyd\u0259r \u018fliyev\u0259 m\u0259xsus olan bu d\u0259y\u0259rli fikir m\u00fcst\u0259qil Az\u0259rbaycan\u0131n h\u0259yat\u0131nda qad\u0131nlar\u0131n roluna d\u00f6vl\u0259t s\u0259viyy\u0259sind\u0259 veril\u0259n y\u00fcks\u0259k qiym\u0259ti \u0259ks etdirir.<\/div>\n<div dir=\"auto\">M\u00f6ht\u0259r\u0259m Prezident c\u0259nab \u0130lham \u018fliyev d\u0259 qad\u0131nlar\u0131n c\u0259miyy\u0259tin inki\u015faf\u0131ndak\u0131 rolunu qiym\u0259tl\u0259ndir\u0259r\u0259k qeyd edir ki, \u201cTariximizin h\u0259r bir d\u00f6vr\u00fcnd\u0259 qad\u0131nlar\u0131m\u0131z c\u0259miyy\u0259tin sars\u0131lmaz m\u0259n\u0259vi daya\u011f\u0131 olmu\u015f, \u00f6lk\u0259mizin bu g\u00fcnk\u00fc simas\u0131n\u0131n m\u00fc\u0259yy\u0259nl\u0259\u015fm\u0259si \u00fc\u00e7\u00fcn b\u00f6y\u00fck f\u0259dakarl\u0131qlar g\u00f6st\u0259rmi\u015fl\u0259r.\u201d B\u0259li, b\u00f6y\u00fck tarixi, m\u0259d\u0259ni irs\u0259 malik olan Az\u0259rbaycan xalq\u0131 qad\u0131n\u0131n ail\u0259d\u0259 v\u0259 c\u0259miyy\u0259td\u0259ki roluna daim y\u00fcks\u0259k ehtiramla yana\u015fm\u0131\u015fd\u0131r.<\/div>\n<div dir=\"auto\">Prezident \u0130lham \u018fliyev t\u0259r\u0259find\u0259n Mehriban xan\u0131m\u0131n Birinci vitse-prezident t\u0259yin edilm\u0259si d\u0259 c\u0259miyy\u0259td\u0259 qad\u0131n i\u015ftirak\u00e7\u0131l\u0131\u011f\u0131na, b\u00fct\u00f6vl\u00fckd\u0259 qad\u0131na verdiyi \u00f6n\u0259min bariz g\u00f6st\u0259ricisidir. El\u0259 Mehriban xan\u0131m da qeyd edir ki, \u201cM\u0259nim \u00f6lk\u0259nin Birinci vitse-prezidenti t\u0259yin olunma\u011f\u0131m bar\u0259d\u0259 q\u0259rar Az\u0259rbaycan Prezidentinin \u015f\u0259xsi t\u0259\u015f\u0259bb\u00fcs\u00fc idi. \u018flb\u0259tt\u0259, m\u0259nim art\u0131q uzun ill\u0259r Prezidentin t\u0259kc\u0259 h\u0259yat yolda\u015f\u0131 deyil, dey\u0259 bil\u0259r\u0259m ki, h\u0259mm\u0259sl\u0259ki olma\u011f\u0131m y\u0259qin ki, \u00f6z rolunu oynay\u0131b. Lakin d\u00fc\u015f\u00fcn\u00fcr\u0259m ki, onun bel\u0259 q\u0259rara g\u0259lm\u0259sinin s\u0259b\u0259bi bu deyildi. \u018fsas budur ki, r\u0259hb\u0259r v\u0259zif\u0259d\u0259 &#8211; Az\u0259rbaycan Respublikas\u0131n\u0131n Prezidenti kimi \u0130lham \u018fliyev ilk n\u00f6vb\u0259d\u0259 \u00f6lk\u0259nin v\u0259 Az\u0259rbaycan xalq\u0131n\u0131n maraqlar\u0131na istinad edir. D\u00fc\u015f\u00fcn\u00fcr\u0259m ki, bu q\u0259rar\u0131 da o, bu prinsipl\u0259r\u0259 istinad ed\u0259r\u0259k q\u0259bul etmi\u015fdir. Buna g\u00f6r\u0259 d\u0259, \u0259lb\u0259tt\u0259, \u00fcz\u0259rim\u0259 d\u00fc\u015f\u0259n m\u0259suliyy\u0259t olduqca b\u00f6y\u00fckd\u00fcr. M\u0259n Prezidentin etimad\u0131n\u0131 do\u011frultmal\u0131yam v\u0259 \u0259n ba\u015fl\u0131cas\u0131 is\u0259 inam\u0131, \u00fcmidi olan insanlar\u0131n etimad\u0131n\u0131 do\u011frultmal\u0131yam. M\u0259n d\u0259 buna nail olma\u011fa \u00e7al\u0131\u015faca\u011fam.\u201d Respublikan\u0131n Birinci vitse-prezidenti Mehriban xan\u0131m, ail\u0259sin\u0259 g\u00f6st\u0259rdiyi qay\u011f\u0131, eyni zamanda, ictimai-siyasi f\u0259aliyy\u0259ti, h\u0259m d\u0259 elmi yarad\u0131c\u0131l\u0131\u011f\u0131 il\u0259 Az\u0259rbaycan qad\u0131nlar\u0131na h\u0259mi\u015f\u0259 \u00f6rn\u0259kdir.<\/div>\n<div dir=\"auto\">Mehriban xan\u0131m \u018fliyeva d\u00f6vl\u0259t idar\u0259etm\u0259sind\u0259 \u00e7eviklik v\u0259 effektivlik namin\u0259 b\u00fct\u00fcn potensial\u0131n s\u0259f\u0259rb\u0259r olunmas\u0131n\u0131, habel\u0259 u\u011furlu beyn\u0259lxalq t\u0259cr\u00fcb\u0259 n\u00fcmun\u0259l\u0259rind\u0259n istifad\u0259ni t\u0259min edir. Mehriban xan\u0131m \u018fliyevan\u0131n t\u0259\u015f\u0259bb\u00fcs\u00fc il\u0259 \u00f6lk\u0259 \u0259halisinin b\u0259rab\u0259r, \u0259l\u00e7atan v\u0259 keyfiyy\u0259tli t\u0259hsill\u0259 t\u0259min olunmas\u0131 istiqam\u0259tind\u0259 realla\u015fan layih\u0259l\u0259r t\u0259hsild\u0259 demokratik prinsipin ya\u015fad\u0131lmas\u0131n\u0131 t\u0259min edir. Az\u0259rbaycan\u0131n Birinci vitse-prezidenti \u00f6lk\u0259 \u0259halisinin sa\u011flaml\u0131\u011f\u0131n\u0131n qorunmas\u0131 namin\u0259 daim m\u00fcxt\u0259lif t\u0259\u015f\u0259bb\u00fcsl\u0259rl\u0259 \u00e7\u0131x\u0131\u015f edir v\u0259 sosial bax\u0131mdan h\u0259ssas \u0259hali qruplar\u0131n\u0131n probleml\u0259rinin h\u0259lli istiqam\u0259tind\u0259 t\u0259dbirl\u0259r g\u00f6r\u00fcr. Az\u0259rbaycan xalq\u0131n\u0131n yaratd\u0131\u011f\u0131 milli m\u0259d\u0259niyy\u0259t v\u0259 inc\u0259s\u0259n\u0259t n\u00fcmun\u0259l\u0259rinin d\u00fcnyada tan\u0131d\u0131lmas\u0131 istiqam\u0259tind\u0259 layih\u0259l\u0259ri realla\u015fd\u0131r\u0131r. \u00d6lk\u0259d\u0259 idman h\u0259r\u0259kat\u0131n\u0131n davaml\u0131l\u0131\u011f\u0131n\u0131 t\u0259min edir. Ekoloji probleml\u0259rin h\u0259llin\u0259 d\u0259st\u0259k g\u00f6st\u0259rir. \u0130\u015f\u011faldan azad olunan torpaqlar\u0131n b\u0259rpas\u0131nda humanitar missiyan\u0131 h\u0259yata ke\u00e7irir.<\/div>\n<div dir=\"auto\">Mehriban xan\u0131m \u018fliyeva m\u00fct\u0259madi olaraq c\u0259miyy\u0259tin h\u0259ssas t\u0259b\u0259q\u0259l\u0259rinin probleml\u0259rini h\u0259ll etm\u0259y\u0259, ana n\u0259vazi\u015fin\u0259 ehtiyac duyan u\u015faqlar\u0131 sevindirm\u0259y\u0259, z\u0259ngin m\u0259d\u0259niyy\u0259timizi t\u0259bli\u011f etm\u0259y\u0259, m\u00fcxt\u0259lif istiqam\u0259tl\u0259rd\u0259 yeni layih\u0259l\u0259r realla\u015fd\u0131rma\u011fa b\u00f6y\u00fck s\u0259y g\u00f6st\u0259rir. \u018flam\u0259tdar hald\u0131r ki, Mehriban xan\u0131m \u018fliyeva Birinci vitse-prezident kimi \u00f6z ilk m\u00fc\u015favir\u0259sini m\u0259cburi k\u00f6\u00e7k\u00fcn soyda\u015flar\u0131m\u0131z\u0131n probleml\u0259rin\u0259 h\u0259sr etmi\u015fdir. Birinci vitse-prezidentlik institutu funksional siyasi t\u0259sisat kimi u\u011furla f\u0259aliyy\u0259t g\u00f6st\u0259rir.<\/div>\n<div dir=\"auto\">Ulu \u00f6nd\u0259rin \u00e7ox\u015fax\u0259li f\u0259aliyy\u0259tind\u0259 \u00f6lk\u0259nin iqtisadi, sosial v\u0259 m\u0259d\u0259ni t\u0259r\u0259qqisind\u0259 m\u00fch\u00fcm amill\u0259rd\u0259n olan elm, t\u0259hsil v\u0259 m\u0259d\u0259niyy\u0259tin, s\u0259hiyy\u0259 v\u0259 idman\u0131n inki\u015faf etdirilm\u0259si m\u0259s\u0259l\u0259l\u0259ri \u0259h\u0259miyy\u0259tli yer tuturdu. Mehriban xan\u0131m \u018fliyevan\u0131n r\u0259hb\u0259rlik etdiyi Heyd\u0259r \u018fliyev Fondu da \u00f6z n\u00f6vb\u0259sind\u0259 b\u00fct\u00fcn bu sah\u0259l\u0259rd\u0259ki layih\u0259l\u0259rin h\u0259yata ke\u00e7irilm\u0259sin\u0259, x\u00fcsusil\u0259 d\u0259 d\u00fcnya standartlar\u0131na cavab ver\u0259n v\u0259 \u0259n m\u00fcasir informasiya &#8211; kommunikasiya texnologiyalar\u0131 il\u0259 t\u0259chiz olunmu\u015f m\u0259kt\u0259bl\u0259rin tikintisin\u0259, az\u0259rbaycan\u00e7\u0131l\u0131q m\u0259fkur\u0259sinin b\u0259rq\u0259rar olunmas\u0131na, milli-m\u0259n\u0259vi d\u0259y\u0259rl\u0259rin qorunmas\u0131na, b\u00f6y\u00fcm\u0259kd\u0259 olan g\u0259nc n\u0259slin sa\u011flam, h\u0259rt\u0259r\u0259fli biliy\u0259 malik, layiqli v\u0259t\u0259nda\u015f, g\u0259l\u0259c\u0259yin m\u00fct\u0259x\u0259ssisi kimi yeti\u015fm\u0259sin\u0259 yard\u0131m edir.<\/div>\n<div dir=\"auto\">Mehriban xan\u0131m \u018fliyeva o c\u00fcml\u0259d\u0259n, daim \u015f\u0259hid ail\u0259l\u0259ri il\u0259 g\u00f6r\u00fc\u015f\u00fcr, onlar\u0131 diqq\u0259tl\u0259 dinl\u0259yir, qay\u011f\u0131 v\u0259 himay\u0259darl\u0131q n\u00fcmun\u0259si g\u00f6st\u0259rir. Bu \u00e7oxsayl\u0131 n\u00fcmun\u0259l\u0259r ayd\u0131n sur\u0259td\u0259 g\u00f6st\u0259rir ki, \u00f6lk\u0259mizin \u0259razi b\u00fct\u00f6vl\u00fcy\u00fc u\u011frunda d\u00f6y\u00fc\u015fl\u0259rd\u0259 \u015f\u0259hidlik zirv\u0259sin\u0259 ucalm\u0131\u015f insanlar\u0131n xatir\u0259si daim \u0259ziz tutulur, onlar\u0131n ail\u0259 \u00fczvl\u0259rin\u0259 diqq\u0259t, qay\u011f\u0131 zaman ke\u00e7dikc\u0259 art\u0131r, m\u0259zmunca daha da dol\u011funla\u015f\u0131r.<\/div>\n<div dir=\"auto\">Birinci vitse-prezident kimi Mehriban xan\u0131m \u018fliyeva q\u0131sa m\u00fcdd\u0259td\u0259 \u00f6z\u00fcn\u00fcn pe\u015f\u0259karl\u0131\u011f\u0131, z\u0259ngin t\u0259cr\u00fcb\u0259si, b\u00f6y\u00fck humanizmi v\u0259 hadis\u0259l\u0259r\u0259 geni\u015fmiqyasl\u0131 bax\u0131\u015f\u0131 il\u0259 Az\u0259rbaycan tarixind\u0259 qad\u0131n h\u0259r\u0259kat\u0131n\u0131n yeni bir s\u0259hif\u0259sini a\u00e7m\u0131\u015f, idar\u0259etm\u0259d\u0259 qad\u0131nlar\u0131n rolunun artmas\u0131na s\u0259b\u0259b olmu\u015fdur. Mehriban xan\u0131m \u018fliyeva \u00f6lk\u0259mizd\u0259ki qad\u0131n h\u0259r\u0259kat\u0131 tarixind\u0259 ilk \u015f\u0259xsiyy\u0259tdir ki, maarif\u00e7ilikd\u0259n s\u0259hiyy\u0259y\u0259, idmandan m\u0259d\u0259niyy\u0259timizin t\u0259bli\u011fin\u0259, xeyriyy\u0259\u00e7ilikd\u0259n \u0259traf m\u00fchitin qorunmas\u0131na q\u0259d\u0259r geni\u015f bir f\u0259aliyy\u0259t m\u0259kan\u0131n\u0131 \u0259hat\u0259 edir;<\/div>\n<div dir=\"auto\">UNESKO-nun v\u0259 \u0130SESKO-nun xo\u015fm\u0259raml\u0131 s\u0259firi kimi Mehriban xan\u0131m \u018fliyevan\u0131n ist\u0259r Az\u0259rbaycanda, ist\u0259rs\u0259 d\u0259 d\u00fcnya miqyas\u0131nda h\u0259yata ke\u00e7irdiyi t\u0259dbirl\u0259r h\u0259mi\u015f\u0259 b\u00f6y\u00fck r\u0259\u011fb\u0259tl\u0259 qar\u015f\u0131lanm\u0131\u015f v\u0259 respublikam\u0131z\u0131n birinci xan\u0131m\u0131n\u0131n s\u0259m\u0259r\u0259li f\u0259aliyy\u0259ti m\u00fcxt\u0259lif beyn\u0259lxalq m\u00fckafatlarla qiym\u0259tl\u0259ndirilmi\u015f v\u0259 bir s\u0131ra \u00f6lk\u0259l\u0259rin \u0259n y\u00fcks\u0259k d\u00f6vl\u0259t t\u0259ltifl\u0259rin\u0259 layiq g\u00f6r\u00fclm\u00fc\u015fd\u00fcr.<\/div>\n<div dir=\"auto\">Bel\u0259likl\u0259, b\u00fct\u00fcn varl\u0131\u011f\u0131 v\u0259 \u0259zmkar f\u0259aliyy\u0259ti il\u0259 Az\u0259rbaycan\u00e7\u0131l\u0131q ideologiyas\u0131na xidm\u0259t ed\u0259n Mehriban xan\u0131m \u018fliyeva bu g\u00fcn d\u0259 d\u00f6vl\u0259t\u00e7iliyin qorunmas\u0131 v\u0259 q\u00fcdr\u0259tl\u0259nm\u0259si namin\u0259 f\u0259aliyy\u0259tini u\u011furla davam etdirir.<\/div>\n<\/div>\n<div class=\"cxmmr5t8 oygrvhab hcukyx3x c1et5uql o9v6fnle ii04i59q\">\n<div dir=\"auto\">K\u0259nan \u0130mam\u0259liyev,<\/div>\n<div dir=\"auto\">Z\u0259ngilan Rayon T\u0259hsil \u015e\u00f6b\u0259sinin m\u00fcdiri<\/div>\n<\/div>\n","protected":false},"excerpt":{"rendered":"<p>\u201cAz\u0259rbaycan qad\u0131nlar\u0131 xalq\u0131m\u0131z\u0131n ad\u0259t-\u0259n\u0259n\u0259l\u0259rini, m\u0259d\u0259niyy\u0259tini, elmini, intellektual potensial\u0131n\u0131 y\u00fcks\u0259k s\u0259viyy\u0259d\u0259 t\u0259msil etmi\u015fl\u0259r v\u0259 bu, indi d\u0259 bel\u0259dir. Qad\u0131nlar d\u00f6vl\u0259timizin, d\u00f6vl\u0259t\u00e7iliyimizin, m\u00fcst\u0259qilliyimizin, bu g\u00fcn\u00fcm\u00fcz\u00fcn, g\u0259l\u0259c\u0259yimizin daya\u011f\u0131d\u0131r\u201d. Ulu \u00f6nd\u0259r Heyd\u0259r \u018fliyev\u0259 m\u0259xsus olan bu d\u0259y\u0259rli fikir m\u00fcst\u0259qil Az\u0259rbaycan\u0131n h\u0259yat\u0131nda qad\u0131nlar\u0131n roluna d\u00f6vl\u0259t s\u0259viyy\u0259sind\u0259 veril\u0259n y\u00fcks\u0259k qiym\u0259ti \u0259ks etdirir. M\u00f6ht\u0259r\u0259m Prezident c\u0259nab \u0130lham \u018fliyev d\u0259 qad\u0131nlar\u0131n c\u0259miyy\u0259tin inki\u015faf\u0131ndak\u0131 rolunu qiym\u0259tl\u0259ndir\u0259r\u0259k qeyd edir ki, \u201cTariximizin h\u0259r bir d\u00f6vr\u00fcnd\u0259 qad\u0131nlar\u0131m\u0131z c\u0259miyy\u0259tin sars\u0131lmaz m\u0259n\u0259vi daya\u011f\u0131 olmu\u015f, \u00f6lk\u0259mizin bu g\u00fcnk\u00fc simas\u0131n\u0131n m\u00fc\u0259yy\u0259nl\u0259\u015fm\u0259si \u00fc\u00e7\u00fcn b\u00f6y\u00fck f\u0259dakarl\u0131qlar g\u00f6st\u0259rmi\u015fl\u0259r.\u201d B\u0259li, b\u00f6y\u00fck tarixi, m\u0259d\u0259ni irs\u0259 malik olan Az\u0259rbaycan xalq\u0131 qad\u0131n\u0131n ail\u0259d\u0259&hellip;<\/p>\n","protected":false},"author":2,"featured_media":441791,"comment_status":"closed","ping_status":"closed","sticky":false,"template":"","format":"standard","meta":{"om_disable_all_campaigns":false,"_monsterinsights_skip_tracking":false,"_monsterinsights_sitenote_active":false,"_monsterinsights_sitenote_note":"","_monsterinsights_sitenote_category":0},"categories":[8],"tags":[],"aioseo_notices":[],"gutentor_comment":0,"rttpg_featured_image_url":{"full":["https:\/\/arantv.az\/wp-content\/uploads\/2022\/02\/274577325_698400524526217_1685250635828341112_n.jpg",557,638,false],"landscape":["https:\/\/arantv.az\/wp-content\/uploads\/2022\/02\/274577325_698400524526217_1685250635828341112_n.jpg",557,638,false],"portraits":["https:\/\/arantv.az\/wp-content\/uploads\/2022\/02\/274577325_698400524526217_1685250635828341112_n.jpg",557,638,false],"thumbnail":["https:\/\/arantv.az\/wp-content\/uploads\/2022\/02\/274577325_698400524526217_1685250635828341112_n-500x280.jpg",500,280,true],"medium":["https:\/\/arantv.az\/wp-content\/uploads\/2022\/02\/274577325_698400524526217_1685250635828341112_n-319x365.jpg",319,365,true],"large":["https:\/\/arantv.az\/wp-content\/uploads\/2022\/02\/274577325_698400524526217_1685250635828341112_n.jpg",557,638,false],"1536x1536":["https:\/\/arantv.az\/wp-content\/uploads\/2022\/02\/274577325_698400524526217_1685250635828341112_n.jpg",557,638,false],"2048x2048":["https:\/\/arantv.az\/wp-content\/uploads\/2022\/02\/274577325_698400524526217_1685250635828341112_n.jpg",557,638,false],"post-thumbnail":["https:\/\/arantv.az\/wp-content\/uploads\/2022\/02\/274577325_698400524526217_1685250635828341112_n-240x172.jpg",240,172,true],"advps-thumb-one":["https:\/\/arantv.az\/wp-content\/uploads\/2022\/02\/274577325_698400524526217_1685250635828341112_n-557x620.jpg",557,620,true]},"rttpg_author":{"display_name":"V\u00fcsal Rafiqo\u011flu","author_link":"https:\/\/arantv.az\/?author=2"},"rttpg_comment":0,"rttpg_category":"<a href=\"https:\/\/arantv.az\/?cat=8\" rel=\"category\">\u018fsas s\u0259hif\u0259<\/a>","rttpg_excerpt":"\u201cAz\u0259rbaycan qad\u0131nlar\u0131 xalq\u0131m\u0131z\u0131n ad\u0259t-\u0259n\u0259n\u0259l\u0259rini, m\u0259d\u0259niyy\u0259tini, elmini, intellektual potensial\u0131n\u0131 y\u00fcks\u0259k s\u0259viyy\u0259d\u0259 t\u0259msil etmi\u015fl\u0259r v\u0259 bu, indi d\u0259 bel\u0259dir. Qad\u0131nlar d\u00f6vl\u0259timizin, d\u00f6vl\u0259t\u00e7iliyimizin, m\u00fcst\u0259qilliyimizin, bu g\u00fcn\u00fcm\u00fcz\u00fcn, g\u0259l\u0259c\u0259yimizin daya\u011f\u0131d\u0131r\u201d. Ulu \u00f6nd\u0259r Heyd\u0259r \u018fliyev\u0259 m\u0259xsus olan bu d\u0259y\u0259rli fikir m\u00fcst\u0259qil Az\u0259rbaycan\u0131n h\u0259yat\u0131nda qad\u0131nlar\u0131n roluna d\u00f6vl\u0259t s\u0259viyy\u0259sind\u0259 veril\u0259n y\u00fcks\u0259k qiym\u0259ti \u0259ks etdirir. M\u00f6ht\u0259r\u0259m Prezident c\u0259nab \u0130lham \u018fliyev d\u0259 qad\u0131nlar\u0131n c\u0259miyy\u0259tin inki\u015faf\u0131ndak\u0131&hellip;","_links":{"self":[{"href":"https:\/\/arantv.az\/index.php?rest_route=\/wp\/v2\/posts\/441790"}],"collection":[{"href":"https:\/\/arantv.az\/index.php?rest_route=\/wp\/v2\/posts"}],"about":[{"href":"https:\/\/arantv.az\/index.php?rest_route=\/wp\/v2\/types\/post"}],"author":[{"embeddable":true,"href":"https:\/\/arantv.az\/index.php?rest_route=\/wp\/v2\/users\/2"}],"replies":[{"embeddable":true,"href":"https:\/\/arantv.az\/index.php?rest_route=%2Fwp%2Fv2%2Fcomments&post=441790"}],"version-history":[{"count":0,"href":"https:\/\/arantv.az\/index.php?rest_route=\/wp\/v2\/posts\/441790\/revisions"}],"wp:featuredmedia":[{"embeddable":true,"href":"https:\/\/arantv.az\/index.php?rest_route=\/wp\/v2\/media\/441791"}],"wp:attachment":[{"href":"https:\/\/arantv.az\/index.php?rest_route=%2Fwp%2Fv2%2Fmedia&parent=441790"}],"wp:term":[{"taxonomy":"category","embeddable":true,"href":"https:\/\/arantv.az\/index.php?rest_route=%2Fwp%2Fv2%2Fcategories&post=441790"},{"taxonomy":"post_tag","embeddable":true,"href":"https:\/\/arantv.az\/index.php?rest_route=%2Fwp%2Fv2%2Ftags&post=441790"}],"curies":[{"name":"wp","href":"https:\/\/api.w.org\/{rel}","templated":true}]}}