{"id":441793,"date":"2022-02-21T14:26:39","date_gmt":"2022-02-21T11:26:39","guid":{"rendered":"http:\/\/arantv.az\/?p=441793"},"modified":"2022-02-21T14:26:39","modified_gmt":"2022-02-21T11:26:39","slug":"k%c9%99lb%c9%99c%c9%99rd%c9%99-itkin-dus%c9%99n-mu%c9%99llimin-aci-h%c9%99yat-hekay%c9%99si-reportaj","status":"publish","type":"post","link":"https:\/\/arantv.az\/?p=441793","title":{"rendered":"K\u0259lb\u0259c\u0259rd\u0259 itkin d\u00fc\u015f\u0259n m\u00fc\u0259llimin ac\u0131 h\u0259yat hekay\u0259si &#8211; REPORTAJ"},"content":{"rendered":"<p>1994-c\u00fc ilin 12 fevral tarixind\u0259\u00a0i\u015f\u011fal\u00e7\u0131 erm\u0259nil\u0259r rus h\u0259rb\u00e7il\u0259rinin\u00a0d\u0259st\u0259yi il\u0259 Az\u0259rbaycan ordusuna qar\u015f\u0131 \u0259ks h\u0259ml\u0259 t\u0259\u015fkil edirl\u0259r. Bu zaman Az\u0259rbaycan t\u0259r\u0259fi\u00a0a\u011f\u0131r itkil\u0259r verir. \u0130tkil\u0259rin artmas\u0131n\u0131n\u00a0s\u0259b\u0259bl\u0259rind\u0259n biri d\u0259 \u015faxtal\u0131 hava v\u0259 qar u\u00e7qunlar\u0131 idi.<\/p>\n<p>&nbsp;<\/p>\n<p>Fevral\u0131n 18-d\u0259\u00a0ordu \u00d6m\u0259r a\u015f\u0131r\u0131m\u0131 il\u0259 geri \u00e7\u0259kilm\u0259li olur. \u0130ki briqada m\u00fchasir\u0259y\u0259 d\u00fc\u015f\u00fcr. \u00d6m\u0259r a\u015f\u0131r\u0131m\u0131 u\u011frunda d\u00f6y\u00fc\u015fd\u0259 rus m\u0259nb\u0259l\u0259rinin m\u0259lumat\u0131na g\u00f6r\u0259, Az\u0259rbaycan ordusu 4000 \u0259sg\u0259r, erm\u0259ni t\u0259r\u0259fi is\u0259 2000 itki vermi\u015fdi. Bu \u0259m\u0259liyyat\u00a0Az\u0259rbaycan tarixin\u0259 Qaraba\u011f m\u00fcharib\u0259si d\u00f6vr\u00fcnd\u0259 \u0259n b\u00f6y\u00fck itki veril\u0259n d\u00f6y\u00fc\u015f kimi d\u00fc\u015f\u00fcr.\u00a0 Az\u0259rbaycan t\u0259r\u0259finin \u00e7oxlu sayda \u0259sg\u0259r itirm\u0259si o zamanlar gizli saxlan\u0131l\u0131rd\u0131&#8230;<\/p>\n<p>&nbsp;<\/p>\n<p><strong>\u0130tkinl\u0259rimiz haqq\u0131nda yaz\u0131lan ilk q\u0259zet<\/strong><\/p>\n<p>&nbsp;<\/p>\n<p><img src=\"https:\/\/admin.modern.az\/file\/articles\/2022\/02\/21\/1645429962_basliqsiz-dizayn-24.png\" alt=\"\" \/><\/p>\n<p>&nbsp;<\/p>\n<p>Bu g\u00fcn h\u0259min itkinl\u0259rd\u0259n biri\u00a0<b>Xalid H\u00fcmb\u0259tov<\/b>\u00a0haqq\u0131nda dan\u0131\u015faca\u011f\u0131q. K\u0259lb\u0259c\u0259rin Susuzluq v\u0259 Sar\u0131da\u015f k\u0259ndl\u0259rinin\u00a0Rus dili m\u00fc\u0259llimi olub. B\u00fct\u00fcn yax\u0131nlar\u0131n\u0131n, \u015fagirdl\u0259rinin dilind\u0259 indi bir s\u00f6z var: \u201cXalid m\u00fc\u0259llim qay\u0131dacaq\u201d.<\/p>\n<p>&nbsp;<\/p>\n<p><b>28 il \u0259vv\u0259l itkin d\u00fc\u015f\u0259n m\u00fc\u0259llim&#8230;<\/b><\/p>\n<p>&nbsp;<\/p>\n<p><img src=\"https:\/\/admin.modern.az\/file\/articles\/2022\/02\/21\/1645429945_basliqsiz-dizayn-17.png\" alt=\"\" \/><\/p>\n<p>&nbsp;<\/p>\n<p><b>Aray\u0131\u015f:<\/b>\u00a0Xalid\u00a0\u018fli o\u011flu H\u00fcmb\u0259tov 1961-ci ild\u0259 K\u0259lb\u0259c\u0259r rayonunun Al\u00e7al\u0131 k\u0259ndind\u0259 anadan olub. 1977-ci ild\u0259 Q\u0131l\u0131ncl\u0131 k\u0259nd tam orta m\u0259kt\u0259bini bitirib. H\u0259min il M.F.Axundov ad\u0131na Az\u0259rbaycan\u00a0D\u00f6vl\u0259t Pedaqoji \u0130nstitutuna daxil olub v\u0259 Rus dili m\u00fc\u0259llimliyi \u00fczr\u0259 ali t\u0259hsil al\u0131b.\u00a01982-ci\u00a0ild\u0259 institutu\u00a0bitirib. Sonra\u00a0t\u0259yinatla K\u0259lb\u0259c\u0259r rayonunun Susuzluq v\u0259 Sar\u0131da\u015f k\u0259ndl\u0259rind\u0259 m\u00fc\u0259llim i\u015fl\u0259yib. Eyni zamanda K\u0259lb\u0259c\u0259r Rayon Maarif \u015e\u00f6b\u0259sind\u0259 metodist v\u0259zif\u0259sind\u0259 \u00e7al\u0131\u015f\u0131b. 1985-1986-c\u0131 ill\u0259rd\u0259 Sovet Ordusu s\u0131ralar\u0131nda qulluq edib.<\/p>\n<p>&nbsp;<\/p>\n<p>Qaraba\u011f M\u00fcharib\u0259sinin ilk g\u00fcnl\u0259rind\u0259 d\u00f6y\u00fc\u015f b\u00f6lg\u0259l\u0259rind\u0259 f\u0259al i\u015ftirak edib. Qaraba\u011f b\u00f6lg\u0259sind\u0259 d\u00f6y\u00fc\u015f\u0259n 3-c\u00fc batalyonun\u00a0q\u0259rargah r\u0259isi v\u0259zif\u0259sind\u0259 xidm\u0259t edib. S\u0259hh\u0259tind\u0259 problem olmas\u0131na baxmayaraq,\u00a0d\u0259f\u0259l\u0259rl\u0259 m\u00fcalic\u0259 olunandan sonra yen\u0259 d\u0259 d\u00f6y\u00fc\u015f b\u00f6lg\u0259l\u0259rin\u0259 qay\u0131d\u0131b. R\u00fctb\u0259si ba\u015f leytenant olub.<\/p>\n<p>&nbsp;<\/p>\n<p>1994-c\u00fc ilin fevral ay\u0131nda \u201cK\u0259lb\u0259c\u0259r\u201d \u0259m\u0259liyyat\u0131 zaman\u0131 itkin d\u00fc\u015f\u00fcb v\u0259 bu g\u00fcn\u0259 kimi dig\u0259r itkinl\u0259rimizl\u0259 b\u0259rab\u0259r ondan x\u0259b\u0259r yoxdur.<\/p>\n<p>&nbsp;<\/p>\n<p><b>Xalid H\u00fcmb\u0259tovun\u00a0<\/b>anas\u0131 Samaya H\u00fcmb\u0259tova\u00a0v\u0259 xalas\u0131 q\u0131z\u0131 H\u0259qiq\u0259t R\u0259himli onunla ba\u011fl\u0131 xatir\u0259l\u0259rini\u00a0<strong>Modern.az<\/strong>-la b\u00f6l\u00fc\u015f\u00fcbl\u0259r.<\/p>\n<p>&nbsp;<\/p>\n<p><b>&#8211;\u00a028 ildir \u00fcz\u00fcn\u00fc\u00a0g\u00f6rm\u0259diyiniz Xalid m\u00fc\u0259llimi nec\u0259 xatr\u0131lay\u0131rs\u0131n\u0131z?<\/b><\/p>\n<p>&nbsp;<\/p>\n<p><strong>Samaya H\u00fcmb\u0259tova:\u00a0<\/strong>M\u0259nim balam mehriban, qo\u00e7aq biri olub. El\u0259 xasiyy\u0259ti vard\u0131\u00a0ki, ham\u0131 onu \u00e7ox ist\u0259yirdi. B\u00f6y\u00fckd\u0259n ki\u00e7iy\u0259d\u0259k\u00a0h\u0259r k\u0259s\u0259 h\u00f6rm\u0259t edirdi.<\/p>\n<p>&nbsp;<\/p>\n<p><strong>H\u0259qiq\u0259t R\u0259himli:<\/strong>\u00a0Xalid bizim xalam\u0131z\u0131n o\u011fludur, amma ham\u0131 el\u0259 bilirdi ki, qarda\u015f\u0131m\u0131zd\u0131r. \u00c7\u00fcnki u\u015faql\u0131\u011f\u0131 da, g\u0259ncliyi d\u0259 bizd\u0259 ke\u00e7ib. Biz Xalidi he\u00e7 unutmad\u0131q ki, xat\u0131rlayaq da&#8230;<\/p>\n<p>&nbsp;<\/p>\n<p>U\u015faql\u0131qdan h\u0259mya\u015f\u0131dlar\u0131ndan f\u0259rql\u0259nirdi. \u0130st\u0259r zahir\u0259n, ist\u0259rs\u0259 d\u0259 m\u0259n\u0259n.<\/p>\n<p>&nbsp;<\/p>\n<p>Xalid m\u00fc\u0259llim \u015fagirdl\u0259rinin xatir\u0259sind\u0259 el\u0259 bir iz qoyub ki, onu unutmurlar. D\u0259rs ke\u00e7diyi he\u00e7 bir \u015fagirdi ondan naraz\u0131 deyildi. U\u015faqlar d\u0259rsi \u00f6yr\u0259nm\u0259y\u0259nd\u0259 onlar\u0131 danlayarm\u0131\u015f. Ancaq \u015fagirdl\u0259rin\u00a0pis oldu\u011funu g\u00f6r\u0259nd\u0259 cibind\u0259n \u00e7\u0131xar\u0131b\u00a0konfet ver\u0259r, \u201cg\u0259l\u0259n d\u0259f\u0259 d\u0259rsi \u00f6yr\u0259n, sonra g\u0259l\u201ddey\u0259rmi\u015f.<\/p>\n<p>&nbsp;<\/p>\n<p>Xalid m\u00fc\u0259llimin ad\u0131 g\u0259l\u0259nd\u0259 \u015fagirdl\u0259ri o g\u00fcnl\u0259ri xat\u0131rlay\u0131b k\u00f6vr\u0259lirl\u0259r\u2026<\/p>\n<p>&nbsp;<\/p>\n<p><strong>M\u00fc\u0259llim olark\u0259n \u00e7\u0259kil\u0259n \u015f\u0259kill\u0259rd\u0259n biri<\/strong><\/p>\n<p><img src=\"https:\/\/admin.modern.az\/file\/articles\/2022\/02\/21\/1645429950_basliqsiz-dizayn-20.png\" alt=\"\" \/><\/p>\n<p>&nbsp;<\/p>\n<p><b>&#8211; Ham\u0131n\u0131n sevimlisin\u0259 \u00e7evril\u0259n\u00a0Xalid m\u00fc\u0259llimin\u00a0t\u0259l\u0259b\u0259lik ill\u0259ri nec\u0259 ke\u00e7ib? O g\u00fcnl\u0259rd\u0259n hans\u0131 xatir\u0259l\u0259r yad\u0131n\u0131zda qal\u0131b?\u00a0<\/b><\/p>\n<p>&nbsp;<\/p>\n<p><strong>Samaya H\u00fcmb\u0259tova:<\/strong>\u00a0Bak\u0131da oxudu\u011funa g\u00f6r\u0259 g\u00f6rm\u0259mi\u015f\u0259m t\u0259l\u0259b\u0259liyini. Amma yax\u015f\u0131 oxuyub, \u00f6z biliyi il\u0259 ucal\u0131bd\u0131 m\u0259nim balam.<\/p>\n<p>&nbsp;<\/p>\n<p><b>H\u0259qiq\u0259t R\u0259himli:<\/b>\u00a0Xalid t\u0259l\u0259b\u0259lik ill\u0259rind\u0259 yax\u015f\u0131 oxuyurdu. M\u00fctail\u0259ni, d\u00fcnya \u0259d\u0259biyyat\u0131n\u0131 \u00e7ox sevirdi. Yay aylar\u0131nda t\u0259l\u0259b\u0259-in\u015faat d\u0259st\u0259l\u0259rind\u0259 Sovetl\u0259r birliyinin\u00a0m\u00fcxt\u0259lif \u015f\u0259h\u0259rl\u0259rin\u0259 ged\u0259rdi. Turist kimi g\u0259zm\u0259yi xo\u015flay\u0131rd\u0131. \u018fsg\u0259rlikd\u0259 olan zaman gitarada ifa etm\u0259yi\u00a0\u00f6yr\u0259nmi\u015fdi.<\/p>\n<p>&nbsp;<\/p>\n<p>Onu da qeyd edim ki, Xalid \u0259sg\u0259rliy\u0259 getm\u0259y\u0259 d\u0259 bil\u0259rdi. \u00c7\u00fcnki o vaxt\u0131 k\u0259nd m\u00fc\u0259lliml\u0259rini orduya aparm\u0131rd\u0131lar. Maarif \u015f\u00f6b\u0259sin\u0259 m\u0259hz ona g\u00f6r\u0259 i\u015f\u0259 g\u0259ldi ki, \u0259sg\u0259rliy\u0259 getsin. \u018fsg\u0259rlikd\u0259n tez-tez m\u0259ktublar yazard\u0131. O m\u0259ktublar h\u0259l\u0259 d\u0259 durur. \u0130ndi kitablar\u0131m\u0131n yerini d\u0259yi\u015fdiyi \u00fc\u00e7\u00fcn o m\u0259ktublar\u0131 tapm\u0131ram. Tapsam, g\u00f6nd\u0259r\u0259rdim siz\u0259 g\u00f6r\u0259rdiniz ki, nec\u0259 v\u0259t\u0259np\u0259rv\u0259r olub. Az\u0259rbaycan\u0131n ad\u0131n\u0131n h\u0259mi\u015f\u0259 y\u00fcks\u0259kl\u0259rd\u0259 olmas\u0131n\u0131 arzulay\u0131b.<\/p>\n<p>&nbsp;<\/p>\n<p><strong>T\u0259l\u0259blik ill\u0259rind\u0259n xatir\u0259 qalan \u015f\u0259kil<\/strong><\/p>\n<p><img src=\"https:\/\/admin.modern.az\/file\/articles\/2022\/02\/21\/1645429967_basliqsiz-dizayn-18.png\" alt=\"\" \/><\/p>\n<p>&nbsp;<\/p>\n<p><b>&#8211; Xalid m\u00fc\u0259llim evli\u00a0idi, yoxsa\u00a0subay?\u00a0H\u0259yatda arzusuz, x\u0259yallar\u0131 olmayan insan yoxdur. B\u0259s, o, g\u0259l\u0259c\u0259k planlar\u0131ndan,\u00a0x\u0259yallar\u0131ndan dan\u0131\u015fard\u0131m\u0131?<\/b><\/p>\n<p>&nbsp;<\/p>\n<p><b>Anas\u0131:<\/b>\u00a0Yox, o\u011flum ail\u0259 qurmam\u0131\u015fd\u0131. Bir g\u0259nc kimi ist\u0259kl\u0259ri var idi. V\u0259t\u0259nini \u00e7ox sevirdi. H\u0259mi\u015f\u0259 v\u0259t\u0259nd\u0259n dan\u0131\u015fard\u0131. Bac\u0131mgild\u0259 b\u00f6y\u00fcd\u00fcy\u00fc \u00fc\u00e7\u00fcn h\u0259r \u015feyini onlar bilir.<\/p>\n<p>&nbsp;<\/p>\n<p><b>Xalas\u0131 q\u0131z\u0131:<\/b>\u00a0Ail\u0259li deyildi, ancaq \u00e7ox q\u0131zlar\u0131n ondan xo\u015fu g\u0259lirdi. Yad\u0131ma r\u0259hm\u0259tlik Mehdiyev Tahirin &#8211; Xalidin dostu dediyi s\u00f6zl\u0259r d\u00fc\u015fd\u00fc. Dey\u0259rdi ki, \u201cS\u0259kin\u0259 xala, bir g\u00fcn s\u0259h\u0259r durub g\u00f6r\u0259c\u0259ksiniz ki, q\u0131zlar Xalid \u00fc\u00e7\u00fcn qap\u0131n\u0131zda n\u00fcmayi\u015f edirl\u0259r\u201d. Arzular\u0131 \u00e7ox idi. Sevdiyi q\u0131zla da m\u0259ni tan\u0131\u015f etmi\u015fdi. Amma v\u0259t\u0259n sevgisi onun b\u00fct\u00fcn arzular\u0131na qalib g\u0259ldi.<\/p>\n<p>&nbsp;<\/p>\n<p><strong>Samaya ana indi bu \u015f\u0259kill\u0259rl\u0259 \u00f6vlad\u0131n\u0131 xat\u0131rlay\u0131r<\/strong><\/p>\n<p><img src=\"https:\/\/admin.modern.az\/file\/articles\/2022\/02\/21\/1645430050_basliqsiz-dizayn-19.png\" alt=\"\" \/><\/p>\n<p>&nbsp;<\/p>\n<p><b>Xalid H\u00fcmb\u0259tovun\u00a0<\/b>xalas\u0131n\u0131n o\u011flu olmad\u0131\u011f\u0131 \u00fc\u00e7\u00fcn onu h\u0259min ail\u0259y\u0259 verirl\u0259r. B\u0259lk\u0259 d\u0259 buna g\u00f6r\u0259\u00a0anas\u0131 onun haqq\u0131nda \u00e7ox \u015feyi bilmir. Bildikl\u0259rini is\u0259 ya\u015fl\u0131 oldu\u011fu \u00fc\u00e7\u00fcn yax\u015f\u0131 xat\u0131rlamad\u0131\u011f\u0131n\u0131 s\u00f6yl\u0259yir.\u00a0Yan\u0131nda b\u00f6y\u00fcm\u0259s\u0259 bel\u0259 balas\u0131 \u00fc\u00e7\u00fcn \u00fcr\u0259yi yan\u0131r. S\u00f6hb\u0259t\u0259 ba\u015flad\u0131\u011f\u0131m\u0131z andan a\u011flay\u0131r\u2026<\/p>\n<p>&nbsp;<\/p>\n<p><b>&#8211; M\u00fc\u0259llimlik f\u0259aliyy\u0259ti nec\u0259 olub? \u0130\u015f\u00a0yolda\u015flar\u0131, \u015fagirdl\u0259ri onun haqq\u0131nda siz\u0259 n\u0259l\u0259r deyirl\u0259r?<\/b><\/p>\n<p>&nbsp;<\/p>\n<p><b>Anas\u0131:<\/b>\u00a0Onu tan\u0131yan, bil\u0259n ham\u0131 haqq\u0131nda yax\u015f\u0131 s\u00f6zl\u0259r dan\u0131\u015f\u0131r. \u015eagirdl\u0259rinin hams\u0131n\u0131n u\u015faqlar\u0131 bel\u0259\u00a0var, amma Xalidi unutmurlar. D\u0259rs ke\u00e7diyi u\u015faqlar indi \u00f6z \u00f6vladlar\u0131na onun nec\u0259 m\u00fc\u0259llim oldu\u011fundan dan\u0131\u015f\u0131rlar.<\/p>\n<p>&nbsp;<\/p>\n<p><b>Xalas\u0131 q\u0131z\u0131:\u00a0<\/b>M\u00fc\u0259llim yolda\u015flar\u0131 onun \u0259sl pedaqoq oldu\u011funu deyirl\u0259r. Onun f\u0259rqli d\u0259rs ke\u00e7m\u0259 metodu olub. Universiteti bitir\u0259nd\u0259n sonnra Bak\u0131da i\u015fl\u0259diyimd\u0259n \u00e7ox yax\u0131ndan tan\u0131mam\u0131\u015fam. \u015eagirdl\u0259rin ona b\u00f6y\u00fck say\u011f\u0131s\u0131 vard\u0131. \u0130ndi d\u0259 onun haqq\u0131nda h\u00f6rm\u0259tl\u0259 dan\u0131\u015f\u0131rlar.<\/p>\n<p>&nbsp;<\/p>\n<p><strong>1985-ci ild\u0259 \u00e7\u0259kil\u0259n \u0259sg\u0259rlik fotosu<\/strong><\/p>\n<p><img src=\"https:\/\/admin.modern.az\/file\/articles\/2022\/02\/21\/1645430078_basliqsiz-dizayn-21.png\" alt=\"\" \/><\/p>\n<p>&nbsp;<\/p>\n<p><b>&#8211; Y\u0259qin ki, d\u00f6y\u00fc\u015f\u0259 yolland\u0131\u011f\u0131 g\u00fcn yad\u0131n\u0131zdad\u0131r.\u00a0Sizinl\u0259 sa\u011folla\u015fanda son s\u00f6z\u00fc n\u0259 olmu\u015fdu?<\/b><\/p>\n<p>&nbsp;<\/p>\n<p><b>Anas\u0131:<\/b>\u00a0Bala, getm\u0259 demi\u015fdim. Deyirdi ki, \u201cana, m\u0259n getm\u0259yim, kim getsin b\u0259s. Bu v\u0259t\u0259nin o\u011fluyuq, u\u011frunda can\u0131m\u0131z\u0131 bel\u0259 verm\u0259liyik\u201d. V\u0259t\u0259n \u00fc\u00e7\u00fcn g\u00f6z\u00fcn\u00fc yummadan getdi, amma h\u0259l\u0259 d\u0259 d\u00f6nm\u0259yib.<\/p>\n<p>&nbsp;<\/p>\n<p><b>Xalas\u0131 q<\/b><b>\u0131z\u0131<\/b><b>:\u00a0<\/b>T\u0259kc\u0259 K\u0259lb\u0259c\u0259rd\u0259 d\u00f6y\u00fc\u015fm\u0259mi\u015fdi, La\u00e7\u0131n\u0131n Hocaz\u00a0k\u0259ndind\u0259 d\u0259 vuru\u015fmu\u015fdu.\u00a0Xalidgil Murovda erm\u0259ni polkovnikini \u0259sir g\u00f6t\u00fcrm\u00fc\u015fd\u00fcl\u0259r, ma\u015f\u0131n\u0131n\u00a0i\u00e7i\u00a0silah v\u0259 pulla dolu olub. Deyil\u0259nl\u0259r\u0259 g\u00f6r\u0259, bundan\u00a0sonra erm\u0259nil\u0259r onlar\u0131 \u00e7ox h\u0259d\u0259l\u0259yirmi\u015fl\u0259r.<\/p>\n<p>&nbsp;<\/p>\n<p>\u0130ndiki kimi yad\u0131mdad\u0131r 1994-c\u00fc il yanvar\u0131n 31-i\u00a0gec\u0259 saat 12-d\u0259 Xalidi G\u0259nc\u0259y\u0259 yola sald\u0131q. Aya\u011f\u0131n\u0131 Murovda don vurmu\u015fdu, m\u00fcalic\u0259 al\u0131b yenid\u0259n d\u00f6y\u00fc\u015f\u0259 qay\u0131d\u0131rd\u0131. Atam evd\u0259 x\u0259st\u0259 yat\u0131rd\u0131. Xalid ham\u0131 il\u0259 g\u00f6r\u00fc\u015fd\u00fc v\u0259 m\u0259n\u0259 dedi ki, \u201cevd\u0259kil\u0259r\u0259 dem\u0259, m\u0259n K\u0259lb\u0259c\u0259r\u0259 getm\u0259yinc\u0259 qay\u0131tmayacam\u201d.<\/p>\n<p>&nbsp;<\/p>\n<p>Orduda b\u0259zi xo\u015fag\u0259lm\u0259z hadis\u0259l\u0259rin oldu\u011funu da dey\u0259rdi. M\u00fcharib\u0259 bar\u0259d\u0259 g\u00fcnd\u0259lik yazard\u0131. T\u0259\u0259ss\u00fcf ki, g\u00fcnd\u0259liyi La\u00e7\u0131nda qalm\u0131\u015fd\u0131.<\/p>\n<p>&nbsp;<\/p>\n<p><img src=\"https:\/\/admin.modern.az\/file\/articles\/2022\/02\/21\/1645430103_basliqsiz-dizayn-25.png\" alt=\"\" \/><\/p>\n<p>&nbsp;<\/p>\n<p><b>&#8211; Xaliq m\u00fc\u0259llim 28 ildir ki, itkin d\u00fc\u015f\u00fcb. \u0130ndiy\u0259d\u0259k ondan he\u00e7 bir x\u0259b\u0259r ala bilm\u0259misiniz. Lakin \u00fcmid he\u00e7 vaxt \u00f6lm\u00fcr deyirl\u0259r.\u00a0<\/b><\/p>\n<p>&nbsp;<\/p>\n<p><b>Anas\u0131:\u00a0<\/b>O \u00fcmidl\u0259 ya\u015fay\u0131ram ki, bir g\u00fcn balam qap\u0131n\u0131 d\u00f6y\u00fcb i\u00e7\u0259ri gir\u0259c\u0259k. El\u0259\u00a0yad\u0131ma d\u00fc\u015f\u00fcr ki?!\u00a0Torpaqlar al\u0131nan\u00a0g\u00fcnd\u0259n yolunu g\u00f6zl\u0259yir\u0259m. \u0130nan\u0131ram ki,\u00a0g\u0259l\u0259c\u0259k. Yalvar\u0131ram Allaha, ham\u0131n\u0131n balas\u0131 g\u0259lsin, m\u0259nim d\u0259 balam onlar\u0131n i\u00e7ind\u0259.<\/p>\n<p>&nbsp;<\/p>\n<p>Bir d\u0259f\u0259 yuxuda g\u00f6rd\u00fcm ki, girovlar ham\u0131s\u0131 qay\u0131d\u0131b g\u0259lir. Sonra g\u00f6rm\u00fc\u015fd\u00fcm ki, N\u0259dirxanl\u0131dan d\u00f6y\u00fc\u015f yolda\u015flar\u0131 g\u0259tirib, ba\u015f\u0131na y\u0131\u011f\u0131\u015f\u0131blar. Son vaxtlar yuxular\u0131ma da g\u0259lmirl\u0259r.\u00a0Deyirl\u0259r \u00e7ox a\u011flay\u0131rsan,\u00a0ona g\u00f6r\u0259 d\u0259 g\u00f6zl\u0259rin g\u00f6rm\u00fcr. O\u011flumun\u00a0m\u0259zar\u0131 olsayd\u0131, gedib ziyar\u0259t ed\u0259rdim.\u00a0G\u00f6zl\u0259rim yoldad\u0131r&#8230;<\/p>\n<p>&nbsp;<\/p>\n<p><b>Xalas\u0131 q\u0131z\u0131 H\u0259qiq\u0259t<\/b>: Xalidin yoxlu\u011fu il\u0259 he\u00e7 vaxt\u00a0bar\u0131\u015fmam\u0131\u015f\u0131q. H\u0259mi\u015f\u0259 g\u00f6zl\u0259mi\u015fik, \u00fcmidimizi he\u00e7 vaxt itirm\u0259mi\u015fik. Amma \u00fcr\u0259yimd\u0259 h\u0259r zaman &#8220;Xalid \u0259sir d\u00fc\u015fm\u0259z&#8221; demi\u015f\u0259m. \u00c7\u00fcnki onlar h\u0259mi\u015f\u0259 \u00f6zl\u0259ri il\u0259 \u0259l qumbaras\u0131 g\u0259zdirirdil\u0259r ki, m\u00fchasir\u0259y\u0259 d\u00fc\u015fm\u0259k ehtimal\u0131 olsa, \u00f6zl\u0259rini m\u0259hv etsinl\u0259r.<\/p>\n<p>&nbsp;<\/p>\n<p>\u0130nsan \u00fcr\u0259yinin d\u0259rinliyind\u0259 bir \u00fcmid olur,\u00a0ist\u0259s\u0259n bel\u0259 o \u00fcmidi \u00f6ld\u00fcr\u0259 bilmirs\u0259n. Samaya ana da q\u0259lbind\u0259 ki, o\u011flu il\u0259 ba\u011fl\u0131\u00a0\u00fcmidi itirmir, ona tutunub ya\u015fay\u0131r&#8230;<\/p>\n<div class=\"newin_manshet clearfix\">\n<div class=\"demo-gallery clearfix\">\n<p>&nbsp;<\/p>\n<\/div>\n<\/div>\n","protected":false},"excerpt":{"rendered":"<p>1994-c\u00fc ilin 12 fevral tarixind\u0259\u00a0i\u015f\u011fal\u00e7\u0131 erm\u0259nil\u0259r rus h\u0259rb\u00e7il\u0259rinin\u00a0d\u0259st\u0259yi il\u0259 Az\u0259rbaycan ordusuna qar\u015f\u0131 \u0259ks h\u0259ml\u0259 t\u0259\u015fkil edirl\u0259r. Bu zaman Az\u0259rbaycan t\u0259r\u0259fi\u00a0a\u011f\u0131r itkil\u0259r verir. \u0130tkil\u0259rin artmas\u0131n\u0131n\u00a0s\u0259b\u0259bl\u0259rind\u0259n biri d\u0259 \u015faxtal\u0131 hava v\u0259 qar u\u00e7qunlar\u0131 idi. &nbsp; Fevral\u0131n 18-d\u0259\u00a0ordu \u00d6m\u0259r a\u015f\u0131r\u0131m\u0131 il\u0259 geri \u00e7\u0259kilm\u0259li olur. \u0130ki briqada m\u00fchasir\u0259y\u0259 d\u00fc\u015f\u00fcr. \u00d6m\u0259r a\u015f\u0131r\u0131m\u0131 u\u011frunda d\u00f6y\u00fc\u015fd\u0259 rus m\u0259nb\u0259l\u0259rinin m\u0259lumat\u0131na g\u00f6r\u0259, Az\u0259rbaycan ordusu 4000 \u0259sg\u0259r, erm\u0259ni t\u0259r\u0259fi is\u0259 2000 itki vermi\u015fdi. Bu \u0259m\u0259liyyat\u00a0Az\u0259rbaycan tarixin\u0259 Qaraba\u011f m\u00fcharib\u0259si d\u00f6vr\u00fcnd\u0259 \u0259n b\u00f6y\u00fck itki veril\u0259n d\u00f6y\u00fc\u015f kimi d\u00fc\u015f\u00fcr.\u00a0 Az\u0259rbaycan t\u0259r\u0259finin \u00e7oxlu sayda \u0259sg\u0259r itirm\u0259si o zamanlar gizli saxlan\u0131l\u0131rd\u0131&#8230; &nbsp; \u0130tkinl\u0259rimiz haqq\u0131nda yaz\u0131lan&hellip;<\/p>\n","protected":false},"author":2,"featured_media":441794,"comment_status":"closed","ping_status":"closed","sticky":false,"template":"","format":"standard","meta":{"om_disable_all_campaigns":false,"_monsterinsights_skip_tracking":false,"_monsterinsights_sitenote_active":false,"_monsterinsights_sitenote_note":"","_monsterinsights_sitenote_category":0},"categories":[1],"tags":[],"aioseo_notices":[],"gutentor_comment":0,"rttpg_featured_image_url":{"full":["https:\/\/arantv.az\/wp-content\/uploads\/2022\/02\/1645430170_basliqsiz-dizayn-16.png",760,500,false],"landscape":["https:\/\/arantv.az\/wp-content\/uploads\/2022\/02\/1645430170_basliqsiz-dizayn-16.png",760,500,false],"portraits":["https:\/\/arantv.az\/wp-content\/uploads\/2022\/02\/1645430170_basliqsiz-dizayn-16.png",760,500,false],"thumbnail":["https:\/\/arantv.az\/wp-content\/uploads\/2022\/02\/1645430170_basliqsiz-dizayn-16-500x280.png",500,280,true],"medium":["https:\/\/arantv.az\/wp-content\/uploads\/2022\/02\/1645430170_basliqsiz-dizayn-16-555x365.png",555,365,true],"large":["https:\/\/arantv.az\/wp-content\/uploads\/2022\/02\/1645430170_basliqsiz-dizayn-16.png",640,421,false],"1536x1536":["https:\/\/arantv.az\/wp-content\/uploads\/2022\/02\/1645430170_basliqsiz-dizayn-16.png",760,500,false],"2048x2048":["https:\/\/arantv.az\/wp-content\/uploads\/2022\/02\/1645430170_basliqsiz-dizayn-16.png",760,500,false],"post-thumbnail":["https:\/\/arantv.az\/wp-content\/uploads\/2022\/02\/1645430170_basliqsiz-dizayn-16-240x172.png",240,172,true],"advps-thumb-one":["https:\/\/arantv.az\/wp-content\/uploads\/2022\/02\/1645430170_basliqsiz-dizayn-16.png",760,500,false]},"rttpg_author":{"display_name":"V\u00fcsal Rafiqo\u011flu","author_link":"https:\/\/arantv.az\/?author=2"},"rttpg_comment":0,"rttpg_category":"<a href=\"https:\/\/arantv.az\/?cat=1\" rel=\"category\">C\u0259miyy\u0259t<\/a>","rttpg_excerpt":"1994-c\u00fc ilin 12 fevral tarixind\u0259\u00a0i\u015f\u011fal\u00e7\u0131 erm\u0259nil\u0259r rus h\u0259rb\u00e7il\u0259rinin\u00a0d\u0259st\u0259yi il\u0259 Az\u0259rbaycan ordusuna qar\u015f\u0131 \u0259ks h\u0259ml\u0259 t\u0259\u015fkil edirl\u0259r. Bu zaman Az\u0259rbaycan t\u0259r\u0259fi\u00a0a\u011f\u0131r itkil\u0259r verir. \u0130tkil\u0259rin artmas\u0131n\u0131n\u00a0s\u0259b\u0259bl\u0259rind\u0259n biri d\u0259 \u015faxtal\u0131 hava v\u0259 qar u\u00e7qunlar\u0131 idi. &nbsp; Fevral\u0131n 18-d\u0259\u00a0ordu \u00d6m\u0259r a\u015f\u0131r\u0131m\u0131 il\u0259 geri \u00e7\u0259kilm\u0259li olur. \u0130ki briqada m\u00fchasir\u0259y\u0259 d\u00fc\u015f\u00fcr. \u00d6m\u0259r a\u015f\u0131r\u0131m\u0131 u\u011frunda d\u00f6y\u00fc\u015fd\u0259 rus m\u0259nb\u0259l\u0259rinin m\u0259lumat\u0131na g\u00f6r\u0259, Az\u0259rbaycan ordusu&hellip;","_links":{"self":[{"href":"https:\/\/arantv.az\/index.php?rest_route=\/wp\/v2\/posts\/441793"}],"collection":[{"href":"https:\/\/arantv.az\/index.php?rest_route=\/wp\/v2\/posts"}],"about":[{"href":"https:\/\/arantv.az\/index.php?rest_route=\/wp\/v2\/types\/post"}],"author":[{"embeddable":true,"href":"https:\/\/arantv.az\/index.php?rest_route=\/wp\/v2\/users\/2"}],"replies":[{"embeddable":true,"href":"https:\/\/arantv.az\/index.php?rest_route=%2Fwp%2Fv2%2Fcomments&post=441793"}],"version-history":[{"count":0,"href":"https:\/\/arantv.az\/index.php?rest_route=\/wp\/v2\/posts\/441793\/revisions"}],"wp:featuredmedia":[{"embeddable":true,"href":"https:\/\/arantv.az\/index.php?rest_route=\/wp\/v2\/media\/441794"}],"wp:attachment":[{"href":"https:\/\/arantv.az\/index.php?rest_route=%2Fwp%2Fv2%2Fmedia&parent=441793"}],"wp:term":[{"taxonomy":"category","embeddable":true,"href":"https:\/\/arantv.az\/index.php?rest_route=%2Fwp%2Fv2%2Fcategories&post=441793"},{"taxonomy":"post_tag","embeddable":true,"href":"https:\/\/arantv.az\/index.php?rest_route=%2Fwp%2Fv2%2Ftags&post=441793"}],"curies":[{"name":"wp","href":"https:\/\/api.w.org\/{rel}","templated":true}]}}