{"id":441796,"date":"2022-02-21T14:27:49","date_gmt":"2022-02-21T11:27:49","guid":{"rendered":"http:\/\/arantv.az\/?p=441796"},"modified":"2022-02-21T14:27:49","modified_gmt":"2022-02-21T11:27:49","slug":"birinci-vitse-prezidentlik-institutunun-yaradilmasi-az%c9%99rbaycanin-muasir-demokratik-simasinin-yeni-v%c9%99-mut%c9%99r%c9%99qqi-%c9%99lam%c9%99tidir","status":"publish","type":"post","link":"https:\/\/arantv.az\/?p=441796","title":{"rendered":"Birinci vitse-prezidentlik institutunun yarad\u0131lmas\u0131 Az\u0259rbaycan\u0131n m\u00fcasir, demokratik simas\u0131n\u0131n yeni v\u0259 m\u00fct\u0259r\u0259qqi \u0259lam\u0259tidir"},"content":{"rendered":"<p>\u201cD\u00f6vl\u0259t idar\u0259\u00e7ilik sistemind\u0259 yeni t\u0259sisatlar\u0131n yarad\u0131lmas\u0131 Prezident \u0130lham \u018fliyevin islahatlar kursunun t\u0259zah\u00fcr\u00fcd\u00fcr. X\u00fcsusil\u0259 d\u0259, d\u00f6vl\u0259t idar\u0259\u00e7iliyind\u0259 funksional vahid kimi Birinci vitse-prezidentlik institutunun yarad\u0131lmas\u0131 Az\u0259rbaycan\u0131n m\u00fcasir, demokratik simas\u0131n\u0131n yeni v\u0259 m\u00fct\u0259r\u0259qqi \u0259lam\u0259tidir. Eyni zamanda, Birinci vitse-prezidentlik institutunun t\u0259sis olunmas\u0131 d\u00f6vl\u0259t idar\u0259\u00e7ilik sisteminin t\u0259kmill\u0259\u015fdirilm\u0259sin\u0259 xidm\u0259t ed\u0259n m\u00fch\u00fcm add\u0131md\u0131r. \u00d6t\u0259n m\u00fcdd\u0259t \u0259rzind\u0259 \u0259ld\u0259 olunmu\u015f m\u00fcsb\u0259t n\u0259tic\u0259l\u0259ri n\u0259z\u0259r\u0259 alaraq, \u0259minlikl\u0259 dey\u0259 bil\u0259rik ki, Birinci vitse-prezidentlik institutu idar\u0259etm\u0259nin s\u0259m\u0259r\u0259lilik v\u0259 \u00e7evikliyini art\u0131r\u0131b. Bu m\u0259nada, Birinci vitse-prezidentlik institutunun t\u0259sis olunmas\u0131 demokratik d\u0259yi\u015fiklikl\u0259r\u0259 h\u00fcquqi \u0259saslar yarad\u0131lmas\u0131n\u0131 \u00f6z\u00fcnd\u0259 ehtiva ed\u0259n siyasi islahatlar\u0131n t\u0259rkib hiss\u0259sidir\u201d.<\/p>\n<p>Newscenter.az x\u0259b\u0259r verir ki, bunu Yeni Az\u0259rbaycan Partiyas\u0131 Nizami rayon t\u0259\u015fkilat\u0131n\u0131n s\u0259dri Ramil V\u0259lib\u0259yov deyib.<\/p>\n<p>Ramil V\u0259lib\u0259yov bildirib ki, Mehriban xan\u0131m \u018fliyevan\u0131n Az\u0259rbaycan Respublikas\u0131n\u0131n Birinci vitse-prezidenti t\u0259yin olunmas\u0131 \u00f6lk\u0259nin m\u00fcasir tarixinin m\u00fch\u00fcm hadis\u0259si idi:<\/p>\n<p>\u201cT\u0259sad\u00fcfi deyil ki, bu g\u00fcn Birinci vitse-prezidentlik institutu funksional siyasi t\u0259sisat kimi u\u011furla f\u0259aliyy\u0259t g\u00f6st\u0259rir. M\u0259hz, Mehriban xan\u0131m \u018fliyevan\u0131n Birinci vitse-prezidentlik f\u0259aliyy\u0259ti d\u00f6vl\u0259t idar\u0259\u00e7ilik sistemin\u0259 m\u00fcasirlik qat\u0131b v\u0259 pe\u015f\u0259karl\u0131q amilinin aktuall\u0131\u011f\u0131n\u0131 art\u0131r\u0131b. T\u0259bii ki, burada Birinci vitse-prezident Mehriban xan\u0131m \u018fliyevan\u0131n xarizmas\u0131, y\u00fcks\u0259k idar\u0259\u00e7ilik t\u0259cr\u00fcb\u0259si m\u00fch\u00fcm rol oynay\u0131b. El\u0259 Mehriban xan\u0131m \u018fliyevan\u0131n Birinci vitse-prezident kimi \u00f6z ilk m\u00fc\u015favir\u0259sini m\u0259cburi k\u00f6\u00e7k\u00fcn soyda\u015flar\u0131m\u0131z\u0131n probleml\u0259rin\u0259 h\u0259sr etm\u0259si d\u0259 onu isbatlay\u0131r ki, bu institut \u00f6lk\u0259mizin ictimai-siyasi v\u0259 sosial h\u0259yat\u0131n\u0131n \u00f6n\u0259mli faktoruna \u00e7evrilib\u201d.<\/p>\n<p>\u201cMehriban xan\u0131m \u018fliyeva d\u00f6vl\u0259t idar\u0259etm\u0259sind\u0259 \u00e7eviklik v\u0259 effektivlik namin\u0259 b\u00fct\u00fcn potensial\u0131n s\u0259f\u0259rb\u0259r olunmas\u0131n\u0131, habel\u0259 u\u011furlu beyn\u0259lxalq t\u0259cr\u00fcb\u0259 n\u00fcmun\u0259l\u0259rind\u0259n istifad\u0259ni t\u0259min edib\u201d &#8211; dey\u0259n Ramil V\u0259lib\u0259yov \u0259lav\u0259 edib ki, Mehriban xan\u0131m \u018fliyevan\u0131n timsal\u0131nda Az\u0259rbaycan qad\u0131n\u0131n f\u0259al ictimai-siyasi v\u0259t\u0259nda\u015f v\u0259 pe\u015f\u0259kar d\u00f6vl\u0259t xadimi obraz\u0131 formala\u015f\u0131b:<\/p>\n<p>\u201cMehriban xan\u0131m \u018fliyeva uzun ill\u0259r \u0259rzind\u0259 \u00e7oxsayl\u0131 n\u00fcfuzlu beyn\u0259lxalq m\u00fckafatlar il\u0259 t\u0259ltif olunub. Lakin onun \u0259n b\u00f6y\u00fck m\u00fckafat\u0131 Az\u0259rbaycan xalq\u0131n\u0131n r\u0259\u011fb\u0259ti v\u0259 sevgisidir. He\u00e7 \u015f\u00fcbh\u0259siz ki, Mehriban xan\u0131m \u018fliyevan\u0131n \u00e7ox\u015fax\u0259li f\u0259aliyy\u0259tin\u0259 g\u00f6r\u0259 layiq g\u00f6r\u00fclm\u00fc\u015f t\u0259ltifl\u0259rinin h\u0259r birinin arxas\u0131nda bilik, a\u011f\u0131l v\u0259 irad\u0259, pe\u015f\u0259karl\u0131q v\u0259 t\u0259cr\u00fcb\u0259, prinsipiall\u0131q v\u0259 xeyirxahl\u0131q, \u0259n \u0259sas\u0131 xalq\u0131na, d\u00f6vl\u0259tin\u0259, insanl\u0131\u011fa, b\u0259\u015f\u0259riyy\u0259t\u0259 sevgi dayan\u0131r. Beyn\u0259lxalq ictimaiyy\u0259t Birinci vitse-prezident Mehriban xan\u0131m \u018fliyevan\u0131 d\u00fcnyan\u0131n \u0259n n\u00fcfuzlu qad\u0131n siyas\u0259t\u00e7il\u0259rind\u0259n biri kimi s\u0259ciyy\u0259l\u0259ndirir. Eyni zamanda, Mehriban xan\u0131m \u018fliyevan\u0131n Yeni Az\u0259rbaycan Partiyas\u0131 S\u0259drinin birinci m\u00fcavini t\u0259yin edilm\u0259si d\u0259 onun Ulu \u00d6nd\u0259r Heyd\u0259r \u018fliyevin siyasi irsin\u0259 sadiqliyinin v\u0259 Az\u0259rbaycan\u0131n d\u00f6vl\u0259t siyas\u0259tind\u0259 qad\u0131na g\u00f6st\u0259ril\u0259n x\u00fcsusi diqq\u0259tin t\u0259c\u0259ss\u00fcm\u00fc idi\u201d.<\/p>\n<p>Ramil V\u0259lib\u0259yov vur\u011fulay\u0131b ki, Mehriban xan\u0131m \u018fliyeva h\u0259r zaman c\u0259miyy\u0259tin h\u0259ssas t\u0259b\u0259q\u0259l\u0259rinin probleml\u0259rini h\u0259ll etm\u0259y\u0259, ana n\u0259vazi\u015fin\u0259 ehtiyac duyan u\u015faqlar\u0131 sevindirm\u0259y\u0259, z\u0259ngin m\u0259d\u0259niyy\u0259timizi t\u0259bli\u011f etm\u0259y\u0259, m\u00fcxt\u0259lif istiqam\u0259tl\u0259rd\u0259 yeni layih\u0259l\u0259r realla\u015fd\u0131rma\u011fa b\u00f6y\u00fck s\u0259y g\u00f6st\u0259rib:<\/p>\n<p>\u201cMehriban xan\u0131m \u018fliyevan\u0131n t\u0259\u015f\u0259bb\u00fcs\u00fc il\u0259 \u00f6lk\u0259 \u0259halisinin b\u0259rab\u0259r, \u0259l\u00e7atan v\u0259 keyfiyy\u0259tli t\u0259hsill\u0259 t\u0259min olunmas\u0131 istiqam\u0259tind\u0259 realla\u015fan layih\u0259l\u0259r t\u0259hsild\u0259 demokratik prinsipin ya\u015fad\u0131lmas\u0131n\u0131 t\u0259min edib. Az\u0259rbaycan\u0131n Birinci vitse-prezidenti \u00f6lk\u0259 \u0259halisinin sa\u011flaml\u0131\u011f\u0131n\u0131n qorunmas\u0131 namin\u0259 daim m\u00fcxt\u0259lif t\u0259\u015f\u0259bb\u00fcsl\u0259rl\u0259 \u00e7\u0131x\u0131\u015f edib v\u0259 sosial bax\u0131mdan h\u0259ssas \u0259hali qruplar\u0131n\u0131n probleml\u0259rinin h\u0259lli istiqam\u0259tind\u0259 t\u0259dbirl\u0259r g\u00f6r\u00fcb. Az\u0259rbaycan xalq\u0131n\u0131n yaratd\u0131\u011f\u0131 milli m\u0259d\u0259niyy\u0259t v\u0259 inc\u0259s\u0259n\u0259t n\u00fcmun\u0259l\u0259rinin d\u00fcnyada tan\u0131d\u0131lmas\u0131 istiqam\u0259tind\u0259 layih\u0259l\u0259ri realla\u015fd\u0131r\u0131b. \u00d6lk\u0259d\u0259 idman h\u0259r\u0259kat\u0131n\u0131n davaml\u0131l\u0131\u011f\u0131n\u0131 t\u0259min edib, ekoloji probleml\u0259rin h\u0259llin\u0259 d\u0259st\u0259k g\u00f6st\u0259rib, i\u015f\u011faldan azad olunan torpaqlar\u0131n b\u0259rpas\u0131nda humanitar missiyan\u0131 h\u0259yata ke\u00e7irir, Qaraba\u011f m\u00fcharib\u0259si \u015f\u0259hidl\u0259rinin \u00f6vladlar\u0131, valideynl\u0259ri v\u0259 do\u011fmalar\u0131na x\u00fcsusi diqq\u0259t v\u0259 qay\u011f\u0131 g\u00f6st\u0259rir. Mehriban xan\u0131m \u018fliyeva \u00f6lk\u0259mizd\u0259ki qad\u0131n h\u0259r\u0259kat\u0131 tarixind\u0259 ilk \u015f\u0259xsiyy\u0259tdir ki, maarif\u00e7ilikd\u0259n s\u0259hiyy\u0259y\u0259, idmandan m\u0259d\u0259niyy\u0259timizin t\u0259bli\u011fin\u0259, xeyriyy\u0259\u00e7ilikd\u0259n \u0259traf m\u00fchitin qorunmas\u0131na q\u0259d\u0259r geni\u015f bir f\u0259aliyy\u0259t m\u0259kan\u0131n\u0131 \u0259hat\u0259 edir. Bir s\u00f6zl\u0259, Mehriban xan\u0131m \u018fliyeva \u00f6z\u00fcn\u00fcn \u00e7ox\u015fax\u0259li f\u0259aliyy\u0259tini tarixi v\u0259 milli-m\u0259n\u0259vi d\u0259y\u0259rl\u0259r\u0259 sadiqlik, xalq\u0131n r\u0259\u011fb\u0259t v\u0259 sevgisi \u00fcz\u0259rind\u0259 qurub. B\u00fct\u00fcn varl\u0131\u011f\u0131 v\u0259 \u0259zmkar f\u0259aliyy\u0259ti il\u0259 Az\u0259rbaycan\u00e7\u0131l\u0131q ideologiyas\u0131na xidm\u0259t ed\u0259n Mehriban xan\u0131m \u018fliyeva d\u00f6vl\u0259t\u00e7iliyin qorunmas\u0131 v\u0259 q\u00fcdr\u0259tl\u0259nm\u0259si namin\u0259 bu g\u00fcn d\u0259 u\u011furla f\u0259aliyy\u0259t g\u00f6st\u0259rir\u201d.<\/p>\n","protected":false},"excerpt":{"rendered":"<p>\u201cD\u00f6vl\u0259t idar\u0259\u00e7ilik sistemind\u0259 yeni t\u0259sisatlar\u0131n yarad\u0131lmas\u0131 Prezident \u0130lham \u018fliyevin islahatlar kursunun t\u0259zah\u00fcr\u00fcd\u00fcr. X\u00fcsusil\u0259 d\u0259, d\u00f6vl\u0259t idar\u0259\u00e7iliyind\u0259 funksional vahid kimi Birinci vitse-prezidentlik institutunun yarad\u0131lmas\u0131 Az\u0259rbaycan\u0131n m\u00fcasir, demokratik simas\u0131n\u0131n yeni v\u0259 m\u00fct\u0259r\u0259qqi \u0259lam\u0259tidir. Eyni zamanda, Birinci vitse-prezidentlik institutunun t\u0259sis olunmas\u0131 d\u00f6vl\u0259t idar\u0259\u00e7ilik sisteminin t\u0259kmill\u0259\u015fdirilm\u0259sin\u0259 xidm\u0259t ed\u0259n m\u00fch\u00fcm add\u0131md\u0131r. \u00d6t\u0259n m\u00fcdd\u0259t \u0259rzind\u0259 \u0259ld\u0259 olunmu\u015f m\u00fcsb\u0259t n\u0259tic\u0259l\u0259ri n\u0259z\u0259r\u0259 alaraq, \u0259minlikl\u0259 dey\u0259 bil\u0259rik ki, Birinci vitse-prezidentlik institutu idar\u0259etm\u0259nin s\u0259m\u0259r\u0259lilik v\u0259 \u00e7evikliyini art\u0131r\u0131b. Bu m\u0259nada, Birinci vitse-prezidentlik institutunun t\u0259sis olunmas\u0131 demokratik d\u0259yi\u015fiklikl\u0259r\u0259 h\u00fcquqi \u0259saslar yarad\u0131lmas\u0131n\u0131 \u00f6z\u00fcnd\u0259 ehtiva ed\u0259n siyasi islahatlar\u0131n t\u0259rkib hiss\u0259sidir\u201d. Newscenter.az x\u0259b\u0259r verir ki,&hellip;<\/p>\n","protected":false},"author":2,"featured_media":441797,"comment_status":"closed","ping_status":"closed","sticky":false,"template":"","format":"standard","meta":{"om_disable_all_campaigns":false,"_monsterinsights_skip_tracking":false,"_monsterinsights_sitenote_active":false,"_monsterinsights_sitenote_note":"","_monsterinsights_sitenote_category":0},"categories":[19],"tags":[],"aioseo_notices":[],"gutentor_comment":0,"rttpg_featured_image_url":{"full":["https:\/\/arantv.az\/wp-content\/uploads\/2022\/02\/1645426330_ramil-velibeyov-45.jpg",450,299,false],"landscape":["https:\/\/arantv.az\/wp-content\/uploads\/2022\/02\/1645426330_ramil-velibeyov-45.jpg",450,299,false],"portraits":["https:\/\/arantv.az\/wp-content\/uploads\/2022\/02\/1645426330_ramil-velibeyov-45.jpg",450,299,false],"thumbnail":["https:\/\/arantv.az\/wp-content\/uploads\/2022\/02\/1645426330_ramil-velibeyov-45-450x280.jpg",450,280,true],"medium":["https:\/\/arantv.az\/wp-content\/uploads\/2022\/02\/1645426330_ramil-velibeyov-45.jpg",450,299,false],"large":["https:\/\/arantv.az\/wp-content\/uploads\/2022\/02\/1645426330_ramil-velibeyov-45.jpg",450,299,false],"1536x1536":["https:\/\/arantv.az\/wp-content\/uploads\/2022\/02\/1645426330_ramil-velibeyov-45.jpg",450,299,false],"2048x2048":["https:\/\/arantv.az\/wp-content\/uploads\/2022\/02\/1645426330_ramil-velibeyov-45.jpg",450,299,false],"post-thumbnail":["https:\/\/arantv.az\/wp-content\/uploads\/2022\/02\/1645426330_ramil-velibeyov-45-240x172.jpg",240,172,true],"advps-thumb-one":["https:\/\/arantv.az\/wp-content\/uploads\/2022\/02\/1645426330_ramil-velibeyov-45.jpg",450,299,false]},"rttpg_author":{"display_name":"V\u00fcsal Rafiqo\u011flu","author_link":"https:\/\/arantv.az\/?author=2"},"rttpg_comment":0,"rttpg_category":"<a href=\"https:\/\/arantv.az\/?cat=19\" rel=\"category\">G\u00fcnd\u0259m<\/a>","rttpg_excerpt":"\u201cD\u00f6vl\u0259t idar\u0259\u00e7ilik sistemind\u0259 yeni t\u0259sisatlar\u0131n yarad\u0131lmas\u0131 Prezident \u0130lham \u018fliyevin islahatlar kursunun t\u0259zah\u00fcr\u00fcd\u00fcr. X\u00fcsusil\u0259 d\u0259, d\u00f6vl\u0259t idar\u0259\u00e7iliyind\u0259 funksional vahid kimi Birinci vitse-prezidentlik institutunun yarad\u0131lmas\u0131 Az\u0259rbaycan\u0131n m\u00fcasir, demokratik simas\u0131n\u0131n yeni v\u0259 m\u00fct\u0259r\u0259qqi \u0259lam\u0259tidir. Eyni zamanda, Birinci vitse-prezidentlik institutunun t\u0259sis olunmas\u0131 d\u00f6vl\u0259t idar\u0259\u00e7ilik sisteminin t\u0259kmill\u0259\u015fdirilm\u0259sin\u0259 xidm\u0259t ed\u0259n m\u00fch\u00fcm add\u0131md\u0131r. \u00d6t\u0259n m\u00fcdd\u0259t \u0259rzind\u0259 \u0259ld\u0259 olunmu\u015f m\u00fcsb\u0259t n\u0259tic\u0259l\u0259ri n\u0259z\u0259r\u0259 alaraq,&hellip;","_links":{"self":[{"href":"https:\/\/arantv.az\/index.php?rest_route=\/wp\/v2\/posts\/441796"}],"collection":[{"href":"https:\/\/arantv.az\/index.php?rest_route=\/wp\/v2\/posts"}],"about":[{"href":"https:\/\/arantv.az\/index.php?rest_route=\/wp\/v2\/types\/post"}],"author":[{"embeddable":true,"href":"https:\/\/arantv.az\/index.php?rest_route=\/wp\/v2\/users\/2"}],"replies":[{"embeddable":true,"href":"https:\/\/arantv.az\/index.php?rest_route=%2Fwp%2Fv2%2Fcomments&post=441796"}],"version-history":[{"count":0,"href":"https:\/\/arantv.az\/index.php?rest_route=\/wp\/v2\/posts\/441796\/revisions"}],"wp:featuredmedia":[{"embeddable":true,"href":"https:\/\/arantv.az\/index.php?rest_route=\/wp\/v2\/media\/441797"}],"wp:attachment":[{"href":"https:\/\/arantv.az\/index.php?rest_route=%2Fwp%2Fv2%2Fmedia&parent=441796"}],"wp:term":[{"taxonomy":"category","embeddable":true,"href":"https:\/\/arantv.az\/index.php?rest_route=%2Fwp%2Fv2%2Fcategories&post=441796"},{"taxonomy":"post_tag","embeddable":true,"href":"https:\/\/arantv.az\/index.php?rest_route=%2Fwp%2Fv2%2Ftags&post=441796"}],"curies":[{"name":"wp","href":"https:\/\/api.w.org\/{rel}","templated":true}]}}