{"id":441799,"date":"2022-02-21T14:30:58","date_gmt":"2022-02-21T11:30:58","guid":{"rendered":"http:\/\/arantv.az\/?p=441799"},"modified":"2022-02-21T14:30:58","modified_gmt":"2022-02-21T11:30:58","slug":"avstriya-prezidentind%c9%99n-ilham-%c9%99liyev%c9%99-t%c9%99brik-m%c9%99ktubu","status":"publish","type":"post","link":"https:\/\/arantv.az\/?p=441799","title":{"rendered":"Avstriya Prezidentind\u0259n \u0130lham \u018fliyev\u0259 t\u0259brik m\u0259ktubu"},"content":{"rendered":"<p>Avstriya Respublikas\u0131n\u0131n Federal Prezidenti Aleksander Van der Bellen Az\u0259rbaycan Respublikas\u0131n\u0131n Prezident \u0130lham \u018fliyev\u0259 t\u0259brik \u00fcnvanlay\u0131b.<\/p>\n<p><a href=\"https:\/\/president.az\/az\/articles\/view\/55485\" target=\"_blank\" rel=\"noopener\">Prezident.az<\/a>\u00a0x\u0259b\u0259r verir ki, m\u0259ktubda deyilir:<\/p>\n<div class=\"AdviadNativeVideo\"><\/div>\n<p>\u201cAvstriya Respublikas\u0131 il\u0259 Az\u0259rbaycan Respublikas\u0131 aras\u0131nda diplomatik \u0259laq\u0259l\u0259rin qurulmas\u0131n\u0131n 30-cu ild\u00f6n\u00fcm\u00fc m\u00fcnasib\u0259til\u0259 Siz\u0259 s\u0259mimi t\u0259brikl\u0259rimi v\u0259 \u0259n xo\u015f arzular\u0131m\u0131 \u00e7atd\u0131r\u0131ram.<\/p>\n<p>Avstriya \u00f6t\u0259n 30 il \u0259rzind\u0259 \u00f6lk\u0259l\u0259rimiz aras\u0131ndak\u0131 m\u00fcnasib\u0259tl\u0259rin inki\u015faf\u0131n\u0131 \u00e7ox q\u0259na\u0259tb\u0259x\u015f hesab edir v\u0259 bu \u0259laq\u0259l\u0259r qar\u015f\u0131l\u0131ql\u0131 h\u00f6rm\u0259t\u0259 v\u0259 \u0259m\u0259kda\u015fl\u0131\u011fa \u0259saslan\u0131r.<\/p>\n<p>\u00dcmidvaram ki, biz birlikd\u0259 \u00f6lk\u0259l\u0259rimiz aras\u0131ndak\u0131 dostluq \u0259laq\u0259l\u0259rini siyasi, iqtisadi v\u0259 m\u0259d\u0259ni m\u00fcst\u0259vid\u0259 daha da d\u0259rinl\u0259\u015fdir\u0259 v\u0259 inki\u015faf etdir\u0259 bil\u0259c\u0259yik.<\/p>\n<p>Siz\u0259 d\u00f6vl\u0259ti f\u0259aliyy\u0259tinizd\u0259 u\u011furlar, Az\u0259rbaycan xalq\u0131na g\u00f6z\u0259l v\u0259 firavan g\u0259l\u0259c\u0259k arzulay\u0131ram\u201d.<\/p>\n","protected":false},"excerpt":{"rendered":"<p>Avstriya Respublikas\u0131n\u0131n Federal Prezidenti Aleksander Van der Bellen Az\u0259rbaycan Respublikas\u0131n\u0131n Prezident \u0130lham \u018fliyev\u0259 t\u0259brik \u00fcnvanlay\u0131b. Prezident.az\u00a0x\u0259b\u0259r verir ki, m\u0259ktubda deyilir: \u201cAvstriya Respublikas\u0131 il\u0259 Az\u0259rbaycan Respublikas\u0131 aras\u0131nda diplomatik \u0259laq\u0259l\u0259rin qurulmas\u0131n\u0131n 30-cu ild\u00f6n\u00fcm\u00fc m\u00fcnasib\u0259til\u0259 Siz\u0259 s\u0259mimi t\u0259brikl\u0259rimi v\u0259 \u0259n xo\u015f arzular\u0131m\u0131 \u00e7atd\u0131r\u0131ram. Avstriya \u00f6t\u0259n 30 il \u0259rzind\u0259 \u00f6lk\u0259l\u0259rimiz aras\u0131ndak\u0131 m\u00fcnasib\u0259tl\u0259rin inki\u015faf\u0131n\u0131 \u00e7ox q\u0259na\u0259tb\u0259x\u015f hesab edir v\u0259 bu \u0259laq\u0259l\u0259r qar\u015f\u0131l\u0131ql\u0131 h\u00f6rm\u0259t\u0259 v\u0259 \u0259m\u0259kda\u015fl\u0131\u011fa \u0259saslan\u0131r. \u00dcmidvaram ki, biz birlikd\u0259 \u00f6lk\u0259l\u0259rimiz aras\u0131ndak\u0131 dostluq \u0259laq\u0259l\u0259rini siyasi, iqtisadi v\u0259 m\u0259d\u0259ni m\u00fcst\u0259vid\u0259 daha da d\u0259rinl\u0259\u015fdir\u0259 v\u0259 inki\u015faf etdir\u0259 bil\u0259c\u0259yik. Siz\u0259 d\u00f6vl\u0259ti f\u0259aliyy\u0259tinizd\u0259 u\u011furlar, Az\u0259rbaycan xalq\u0131na g\u00f6z\u0259l v\u0259 firavan&hellip;<\/p>\n","protected":false},"author":2,"featured_media":441800,"comment_status":"closed","ping_status":"closed","sticky":false,"template":"","format":"standard","meta":{"om_disable_all_campaigns":false,"_monsterinsights_skip_tracking":false,"_monsterinsights_sitenote_active":false,"_monsterinsights_sitenote_note":"","_monsterinsights_sitenote_category":0},"categories":[4],"tags":[],"aioseo_notices":[],"gutentor_comment":0,"rttpg_featured_image_url":{"full":["https:\/\/arantv.az\/wp-content\/uploads\/2022\/02\/Alexander_Van_der_Bellen_2_13-07-2021.jpg",620,413,false],"landscape":["https:\/\/arantv.az\/wp-content\/uploads\/2022\/02\/Alexander_Van_der_Bellen_2_13-07-2021.jpg",620,413,false],"portraits":["https:\/\/arantv.az\/wp-content\/uploads\/2022\/02\/Alexander_Van_der_Bellen_2_13-07-2021.jpg",620,413,false],"thumbnail":["https:\/\/arantv.az\/wp-content\/uploads\/2022\/02\/Alexander_Van_der_Bellen_2_13-07-2021-500x280.jpg",500,280,true],"medium":["https:\/\/arantv.az\/wp-content\/uploads\/2022\/02\/Alexander_Van_der_Bellen_2_13-07-2021-548x365.jpg",548,365,true],"large":["https:\/\/arantv.az\/wp-content\/uploads\/2022\/02\/Alexander_Van_der_Bellen_2_13-07-2021.jpg",620,413,false],"1536x1536":["https:\/\/arantv.az\/wp-content\/uploads\/2022\/02\/Alexander_Van_der_Bellen_2_13-07-2021.jpg",620,413,false],"2048x2048":["https:\/\/arantv.az\/wp-content\/uploads\/2022\/02\/Alexander_Van_der_Bellen_2_13-07-2021.jpg",620,413,false],"post-thumbnail":["https:\/\/arantv.az\/wp-content\/uploads\/2022\/02\/Alexander_Van_der_Bellen_2_13-07-2021-240x172.jpg",240,172,true],"advps-thumb-one":["https:\/\/arantv.az\/wp-content\/uploads\/2022\/02\/Alexander_Van_der_Bellen_2_13-07-2021.jpg",620,413,false]},"rttpg_author":{"display_name":"V\u00fcsal Rafiqo\u011flu","author_link":"https:\/\/arantv.az\/?author=2"},"rttpg_comment":0,"rttpg_category":"<a href=\"https:\/\/arantv.az\/?cat=4\" rel=\"category\">Siyas\u0259t<\/a>","rttpg_excerpt":"Avstriya Respublikas\u0131n\u0131n Federal Prezidenti Aleksander Van der Bellen Az\u0259rbaycan Respublikas\u0131n\u0131n Prezident \u0130lham \u018fliyev\u0259 t\u0259brik \u00fcnvanlay\u0131b. Prezident.az\u00a0x\u0259b\u0259r verir ki, m\u0259ktubda deyilir: \u201cAvstriya Respublikas\u0131 il\u0259 Az\u0259rbaycan Respublikas\u0131 aras\u0131nda diplomatik \u0259laq\u0259l\u0259rin qurulmas\u0131n\u0131n 30-cu ild\u00f6n\u00fcm\u00fc m\u00fcnasib\u0259til\u0259 Siz\u0259 s\u0259mimi t\u0259brikl\u0259rimi v\u0259 \u0259n xo\u015f arzular\u0131m\u0131 \u00e7atd\u0131r\u0131ram. Avstriya \u00f6t\u0259n 30 il \u0259rzind\u0259 \u00f6lk\u0259l\u0259rimiz aras\u0131ndak\u0131 m\u00fcnasib\u0259tl\u0259rin inki\u015faf\u0131n\u0131 \u00e7ox q\u0259na\u0259tb\u0259x\u015f hesab edir v\u0259 bu&hellip;","_links":{"self":[{"href":"https:\/\/arantv.az\/index.php?rest_route=\/wp\/v2\/posts\/441799"}],"collection":[{"href":"https:\/\/arantv.az\/index.php?rest_route=\/wp\/v2\/posts"}],"about":[{"href":"https:\/\/arantv.az\/index.php?rest_route=\/wp\/v2\/types\/post"}],"author":[{"embeddable":true,"href":"https:\/\/arantv.az\/index.php?rest_route=\/wp\/v2\/users\/2"}],"replies":[{"embeddable":true,"href":"https:\/\/arantv.az\/index.php?rest_route=%2Fwp%2Fv2%2Fcomments&post=441799"}],"version-history":[{"count":0,"href":"https:\/\/arantv.az\/index.php?rest_route=\/wp\/v2\/posts\/441799\/revisions"}],"wp:featuredmedia":[{"embeddable":true,"href":"https:\/\/arantv.az\/index.php?rest_route=\/wp\/v2\/media\/441800"}],"wp:attachment":[{"href":"https:\/\/arantv.az\/index.php?rest_route=%2Fwp%2Fv2%2Fmedia&parent=441799"}],"wp:term":[{"taxonomy":"category","embeddable":true,"href":"https:\/\/arantv.az\/index.php?rest_route=%2Fwp%2Fv2%2Fcategories&post=441799"},{"taxonomy":"post_tag","embeddable":true,"href":"https:\/\/arantv.az\/index.php?rest_route=%2Fwp%2Fv2%2Ftags&post=441799"}],"curies":[{"name":"wp","href":"https:\/\/api.w.org\/{rel}","templated":true}]}}