{"id":441807,"date":"2022-02-21T14:39:00","date_gmt":"2022-02-21T11:39:00","guid":{"rendered":"http:\/\/arantv.az\/?p=441807"},"modified":"2022-02-21T14:39:00","modified_gmt":"2022-02-21T11:39:00","slug":"mehriban-xanim-%c9%99liyevanin-f%c9%99aliyy%c9%99tin%c9%99-veril%c9%99n-%c9%99n-yuks%c9%99k-d%c9%99y%c9%99r-xalqimizin-q%c9%99lbind%c9%99-taxt-qurmus-butov-s%c9%99xsiyy%c9%99t-obrazidir","status":"publish","type":"post","link":"https:\/\/arantv.az\/?p=441807","title":{"rendered":"Mehriban xan\u0131m \u018fliyevan\u0131n f\u0259aliyy\u0259tin\u0259 veril\u0259n \u0259n y\u00fcks\u0259k d\u0259y\u0259r xalq\u0131m\u0131z\u0131n q\u0259lbind\u0259 taxt qurmu\u015f b\u00fct\u00f6v \u015f\u0259xsiyy\u0259t obraz\u0131d\u0131r"},"content":{"rendered":"<p><strong>Mehriban \u018fliyeva \u00e7ox pe\u015f\u0259kar, bilikli, t\u0259cr\u00fcb\u0259li, prinsipial, \u00e7ox xeyir\u00adxah bir insand\u0131r. T\u0259sad\u00fcfi deyil ki, Az\u0259rbaycan xalq\u0131 ona b\u00f6y\u00fck r\u0259\u011fb\u0259t v\u0259 sevgi il\u0259 yana\u015f\u0131r.<\/strong><\/p>\n<p><em><strong>\u0130lham \u018fL\u0130YEV,<\/strong><\/em><\/p>\n<p><em><strong>Az\u0259rbaycan Respublikas\u0131n\u0131n Prezidenti<\/strong><\/em><\/p>\n<p>&nbsp;<\/p>\n<p>D\u00f6vl\u0259t idar\u0259\u00e7iliyi sisteminin institusional \u0259saslar\u0131n\u0131n v\u0259 kadr potensial\u0131n\u0131n tarixilik \u0259n\u0259n\u0259l\u0259ri v\u0259 modern trendl\u0259r n\u0259z\u0259r\u0259 al\u0131naraq t\u0259kmill\u0259\u015fdirilm\u0259si c\u0259nab Prezident \u0130lham \u018fliyevin idar\u0259\u00e7iliyinin m\u0259rk\u0259zi x\u0259ttini t\u0259\u015fkil edir. Bu novator yana\u015fmaya v\u0259 inki\u015faf x\u0259ttin\u0259 uy\u011fun olaraq 2016-c\u0131 il sentyabr\u0131n 26-da Prezident \u0130lham \u018fliyevin t\u0259\u015f\u0259bb\u00fcs\u00fc \u0259sas\u0131nda Konstitusiya islahatlar\u0131 il\u0259 ba\u011fl\u0131 ke\u00e7iril\u0259n referendumun n\u0259tic\u0259l\u0259rin\u0259 g\u00f6r\u0259 \u00f6lk\u0259d\u0259 Birinci vitse-prezidentlik institutu yarad\u0131lm\u0131\u015fd\u0131r. Q\u0259dim d\u00f6vl\u0259t\u00e7ilik \u0259n\u0259n\u0259l\u0259rin\u0259 malik olan, habel\u0259 qlobal v\u0259 yenilik\u00e7i \u00e7a\u011f\u0131r\u0131\u015flara adekvat cavab ver\u0259n Az\u0259rbaycan\u0131n m\u00fcasir d\u00f6vl\u0259t idar\u0259\u00e7ilik tarixind\u0259 Birinci vitse-prezidentlik institutunun t\u0259sis olunmas\u0131 d\u00f6vl\u0259t idar\u0259\u00e7ilik sisteminin t\u0259kmill\u0259\u015fdirilm\u0259sin\u0259 xidm\u0259t ed\u0259n vacib add\u0131m oldu. Prezident \u0130lham \u018fliyevin be\u015f il \u00f6nc\u0259, 2017-ci il 21 fevral tarixind\u0259 imzalad\u0131\u011f\u0131 S\u0259r\u0259ncama \u0259sas\u0259n, Mehriban Arif q\u0131z\u0131 \u018fliyevan\u0131n Az\u0259rbaycan Respublikas\u0131n\u0131n Birinci vitse-prezidenti t\u0259yin olunmas\u0131 v\u0259 ill\u0259r \u0259rzind\u0259 g\u00f6r\u00fcl\u0259n i\u015fl\u0259rin n\u0259tic\u0259si bu q\u0259rar\u0131n yerind\u0259 v\u0259 m\u0259qam\u0131nda at\u0131lm\u0131\u015f add\u0131m oldu\u011funu bir daha t\u0259sdiq etm\u0259kl\u0259 yana\u015f\u0131, h\u0259m d\u0259 c\u0259miyy\u0259tin \u00e7a\u011f\u0131r\u0131\u015flar\u0131na cavab verdi. Bu bax\u0131mdan da Mehriban xan\u0131m \u018fliyevan\u0131n h\u0259yata ke\u00e7irdiyi f\u0259aliyy\u0259tin xalq t\u0259r\u0259find\u0259n t\u0259qdir edilm\u0259si, c\u0259miyy\u0259timizin s\u0259mimi sevgi il\u0259 onu ba\u011fr\u0131na basmas\u0131 g\u00f6st\u0259rdi ki, c\u0259nab Prezidentin bu q\u0259rar\u0131 Az\u0259rbaycan c\u0259miyy\u0259tinin m\u00f6vqeyi il\u0259 paralellik t\u0259\u015fkil edir. Buna g\u00f6r\u0259 d\u0259 T\u0259hl\u00fck\u0259sizlik \u015euras\u0131n\u0131n iclas\u0131nda Birinci vitse-prezidenti t\u0259qdim ed\u0259n Prezident \u0130lham \u018fliyev deyib: \u201cMehriban \u018fliyeva uzun ill\u0259rdir ki, \u00f6lk\u0259mizin ictimai-siyasi h\u0259yat\u0131nda, m\u0259d\u0259ni h\u0259yat\u0131m\u0131zda m\u00fch\u00fcm v\u0259 f\u0259al rol oynay\u0131r\u201d.<\/p>\n<p>Vitse-prezidentlik institutunun yarad\u0131lmas\u0131 d\u00f6vl\u0259tin idar\u0259etm\u0259sinin s\u0259m\u0259r\u0259lilik v\u0259 \u00e7evikliyini art\u0131rd\u0131. Buna g\u00f6r\u0259 d\u0259 d\u00fcnyan\u0131n n\u00fcfuzlu v\u0259 apar\u0131c\u0131 hesabatlar\u0131na \u0259sas\u0259n, Az\u0259rbaycan n\u0259inki h\u00f6kum\u0259tin siyasi sabitliyi t\u0259min etm\u0259sin\u0259 g\u00f6r\u0259, h\u0259m d\u0259 onun d\u0259yi\u015fm\u0259y\u0259 cavabdehliyi, y\u0259ni, islahat\u00e7\u0131 obraz\u0131 v\u0259 uzunm\u00fcdd\u0259tli strategiyas\u0131na g\u00f6r\u0259 qabaqc\u0131l yerl\u0259rd\u0259 dayan\u0131r. Differensialla\u015fd\u0131r\u0131lm\u0131\u015f b\u00f6lm\u0259l\u0259r\u0259 adi v\u0259 qeyri-adi tap\u015f\u0131r\u0131qlar \u00fcz\u0259rind\u0259 paralel i\u015fl\u0259m\u0259y\u0259 imkan ver\u0259n y\u00fcks\u0259kixtisasl\u0131 kadrlar\u0131n c\u0259lb olunmas\u0131 i\u015find\u0259 bu t\u0259sisat \u0259h\u0259miyy\u0259tli rol oynamaqdad\u0131r. Mehriban xan\u0131m \u018fliyevan\u0131n Birinci vitse-prezidentlik f\u0259aliyy\u0259ti\u00a0d\u00f6vl\u0259t idar\u0259\u00e7ilik sistemin\u0259 modernlik qatmaqla, yeni n\u0259f\u0259s g\u0259tirdi. Rutin, t\u0259krarlanan tap\u015f\u0131r\u0131qlardan k\u0259nara \u00e7\u0131xmaqla qeyri-m\u00fcnt\u0259z\u0259m, innovativ tap\u015f\u0131r\u0131qlar\u0131n yerin\u0259 yetirilm\u0259sind\u0259 beyn\u0259lxalq trendl\u0259rin v\u0259 t\u0259cr\u00fcb\u0259nin n\u0259z\u0259r\u0259 al\u0131naraq \u00f6lk\u0259mizd\u0259 t\u0259tbiq olunmas\u0131nda uy\u011fun olan t\u0259\u015fkilati dizaynlar\u0131n\u00a0 se\u00e7ilm\u0259si, savad, pe\u015f\u0259karl\u0131q amilinin\u00a0 \u00f6n plana \u00e7\u0259kilm\u0259si, d\u00fcnyan\u0131n qabaqc\u0131l t\u0259hsil standartlar\u0131n\u0131n\u00a0t\u0259tbiq olunaraq keyfiyy\u0259tli t\u0259hsil\u0259 \u0259l\u00e7atabil\u0259nlik, \u00f6lk\u0259d\u0259 idman h\u0259r\u0259kat\u0131n\u0131n davaml\u0131l\u0131\u011f\u0131, ekoloji probleml\u0259rin aktual tutulmas\u0131, bu istiqam\u0259td\u0259 c\u0259miyy\u0259timizin maarifl\u0259ndirilm\u0259si, \u015f\u00fcurluluq, m\u0259lumatl\u0131l\u0131q \u0259sas m\u0259qs\u0259dl\u0259rdir ki, ill\u0259r \u0259rzind\u0259 \u0259ld\u0259 olunmu\u015f n\u0259tic\u0259l\u0259r h\u0259r bel\u0259 m\u0259qs\u0259din u\u011furla realiz\u0259 edilm\u0259sinin \u0259yani s\u00fcbutudur.<\/p>\n<p>D\u00f6vl\u0259t idar\u0259\u00e7iliyind\u0259 praqmatizm v\u0259 siyasi inam h\u00f6kum\u0259td\u0259 idar\u0259etm\u0259 innovasiyalar\u0131n\u0131 h\u0259v\u0259sl\u0259ndirm\u0259k \u00fc\u00e7\u00fcn m\u00fch\u00fcm \u0259h\u0259miyy\u0259t k\u0259sb edir. Yenilikl\u0259r d\u00f6vl\u0259t idar\u0259\u00e7iliyin\u0259 yeni yana\u015fmaya g\u0259tirib \u00e7\u0131xard\u0131. Bu ill\u0259r \u0259rzind\u0259 geni\u015f m\u0259qs\u0259dl\u0259r diqq\u0259tin yeni v\u0259 \u0259sasl\u0131 planlar\u0131n haz\u0131rlanmas\u0131 il\u0259 \u0259sas strateji sah\u0259l\u0259rin inki\u015faf\u0131na y\u00f6n\u0259ldilm\u0259sind\u0259n, yeni sinerjid\u0259 t\u0259tbiq edil\u0259n strategiyalar v\u0259 f\u0259aliyy\u0259tl\u0259rin\u00a0 haz\u0131rlanmas\u0131ndan ibar\u0259t olmu\u015fdur. Birinci vitse-prezidentlik institutunun t\u0259sisat\u0131ndan sonra h\u00f6kum\u0259tin i\u015find\u0259 b\u0259zi \u0259sasl\u0131 d\u0259yi\u015fiklikl\u0259r ba\u015f vermi\u015fdir ki, bu da t\u0259\u015fkilati strukturlarda v\u0259 h\u00f6kum\u0259t sisteml\u0259rind\u0259 daha \u00e7ox s\u0259m\u0259r\u0259liliyin, daha h\u0259ssas v\u0259 \u00e7evik d\u00f6vl\u0259t xidm\u0259tl\u0259rinin g\u00f6st\u0259rilm\u0259sin\u0259 y\u00f6n\u0259lmi\u015f \u0259sas v\u0259 g\u00f6r\u00fcn\u0259n idar\u0259etm\u0259 yenilikl\u0259ri il\u0259 n\u0259tic\u0259l\u0259nmi\u015fdir.<\/p>\n<p>Mehriban xan\u0131m \u018fliyevan\u0131n xalq\u0131m\u0131z\u0131n q\u0259lbind\u0259 daha d\u0259rin k\u00f6k salmas\u0131 \u00f6z\u00fcn\u00fc onun Birinci vitse-prezident kimi ilk m\u00fc\u015favir\u0259sini m\u0259cburi k\u00f6\u00e7k\u00fcn soyda\u015flar\u0131m\u0131z\u0131n probleml\u0259rin\u0259 h\u0259sr etm\u0259sind\u0259 g\u00f6st\u0259rdi. Mehriban xan\u0131m \u018fliyevan\u0131n \u00e7ox\u015fax\u0259li f\u0259aliyy\u0259ti v\u0259 n\u0259cib \u0259m\u0259ll\u0259ri n\u0259inki c\u0259miyy\u0259timizi \u0259hat\u0259 edir, bu n\u00fcmun\u0259vi f\u0259aliyy\u0259t \u00f6lk\u0259 h\u00fcdudlar\u0131na \u00e7\u0131xaraq b\u00fct\u00fcn b\u0259\u015f\u0259riyy\u0259ti qucaqlam\u0131\u015fd\u0131r. Mehriban xan\u0131m \u018fliyevan\u0131n r\u0259hb\u0259rliyi il\u0259 Heyd\u0259r \u018fliyev Fondu \u201cTolerantl\u0131\u011f\u0131n \u00fcnvan\u0131 &#8211; Az\u0259rbaycan\u201d layih\u0259si \u00e7\u0259r\u00e7iv\u0259sind\u0259 \u00f6lk\u0259mizd\u0259 yeni m\u0259scidl\u0259r in\u015fa etmi\u015f, m\u00fcq\u0259dd\u0259s ziyar\u0259tgahlar\u0131n t\u0259mir-b\u0259rpa i\u015fl\u0259rini h\u0259yata ke\u00e7irm\u0259kl\u0259 kifay\u0259tl\u0259nm\u0259mi\u015f, d\u00fcnya m\u0259d\u0259ni irsin\u0259 t\u00f6hf\u0259l\u0259r vermi\u015fdir. Bu g\u00fcn Mehriban xan\u0131m \u018fliyeva i\u015f\u011faldan azad olunmu\u015f tarixi torpaqlar\u0131m\u0131z\u0131n b\u0259rpas\u0131nda humanitar missiyan\u0131 h\u0259yata ke\u00e7irir.<\/p>\n<p>Yeni Az\u0259rbaycan Partiyas\u0131n\u0131n S\u0259drinin Birinci m\u00fcavini, 2005-ci ild\u0259n 2017-ci il\u0259 q\u0259d\u0259r Az\u0259rbaycan Respublikas\u0131 Milli M\u0259clisinin deputat\u0131, Heyd\u0259r \u018fliyev Fondunun v\u0259 Az\u0259rbaycan M\u0259d\u0259niyy\u0259t Fondunun\u00a0prezidenti, Az\u0259rbaycan Milli Olimpiya Komit\u0259sinin \u0130craiyy\u0259 Komit\u0259sinin \u00fczv\u00fc, UNESCO-nun v\u0259 ICESCO-nun Xo\u015fm\u0259raml\u0131 s\u0259firi kimi Mehriban xan\u0131m \u018fliyevan\u0131n ad\u0131 tutdu\u011fu v\u0259zif\u0259l\u0259rd\u0259 t\u0259\u015fkilat\u00e7\u0131l\u0131q, pe\u015f\u0259kar q\u0259rarlar\u0131n q\u0259bul olunmas\u0131 v\u0259 \u00e7eviklik kimi x\u00fcsusiyy\u0259tl\u0259rl\u0259 paralel i\u015fl\u0259nir. Dig\u0259r t\u0259r\u0259fd\u0259n is\u0259 qad\u0131n ism\u0259ti, n\u00fcmun\u0259vi anal\u0131q obraz\u0131, ya\u015fl\u0131lara qay\u011f\u0131, k\u00f6rp\u0259l\u0259r\u0259 sonsuz sevgi Mehriban xan\u0131m \u018fliyevan\u0131n \u0259sl Az\u0259rbaycan xan\u0131m\u0131na xas olan x\u00fcsusiyy\u0259tl\u0259rind\u0259n x\u0259b\u0259r verir ki, m\u0259hz bu amil d\u0259 ona\u00a0 xalq\u0131n q\u0259lbind\u0259 taxt qurma\u011fa imkan verdi.<\/p>\n<p>C\u0259nab Prezident \u0130lham \u018fliyev deyirdi: \u201cBiz he\u00e7 vaxt i\u015f\u011fal\u00a0siyas\u0259ti il\u0259 bar\u0131\u015fmayacay\u0131q\u201d. Bu devizin elan olunmas\u0131 il\u0259 d\u00f6vl\u0259tin ordu sisteminin modernl\u0259\u015fdirilm\u0259si, siyasi, iqtisadi c\u0259h\u0259td\u0259n m\u00f6hk\u0259ml\u0259ndirilm\u0259si v\u0259 g\u00fccl\u0259ndirilm\u0259si beyn\u0259lxalq al\u0259md\u0259 d\u0259 Az\u0259rbaycan\u0131n n\u00fcfuzunun art\u0131r\u0131lmas\u0131 il\u0259 paralel ir\u0259lil\u0259m\u0259li idi. Bu missiyan\u0131 \u00f6z n\u0259cib \u00e7iyinl\u0259ri \u00fcz\u0259rin\u0259 g\u00f6t\u00fcr\u0259n Mehriban xan\u0131m \u018fliyevan\u0131n r\u0259hb\u0259rliyi il\u0259 haz\u0131rlanan v\u0259 Az\u0259rbaycanda ke\u00e7irilmi\u015f beyn\u0259lxalq t\u0259dbirl\u0259r say\u0259sind\u0259 \u00f6lk\u0259mizin n\u00fcfuzu daha da artm\u0131\u015f, d\u00fcnya birliyi Az\u0259rbaycan\u0131 m\u0259d\u0259ni, sivil, multikultural d\u0259y\u0259rl\u0259r\u0259 r\u0259\u011fb\u0259t ed\u0259n d\u00f6vl\u0259t, bu d\u0259y\u0259rl\u0259ri c\u0259miyy\u0259timizin h\u0259yat t\u0259rzi kimi q\u0259bul ed\u0259n bir xalq olaraq tan\u0131m\u0131\u015fd\u0131r. M\u00fcharib\u0259nin bitm\u0259sin\u0259 baxmayaraq postm\u00fcnaqi\u015f\u0259 d\u00f6vr\u00fcnd\u0259 informasiya sava\u015f\u0131, Az\u0259rbaycan\u0131n siyasi irad\u0259sinin davam etdirilm\u0259si, dikt\u0259 etdiyimiz reall\u0131qlar\u0131n davaml\u0131 v\u0259 n\u0259tic\u0259y\u0259 istiqam\u0259tl\u0259nm\u0259si i\u015find\u0259 Mehriban xan\u0131m \u018fliyevan\u0131n Az\u0259rbaycan\u0131 d\u00fcnyada m\u0259d\u0259niyy\u0259t car\u00e7\u0131s\u0131, sivilizasiyalararas\u0131 dialoq, multikulturalizm v\u0259 tolerantl\u0131q m\u0259kan\u0131 kimi t\u0259qdim etm\u0259si Prezident \u0130lham \u018fliyevin M\u00fcz\u0259ff\u0259r Lider portretini u\u011furla tamamlay\u0131r. Diplomatiya dostlar\u0131n say\u0131n\u0131 art\u0131rmaq, d\u00fc\u015fm\u0259nl\u0259ri minimalla\u015fd\u0131rmaq ya da \u0259n az\u0131ndan neytralla\u015fd\u0131rmaq s\u0259n\u0259tidirs\u0259 Mehriban xan\u0131m \u018fliyevan\u0131n f\u0259aliyy\u0259ti \u00f6lk\u0259nin \u201cYum\u015faq g\u00fcc\u201d siyas\u0259tinin t\u0259c\u0259ss\u00fcm\u00fcd\u00fcr. Beyn\u0259lxalq m\u00fcnasib\u0259tl\u0259r sistemind\u0259 Az\u0259rbaycan\u0131n dostu olan \u00f6lk\u0259l\u0259rin say\u0131n\u0131n artmas\u0131nda m\u00fcst\u0259sna xidm\u0259tl\u0259r onun f\u0259aliyy\u0259tinin ana x\u0259ttini t\u0259\u015fkil edir. Sad\u0259lik, d\u00fcr\u00fcstl\u00fck, s\u0259daq\u0259t, sevgi, pe\u015f\u0259karl\u0131q b\u00fct\u00fcn bu x\u00fcsusiyy\u0259tl\u0259r Az\u0259rbaycan insan\u0131n\u0131n v\u0259 qad\u0131n\u0131n\u0131n obraz\u0131nda Mehriban xan\u0131m \u018fliyevada c\u0259ml\u0259nmi\u015fdir. Ke\u00e7mi\u015f\u0259 s\u0259daq\u0259t, g\u0259l\u0259c\u0259y\u0259 planl\u0131 v\u0259 sistemli yana\u015fma kimi m\u0259n\u0259vi v\u0259 professional d\u0259y\u0259rl\u0259ri \u0259sas tutaraq y\u00fcks\u0259k etimad v\u0259 Ulu \u00d6nd\u0259r Heyd\u0259r \u018fliyevin siyasi irsin\u0259 sadiqlik g\u00f6st\u0259r\u0259n Mehriban xan\u0131m \u018fliyeva Yeni Az\u0259rbaycan Partiyas\u0131n\u0131n yeni Nizamnam\u0259sin\u0259 uy\u011fun olaraq, Partiyan\u0131n S\u0259dri c\u0259nab \u0130lham \u018fliyevin S\u0259r\u0259ncam\u0131 il\u0259 2021-ci il 5 mart tarixind\u0259 YAP\u00a0S\u0259drinin birinci m\u00fcavini t\u0259yin edilib. He\u00e7 \u015f\u00fcbh\u0259siz ki, bu t\u0259yinat y\u00fcks\u0259k etimad\u0131n, Ulu \u00d6nd\u0259r Heyd\u0259r \u018fliyevin siyasi irsin\u0259 sadiqliyin v\u0259 Az\u0259rbaycan\u0131n d\u00f6vl\u0259t siyas\u0259tind\u0259 qad\u0131na g\u00f6st\u0259ril\u0259n x\u00fcsusi diqq\u0259tin bariz n\u00fcmun\u0259sidir. M\u0259hz bu s\u0259b\u0259bd\u0259ndir ki, Mehriban xan\u0131m \u018fliyeva d\u00f6vl\u0259t idar\u0259\u00e7ilik sistemind\u0259 pe\u015f\u0259kar d\u00f6vl\u0259t xadimi obraz\u0131 formala\u015fd\u0131rm\u0131\u015f, onun timsal\u0131nda Az\u0259rbaycan qad\u0131n\u0131 c\u0259miyy\u0259t h\u0259yat\u0131n\u0131n aktiv i\u015ftirak\u00e7\u0131s\u0131na \u00e7evrilmi\u015fdir. Qad\u0131nlar\u0131n rolunun artmas\u0131, h\u0259r bir az\u0259rbaycanl\u0131 qad\u0131n\u0131n f\u0259aliyy\u0259tind\u0259 Mehriban xan\u0131m \u018fliyevan\u0131n obraz\u0131n\u0131n b\u00fct\u00f6vl\u00fcy\u00fcn\u00fcn \u0259sas tutulmas\u0131 il\u0259 yana\u015f\u0131,\u00a0 Birinci vitse-prezident Mehriban xan\u0131m \u018fliyevan\u0131n Fransa, \u0130taliya, Rusiya, T\u00fcrkiy\u0259, Ukrayna v\u0259 ba\u015fqa \u00f6lk\u0259l\u0259rin birinci xan\u0131mlar\u0131 v\u0259 ya d\u00f6vl\u0259t idar\u0259etm\u0259sind\u0259 y\u00fcks\u0259k v\u0259zif\u0259 tutan xan\u0131mlar\u0131 il\u0259 ke\u00e7irdiyi \u00e7oxsayl\u0131 g\u00f6r\u00fc\u015fl\u0259r, \u0259m\u0259kda\u015fl\u0131q etdiyi m\u00fcxt\u0259lif platformalar Az\u0259rbaycan qad\u0131n\u0131 obraz\u0131n\u0131n d\u00fcnyada \u0259n ali x\u00fcssiyy\u0259tl\u0259r v\u0259 keyfiyy\u0259tl\u0259rl\u0259 tan\u0131d\u0131lmas\u0131nda \u00f6n\u0259mli \u0259h\u0259miyy\u0259t\u0259 malikdir.<\/p>\n<p>Heyd\u0259r \u018fliyev Fondunun prezidenti kimi h\u0259m \u00f6lk\u0259mizd\u0259 \u00e7oxsayl\u0131 beyn\u0259lxalq t\u0259dbirl\u0259r\u0259 y\u00fcks\u0259k s\u0259viyy\u0259d\u0259 ev sahibliyi etm\u0259si t\u0259\u015fkilat komit\u0259l\u0259rinin r\u0259hb\u0259ri kimi Mehriban xan\u0131m \u018fliyevan\u0131n y\u00fcks\u0259k t\u0259\u015fkilat\u00e7\u0131l\u0131q qabiliyy\u0259tind\u0259n, m\u0259qs\u0259dy\u00f6nl\u00fcl\u00fcy\u00fcnd\u0259n x\u0259b\u0259r verir.\u00a0 Mehriban xan\u0131m \u018fliyeva ist\u0259r siyasi karyeras\u0131, ist\u0259r ictimai f\u0259aliyy\u0259ti \u00e7\u0259r\u00e7iv\u0259sind\u0259 ba\u015flad\u0131\u011f\u0131 b\u00fct\u00fcn i\u015fl\u0259rin \u00f6hd\u0259sind\u0259n y\u00fcks\u0259k pe\u015f\u0259karl\u0131qla g\u0259lir. 2017-ci ild\u0259 Bak\u0131n\u0131n ev sahibliyi etdiyi IV \u0130slam H\u0259mr\u0259yliyi Oyunlar\u0131, 2019-cu ild\u0259 UNESCO-nun \u00dcmumd\u00fcnya \u0130rs Komit\u0259sinin 43-c\u00fc sessiyas\u0131n\u0131n Az\u0259rbaycanda ke\u00e7irilm\u0259sin\u0259 t\u0259\u015f\u0259bb\u00fcs g\u00f6st\u0259rm\u0259si v\u0259 buna nail olmas\u0131 Birinci vitse-prezident Mehriban xan\u0131m \u018fliyevan\u0131n y\u00fcks\u0259k t\u0259\u015fkilat\u00e7\u0131l\u0131q qabiliyy\u0259tind\u0259n x\u0259b\u0259r verdis\u0259, eyni zamanda b\u00fct\u00fcn d\u00fcnya g\u00f6rd\u00fc ki, Az\u0259rbaycan g\u00fccl\u00fc d\u00f6vl\u0259tdir.<\/p>\n<p>D\u00f6vl\u0259t idar\u0259etm\u0259si\u00a0 bir t\u0259r\u0259fd\u0259n istiqam\u0259t verm\u0259k, \u0259laq\u0259l\u0259ndirm\u0259k, n\u0259zar\u0259t etm\u0259k kimi amill\u0259rd\u0259 c\u0259ml\u0259nirs\u0259, dig\u0259r t\u0259r\u0259fd\u0259n sosial bax\u0131mdan h\u0259ssas \u0259hali seqmentinin sosial t\u0259minat\u0131n\u0131n milli s\u0259yl\u0259r v\u0259 beyn\u0259lxalq \u0259m\u0259kda\u015fl\u0131q vasit\u0259sil\u0259 h\u0259yata ke\u00e7irilm\u0259si, onlar\u0131n iqtisadi, sosial v\u0259 m\u0259d\u0259ni h\u00fcquqlarla t\u0259minat\u0131 d\u00f6vl\u0259t idar\u0259\u00e7iliyinin t\u0259\u015fkili v\u0259 resurslar\u0131n\u0131n uy\u011fun olaraq s\u00f6z\u00fcged\u0259n insanlar\u0131n sosial t\u0259hl\u00fck\u0259sizlik h\u00fcququnu, h\u00f6kum\u0259tin f\u0259aliyy\u0259t proqramlar\u0131n\u0131 \u015f\u0259rtl\u0259ndirir, \u0259halinin rifah\u0131n\u0131 t\u0259\u015fviq etm\u0259k \u00fc\u00e7\u00fcn onlar\u0131n sosial t\u0259hl\u00fck\u0259sizliyi istiqam\u0259tind\u0259 kompleks t\u0259dbirl\u0259r g\u00f6r\u00fcr. Az\u0259rbaycan\u0131n Birinci vitse-prezidenti Mehriban xan\u0131m \u018fliyevan\u0131n s\u00f6z\u00fcged\u0259n h\u0259ssas qrupa sevgi, qay\u011f\u0131, m\u0259rh\u0259m\u0259t g\u00f6st\u0259rm\u0259si g\u00f6st\u0259rir ki, bu h\u0259m onun \u015f\u0259xsi keyfiyy\u0259tl\u0259ri, h\u0259m d\u0259 h\u0259yat t\u0259rzidir. M\u0259hz bu s\u0259b\u0259bd\u0259ndir ki, Mehriban xan\u0131m \u018fliyevan\u0131n bu adi normalar\u0131 \u00f6z f\u0259aliyy\u0259tind\u0259 r\u0259hb\u0259r tutmas\u0131 ona Az\u0259rbaycan c\u0259miyy\u0259tinin b\u00fct\u00fcn t\u0259b\u0259q\u0259l\u0259ri aras\u0131nda n\u00fcfuz, r\u0259\u011fb\u0259t v\u0259 etibar qazand\u0131rm\u0131\u015fd\u0131r. \u015e\u0259hid ail\u0259l\u0259rin\u0259, qazil\u0259r\u0259 g\u00f6st\u0259ril\u0259n diqq\u0259t v\u0259 qay\u011f\u0131, fiziki v\u0259 \u0259qli c\u0259h\u0259td\u0259n m\u0259hdud sa\u011flaml\u0131q imkanlar\u0131na malik k\u00f6rp\u0259l\u0259rin, u\u015faqlar\u0131n, yeniyetm\u0259l\u0259rin m\u00fcalic\u0259si, onlar\u0131n c\u0259miyy\u0259tin bir \u00fczv\u00fc kimi c\u0259miyy\u0259t\u0259 qazand\u0131r\u0131lmas\u0131 istiqam\u0259tind\u0259 Heyd\u0259r \u018fliyev Fondunun g\u00f6rd\u00fcy\u00fc i\u015fl\u0259r misilsizdir. Fond insan amilinin h\u0259r \u015feyd\u0259n art\u0131q \u00f6n\u0259m k\u0259sb etm\u0259sinin \u0259h\u0259miyy\u0259tinin c\u0259miyy\u0259t\u0259 a\u015f\u0131lanmas\u0131 bax\u0131m\u0131ndan Az\u0259rbaycanda h\u0259r bir t\u0259\u015fkilat \u00fc\u00e7\u00fcn n\u00fcmun\u0259vi f\u0259aliyy\u0259t g\u00f6st\u0259rm\u0259kl\u0259 bayraqdar qismind\u0259 \u00e7\u0131x\u0131\u015f edir.\u00a0 \u201cTalassemiyas\u0131z h\u0259yat namin\u0259\u201d layih\u0259si y\u00fczl\u0259rl\u0259, minl\u0259rl\u0259 anan\u0131n q\u0259lbin\u0259 \u00fcmid, ail\u0259l\u0259r\u0259 sevinc b\u0259x\u015f etmi\u015fdir. F\u0259aliyy\u0259tind\u0259 v\u0259 \u0259m\u0259ll\u0259rind\u0259 m\u0259hz bu y\u00fcks\u0259k insani keyfiyy\u0259tl\u0259ri r\u0259hb\u0259r tutan Mehriban xan\u0131m \u018fliyevaya b\u0259sl\u0259n\u0259n s\u0259mimi sevgi bir ictimai v\u0259 siyasi xadimin ucala bildiyi \u0259n ali m\u0259rt\u0259b\u0259dir.<\/p>\n<p>Mehriban xan\u0131m \u018fliyevan\u0131n 2017-ci ilin 21 fevral tarixind\u0259 T\u0259hl\u00fck\u0259sizlik \u015euras\u0131n\u0131n iclas\u0131nda s\u0259sl\u0259ndirdiyi\u00a0 \u201cM\u0259n \u0259min\u0259m ki, v\u0259zif\u0259d\u0259n as\u0131l\u0131 olmayaraq, insan \u00f6z yolunu, pe\u015f\u0259sini se\u00e7\u0259nd\u0259 h\u0259r hans\u0131 bir i\u015fin\u0259, \u0259m\u0259yin\u0259 vicdanla yana\u015fmal\u0131, qar\u015f\u0131s\u0131na ayd\u0131n m\u0259qs\u0259dl\u0259r qoyub, bu m\u0259qs\u0259dl\u0259r\u0259 nail olma\u011fa \u00e7al\u0131\u015fmal\u0131, s\u00f6z v\u0259 i\u015fl\u0259rind\u0259 b\u00fct\u00f6v olmal\u0131d\u0131r. \u0130nsanlarla \u00fcnsiyy\u0259td\u0259 olmaq, onlar\u0131 dinl\u0259m\u0259k v\u0259 e\u015fitm\u0259k, k\u00f6m\u0259y\u0259 ehtiyac\u0131 olana k\u00f6m\u0259k etm\u0259k, m\u0259n\u0259vi d\u0259st\u0259k verm\u0259k Heyd\u0259r \u018fliyev Fondunun h\u0259r bir \u0259m\u0259kda\u015f\u0131n\u0131n birba\u015fa v\u0259zif\u0259sidir. Hesab edir\u0259m ki, bu, d\u00f6vl\u0259t qurumlar\u0131nda \u00e7al\u0131\u015fan b\u00fct\u00fcn insanlar\u0131n \u0259sas borcu v\u0259 v\u0259zif\u0259sidir. G\u00fcnd\u0259lik f\u0259aliyy\u0259timizd\u0259 insansev\u0259rlik, m\u0259rh\u0259m\u0259t, qar\u015f\u0131l\u0131ql\u0131 h\u00f6rm\u0259t, mehriban\u00e7\u0131l\u0131q unudulmamal\u0131d\u0131r. \u018fksin\u0259, m\u0259hz bu m\u0259n\u0259vi d\u0259y\u0259rl\u0259ri uca tutaraq \u0259n y\u00fcks\u0259k q\u0259l\u0259b\u0259l\u0259r \u0259ld\u0259 etm\u0259k, \u0259n b\u00f6y\u00fck zirv\u0259l\u0259r\u0259 qalxmaq olar. M\u0259n sizi \u0259min edir\u0259m ki, g\u0259l\u0259c\u0259k f\u0259aliyy\u0259timi m\u0259hz bu prinsipl\u0259r \u0259sas\u0131nda qurma\u011fa \u00e7al\u0131\u015faca\u011fam. \u00d6lk\u0259mizin v\u0259 xalq\u0131m\u0131z\u0131n maraqlar\u0131n\u0131 h\u0259r \u015feyd\u0259n \u00fcst\u00fcn tutaca\u011fam, Az\u0259rbaycana layiqinc\u0259 xidm\u0259t etm\u0259y\u0259 \u00e7al\u0131\u015faca\u011fam\u201d\u00a0fikirl\u0259ri \u00f6z\u00fcn\u00fc ill\u0259r \u0259rzind\u0259 f\u0259aliyy\u0259tind\u0259 do\u011frultdu.<\/p>\n<p>Mehriban xan\u0131m \u018fliyevan\u0131n f\u0259aliyy\u0259tinin arxas\u0131nda z\u0259hm\u0259t, bilik, a\u011f\u0131l v\u0259 irad\u0259, pe\u015f\u0259karl\u0131q v\u0259 t\u0259cr\u00fcb\u0259, prinsipiall\u0131q v\u0259 xeyirxahl\u0131q kimi amill\u0259r dayansa da, b\u00fct\u00fcn professional v\u0259 \u015f\u0259xsi keyfiyy\u0259tl\u0259r \u0259n y\u00fcks\u0259k ordenl\u0259rl\u0259 d\u0259y\u0259r\u0259ndirils\u0259 d\u0259, onun f\u0259aliyy\u0259tin\u0259 veril\u0259n \u0259n y\u00fcks\u0259k d\u0259y\u0259r Az\u0259rbaycan xalq\u0131n\u0131n q\u0259lbind\u0259 taxt qurmu\u015f b\u00fct\u00f6v \u015f\u0259xsiyy\u0259t obraz\u0131d\u0131r.<\/p>\n<p><img src=\"https:\/\/ikisahil.az\/upload\/\/2022\/02\/21\/\/-64b3ec1f164544231778761628510201833.jpg\" alt=\"\" \/><\/p>\n<p><strong>\u015e\u0259bn\u0259m H\u018fS\u018fNOVA,<\/strong><\/p>\n<p><em>Politoloq<\/em><\/p>\n","protected":false},"excerpt":{"rendered":"<p>Mehriban \u018fliyeva \u00e7ox pe\u015f\u0259kar, bilikli, t\u0259cr\u00fcb\u0259li, prinsipial, \u00e7ox xeyir\u00adxah bir insand\u0131r. T\u0259sad\u00fcfi deyil ki, Az\u0259rbaycan xalq\u0131 ona b\u00f6y\u00fck r\u0259\u011fb\u0259t v\u0259 sevgi il\u0259 yana\u015f\u0131r. \u0130lham \u018fL\u0130YEV, Az\u0259rbaycan Respublikas\u0131n\u0131n Prezidenti &nbsp; D\u00f6vl\u0259t idar\u0259\u00e7iliyi sisteminin institusional \u0259saslar\u0131n\u0131n v\u0259 kadr potensial\u0131n\u0131n tarixilik \u0259n\u0259n\u0259l\u0259ri v\u0259 modern trendl\u0259r n\u0259z\u0259r\u0259 al\u0131naraq t\u0259kmill\u0259\u015fdirilm\u0259si c\u0259nab Prezident \u0130lham \u018fliyevin idar\u0259\u00e7iliyinin m\u0259rk\u0259zi x\u0259ttini t\u0259\u015fkil edir. Bu novator yana\u015fmaya v\u0259 inki\u015faf x\u0259ttin\u0259 uy\u011fun olaraq 2016-c\u0131 il sentyabr\u0131n 26-da Prezident \u0130lham \u018fliyevin t\u0259\u015f\u0259bb\u00fcs\u00fc \u0259sas\u0131nda Konstitusiya islahatlar\u0131 il\u0259 ba\u011fl\u0131 ke\u00e7iril\u0259n referendumun n\u0259tic\u0259l\u0259rin\u0259 g\u00f6r\u0259 \u00f6lk\u0259d\u0259 Birinci vitse-prezidentlik institutu yarad\u0131lm\u0131\u015fd\u0131r. Q\u0259dim d\u00f6vl\u0259t\u00e7ilik \u0259n\u0259n\u0259l\u0259rin\u0259 malik olan, habel\u0259&hellip;<\/p>\n","protected":false},"author":2,"featured_media":441808,"comment_status":"closed","ping_status":"closed","sticky":false,"template":"","format":"standard","meta":{"om_disable_all_campaigns":false,"_monsterinsights_skip_tracking":false,"_monsterinsights_sitenote_active":false,"_monsterinsights_sitenote_note":"","_monsterinsights_sitenote_category":0},"categories":[4],"tags":[],"aioseo_notices":[],"gutentor_comment":0,"rttpg_featured_image_url":{"full":["https:\/\/arantv.az\/wp-content\/uploads\/2022\/02\/ba038e2a164544228336113993610774364.jpg",975,540,false],"landscape":["https:\/\/arantv.az\/wp-content\/uploads\/2022\/02\/ba038e2a164544228336113993610774364.jpg",975,540,false],"portraits":["https:\/\/arantv.az\/wp-content\/uploads\/2022\/02\/ba038e2a164544228336113993610774364.jpg",975,540,false],"thumbnail":["https:\/\/arantv.az\/wp-content\/uploads\/2022\/02\/ba038e2a164544228336113993610774364-500x280.jpg",500,280,true],"medium":["https:\/\/arantv.az\/wp-content\/uploads\/2022\/02\/ba038e2a164544228336113993610774364-660x365.jpg",660,365,true],"large":["https:\/\/arantv.az\/wp-content\/uploads\/2022\/02\/ba038e2a164544228336113993610774364-840x465.jpg",640,354,true],"1536x1536":["https:\/\/arantv.az\/wp-content\/uploads\/2022\/02\/ba038e2a164544228336113993610774364.jpg",975,540,false],"2048x2048":["https:\/\/arantv.az\/wp-content\/uploads\/2022\/02\/ba038e2a164544228336113993610774364.jpg",975,540,false],"post-thumbnail":["https:\/\/arantv.az\/wp-content\/uploads\/2022\/02\/ba038e2a164544228336113993610774364-240x172.jpg",240,172,true],"advps-thumb-one":["https:\/\/arantv.az\/wp-content\/uploads\/2022\/02\/ba038e2a164544228336113993610774364.jpg",975,540,false]},"rttpg_author":{"display_name":"V\u00fcsal Rafiqo\u011flu","author_link":"https:\/\/arantv.az\/?author=2"},"rttpg_comment":0,"rttpg_category":"<a href=\"https:\/\/arantv.az\/?cat=4\" rel=\"category\">Siyas\u0259t<\/a>","rttpg_excerpt":"Mehriban \u018fliyeva \u00e7ox pe\u015f\u0259kar, bilikli, t\u0259cr\u00fcb\u0259li, prinsipial, \u00e7ox xeyir\u00adxah bir insand\u0131r. T\u0259sad\u00fcfi deyil ki, Az\u0259rbaycan xalq\u0131 ona b\u00f6y\u00fck r\u0259\u011fb\u0259t v\u0259 sevgi il\u0259 yana\u015f\u0131r. \u0130lham \u018fL\u0130YEV, Az\u0259rbaycan Respublikas\u0131n\u0131n Prezidenti &nbsp; D\u00f6vl\u0259t idar\u0259\u00e7iliyi sisteminin institusional \u0259saslar\u0131n\u0131n v\u0259 kadr potensial\u0131n\u0131n tarixilik \u0259n\u0259n\u0259l\u0259ri v\u0259 modern trendl\u0259r n\u0259z\u0259r\u0259 al\u0131naraq t\u0259kmill\u0259\u015fdirilm\u0259si c\u0259nab Prezident \u0130lham \u018fliyevin idar\u0259\u00e7iliyinin m\u0259rk\u0259zi x\u0259ttini t\u0259\u015fkil edir. Bu&hellip;","_links":{"self":[{"href":"https:\/\/arantv.az\/index.php?rest_route=\/wp\/v2\/posts\/441807"}],"collection":[{"href":"https:\/\/arantv.az\/index.php?rest_route=\/wp\/v2\/posts"}],"about":[{"href":"https:\/\/arantv.az\/index.php?rest_route=\/wp\/v2\/types\/post"}],"author":[{"embeddable":true,"href":"https:\/\/arantv.az\/index.php?rest_route=\/wp\/v2\/users\/2"}],"replies":[{"embeddable":true,"href":"https:\/\/arantv.az\/index.php?rest_route=%2Fwp%2Fv2%2Fcomments&post=441807"}],"version-history":[{"count":0,"href":"https:\/\/arantv.az\/index.php?rest_route=\/wp\/v2\/posts\/441807\/revisions"}],"wp:featuredmedia":[{"embeddable":true,"href":"https:\/\/arantv.az\/index.php?rest_route=\/wp\/v2\/media\/441808"}],"wp:attachment":[{"href":"https:\/\/arantv.az\/index.php?rest_route=%2Fwp%2Fv2%2Fmedia&parent=441807"}],"wp:term":[{"taxonomy":"category","embeddable":true,"href":"https:\/\/arantv.az\/index.php?rest_route=%2Fwp%2Fv2%2Fcategories&post=441807"},{"taxonomy":"post_tag","embeddable":true,"href":"https:\/\/arantv.az\/index.php?rest_route=%2Fwp%2Fv2%2Ftags&post=441807"}],"curies":[{"name":"wp","href":"https:\/\/api.w.org\/{rel}","templated":true}]}}