{"id":441810,"date":"2022-02-21T14:40:15","date_gmt":"2022-02-21T11:40:15","guid":{"rendered":"http:\/\/arantv.az\/?p=441810"},"modified":"2022-02-21T14:40:15","modified_gmt":"2022-02-21T11:40:15","slug":"ali-m%c9%99clisin-s%c9%99dri-dovl%c9%99t-agentliyin%c9%99-direktor-t%c9%99yin-edib","status":"publish","type":"post","link":"https:\/\/arantv.az\/?p=441810","title":{"rendered":"Ali M\u0259clisin S\u0259dri D\u00f6vl\u0259t Agentliyin\u0259 direktor t\u0259yin edib"},"content":{"rendered":"<p>Nax\u00e7\u0131van Muxtar Respublikas\u0131 Ali M\u0259clisinin s\u0259dri Vasif Tal\u0131bov Yav\u0259r Hac\u0131yevin Nax\u00e7\u0131van Muxtar Respublikas\u0131 D\u00f6vl\u0259t Ehtiyatlar\u0131 Agentliyinin direktoru t\u0259yin edilm\u0259si haqq\u0131nda S\u0259r\u0259ncam imzalay\u0131b.<\/p>\n<p><strong>ARANTV.AZ\u00a0 x\u0259b\u0259r verir ki,<\/strong>\u00a0S\u0259r\u0259ncamda deyilir ki, Yav\u0259r S\u0259m\u0259d o\u011flu Hac\u0131yev Nax\u00e7\u0131van Muxtar Respublikas\u0131 D\u00f6vl\u0259t Ehtiyatlar\u0131 Agentliyinin direktoru t\u0259yin edilsin.<\/p>\n","protected":false},"excerpt":{"rendered":"<p>Nax\u00e7\u0131van Muxtar Respublikas\u0131 Ali M\u0259clisinin s\u0259dri Vasif Tal\u0131bov Yav\u0259r Hac\u0131yevin Nax\u00e7\u0131van Muxtar Respublikas\u0131 D\u00f6vl\u0259t Ehtiyatlar\u0131 Agentliyinin direktoru t\u0259yin edilm\u0259si haqq\u0131nda S\u0259r\u0259ncam imzalay\u0131b. ARANTV.AZ\u00a0 x\u0259b\u0259r verir ki,\u00a0S\u0259r\u0259ncamda deyilir ki, Yav\u0259r S\u0259m\u0259d o\u011flu Hac\u0131yev Nax\u00e7\u0131van Muxtar Respublikas\u0131 D\u00f6vl\u0259t Ehtiyatlar\u0131 Agentliyinin direktoru t\u0259yin edilsin.<\/p>\n","protected":false},"author":2,"featured_media":441811,"comment_status":"closed","ping_status":"closed","sticky":false,"template":"","format":"standard","meta":{"om_disable_all_campaigns":false,"_monsterinsights_skip_tracking":false,"_monsterinsights_sitenote_active":false,"_monsterinsights_sitenote_note":"","_monsterinsights_sitenote_category":0},"categories":[4],"tags":[],"aioseo_notices":[],"gutentor_comment":0,"rttpg_featured_image_url":{"full":["https:\/\/arantv.az\/wp-content\/uploads\/2022\/02\/dfc7defa164544217250469414010621794.jpg",975,540,false],"landscape":["https:\/\/arantv.az\/wp-content\/uploads\/2022\/02\/dfc7defa164544217250469414010621794.jpg",975,540,false],"portraits":["https:\/\/arantv.az\/wp-content\/uploads\/2022\/02\/dfc7defa164544217250469414010621794.jpg",975,540,false],"thumbnail":["https:\/\/arantv.az\/wp-content\/uploads\/2022\/02\/dfc7defa164544217250469414010621794-500x280.jpg",500,280,true],"medium":["https:\/\/arantv.az\/wp-content\/uploads\/2022\/02\/dfc7defa164544217250469414010621794-660x365.jpg",660,365,true],"large":["https:\/\/arantv.az\/wp-content\/uploads\/2022\/02\/dfc7defa164544217250469414010621794-840x465.jpg",640,354,true],"1536x1536":["https:\/\/arantv.az\/wp-content\/uploads\/2022\/02\/dfc7defa164544217250469414010621794.jpg",975,540,false],"2048x2048":["https:\/\/arantv.az\/wp-content\/uploads\/2022\/02\/dfc7defa164544217250469414010621794.jpg",975,540,false],"post-thumbnail":["https:\/\/arantv.az\/wp-content\/uploads\/2022\/02\/dfc7defa164544217250469414010621794-240x172.jpg",240,172,true],"advps-thumb-one":["https:\/\/arantv.az\/wp-content\/uploads\/2022\/02\/dfc7defa164544217250469414010621794.jpg",975,540,false]},"rttpg_author":{"display_name":"V\u00fcsal Rafiqo\u011flu","author_link":"https:\/\/arantv.az\/?author=2"},"rttpg_comment":0,"rttpg_category":"<a href=\"https:\/\/arantv.az\/?cat=4\" rel=\"category\">Siyas\u0259t<\/a>","rttpg_excerpt":"Nax\u00e7\u0131van Muxtar Respublikas\u0131 Ali M\u0259clisinin s\u0259dri Vasif Tal\u0131bov Yav\u0259r Hac\u0131yevin Nax\u00e7\u0131van Muxtar Respublikas\u0131 D\u00f6vl\u0259t Ehtiyatlar\u0131 Agentliyinin direktoru t\u0259yin edilm\u0259si haqq\u0131nda S\u0259r\u0259ncam imzalay\u0131b. ARANTV.AZ\u00a0 x\u0259b\u0259r verir ki,\u00a0S\u0259r\u0259ncamda deyilir ki, Yav\u0259r S\u0259m\u0259d o\u011flu Hac\u0131yev Nax\u00e7\u0131van Muxtar Respublikas\u0131 D\u00f6vl\u0259t Ehtiyatlar\u0131 Agentliyinin direktoru t\u0259yin edilsin.","_links":{"self":[{"href":"https:\/\/arantv.az\/index.php?rest_route=\/wp\/v2\/posts\/441810"}],"collection":[{"href":"https:\/\/arantv.az\/index.php?rest_route=\/wp\/v2\/posts"}],"about":[{"href":"https:\/\/arantv.az\/index.php?rest_route=\/wp\/v2\/types\/post"}],"author":[{"embeddable":true,"href":"https:\/\/arantv.az\/index.php?rest_route=\/wp\/v2\/users\/2"}],"replies":[{"embeddable":true,"href":"https:\/\/arantv.az\/index.php?rest_route=%2Fwp%2Fv2%2Fcomments&post=441810"}],"version-history":[{"count":0,"href":"https:\/\/arantv.az\/index.php?rest_route=\/wp\/v2\/posts\/441810\/revisions"}],"wp:featuredmedia":[{"embeddable":true,"href":"https:\/\/arantv.az\/index.php?rest_route=\/wp\/v2\/media\/441811"}],"wp:attachment":[{"href":"https:\/\/arantv.az\/index.php?rest_route=%2Fwp%2Fv2%2Fmedia&parent=441810"}],"wp:term":[{"taxonomy":"category","embeddable":true,"href":"https:\/\/arantv.az\/index.php?rest_route=%2Fwp%2Fv2%2Fcategories&post=441810"},{"taxonomy":"post_tag","embeddable":true,"href":"https:\/\/arantv.az\/index.php?rest_route=%2Fwp%2Fv2%2Ftags&post=441810"}],"curies":[{"name":"wp","href":"https:\/\/api.w.org\/{rel}","templated":true}]}}