{"id":441832,"date":"2022-02-21T15:10:13","date_gmt":"2022-02-21T12:10:13","guid":{"rendered":"http:\/\/arantv.az\/?p=441832"},"modified":"2022-02-21T15:10:13","modified_gmt":"2022-02-21T12:10:13","slug":"ir%c9%99li-ictimai-birliyi-g%c9%99ncl%c9%99ri-xocali-soyqirimi-il%c9%99-bagli-aksiya-kecir%c9%99c%c9%99k-foto","status":"publish","type":"post","link":"https:\/\/arantv.az\/?p=441832","title":{"rendered":"\u201c\u0130r\u0259li\u201d \u0130ctimai Birliyi g\u0259ncl\u0259ri Xocal\u0131 soyq\u0131r\u0131m\u0131 il\u0259 ba\u011fl\u0131 aksiya ke\u00e7ir\u0259c\u0259k &#8211; FOTO"},"content":{"rendered":"<p>\u201c\u0130r\u0259li\u201d \u0130ctimai Birliyi g\u0259ncl\u0259ri Xocal\u0131 soyq\u0131r\u0131m\u0131n\u0131n 30-cu ild\u00f6n\u00fcm\u00fc il\u0259 \u0259laq\u0259dar sosial \u015f\u0259b\u0259k\u0259l\u0259rd\u0259 ke\u00e7ir\u0259c\u0259yi aksiyaya aktiv \u015f\u0259kild\u0259 qo\u015fulma\u011fa d\u0259v\u0259t edir.<\/p>\n<p>\u0130ctimai Birlikd\u0259n bildirilib ki, aksiyan\u0131n m\u0259qs\u0259di Az\u0259rbaycan xalq\u0131na qar\u015f\u0131 t\u00f6r\u0259dil\u0259n soyq\u0131r\u0131m\u0131, etnik t\u0259mizl\u0259m\u0259 v\u0259 i\u015f\u011fal siyas\u0259tinin ac\u0131 n\u0259tic\u0259l\u0259rini d\u00fcnya ictimaiyy\u0259tin\u0259 \u00e7atd\u0131rmaq, faci\u0259 haqq\u0131nda geni\u015f m\u0259lumatland\u0131rma i\u015fi aparmaqd\u0131r.<\/p>\n<p>\u00dcmumilikd\u0259 1 000-d\u0259n \u00e7ox g\u0259ncin i\u015ftirak\u0131 il\u0259 ke\u00e7iril\u0259c\u0259k kampaniya \u00e7\u0259r\u00e7iv\u0259sind\u0259 \u201cTwitter\u201d sosial \u015f\u0259b\u0259k\u0259si \u00fcz\u0259rind\u0259n Xocal\u0131 h\u0259qiq\u0259tl\u0259rinin d\u00fcnya ictimaiyy\u0259tin\u0259 \u00e7atd\u0131r\u0131lmas\u0131 istiqam\u0259tind\u0259 xarici dill\u0259rd\u0259 maarifl\u0259ndirici, infoqrafik m\u0259lumatlar\u0131n payla\u015f\u0131lmas\u0131 n\u0259z\u0259rd\u0259 tutulub. \u201c\u0130r\u0259li\u201d g\u0259ncl\u0259ri xaricd\u0259 ya\u015fayan h\u0259myerlil\u0259rimizin d\u0259 i\u015ftirak\u0131 il\u0259 \u00fcz\u0259rind\u0259 \u201cJustice For Khojaly\u201d yaz\u0131lan v\u0259r\u0259ql\u0259rl\u0259 \u015f\u0259kil \u00e7\u0259kdir\u0259r\u0259k, m\u00fcvafiq h\u0259\u015ft\u0259ql\u0259rl\u0259 sosial \u015f\u0259b\u0259k\u0259 hesablar\u0131nda payla\u015f\u0131mlar ed\u0259c\u0259kl\u0259r. Fevral\u0131n 27-d\u0259k davam ed\u0259c\u0259k aksiyaya qo\u015fulmaq ist\u0259y\u0259n \u015f\u0259xsl\u0259r \u201cTwitter\u201dd\u0259 #Justiceforkhojaly, #KhojalyGenocide, #Xocal\u0131ya\u018fdal\u0259t, #Khojaly30, #Xocal\u013130, #Hocal\u0131Katliam\u0131, #ireli2022 h\u0259\u015ft\u0259ql\u0259rind\u0259n istifad\u0259 ed\u0259r\u0259k, soyq\u0131r\u0131m\u0131 il\u0259 ba\u011fl\u0131 ger\u00e7\u0259kl\u0259ri \u00f6z\u00fcnd\u0259 \u0259ks etdir\u0259n m\u0259lumatlar\u0131 payla\u015faraq, faci\u0259 bar\u0259d\u0259 obyektiv m\u0259lumatlar\u0131n daha b\u00f6y\u00fck auditoriyaya \u00e7atd\u0131r\u0131lmas\u0131 i\u015fin\u0259 t\u00f6hf\u0259 ver\u0259 bil\u0259rl\u0259r.<\/p>\n<p>\u201c\u0130r\u0259li\u201d \u0130ctimai Birliyi olaraq g\u0259ncl\u0259rimizi b\u00fct\u00fcn f\u0259aliyy\u0259tl\u0259r\u0259 aktiv \u015f\u0259kild\u0259 qo\u015fulma\u011fa d\u0259v\u0259t edirik.<\/p>\n<p>&nbsp;<\/p>\n<div class=\"gallery\">\n<div class=\"gallery-i\"><img src=\"https:\/\/cdn.oxu.az\/uploads\/W1siZiIsIjIwMjIvMDIvMjEvMTUvNTgvNTgvNTk5YmEyYWEtY2YwZC00NDU1LWI4OTQtMDY2M2E0NjVmYTIyLzI3NDI2ODcyOF8xMDg2MTYwMzY1NTYwNzMzXzcxOTk1ODkxNDIzMzg1NTA2NzFfbi5qcGciXSxbInAiLCJlbmNvZGUiLCJqcGciLCItcXVhbGl0eSA4MCJdLFsicCIsInRodW1iIiwiNTkweDU5MFx1MDAzZSJdXQ?sha=0e9208d90133a504\" \/><\/div>\n<\/div>\n","protected":false},"excerpt":{"rendered":"<p>\u201c\u0130r\u0259li\u201d \u0130ctimai Birliyi g\u0259ncl\u0259ri Xocal\u0131 soyq\u0131r\u0131m\u0131n\u0131n 30-cu ild\u00f6n\u00fcm\u00fc il\u0259 \u0259laq\u0259dar sosial \u015f\u0259b\u0259k\u0259l\u0259rd\u0259 ke\u00e7ir\u0259c\u0259yi aksiyaya aktiv \u015f\u0259kild\u0259 qo\u015fulma\u011fa d\u0259v\u0259t edir. \u0130ctimai Birlikd\u0259n bildirilib ki, aksiyan\u0131n m\u0259qs\u0259di Az\u0259rbaycan xalq\u0131na qar\u015f\u0131 t\u00f6r\u0259dil\u0259n soyq\u0131r\u0131m\u0131, etnik t\u0259mizl\u0259m\u0259 v\u0259 i\u015f\u011fal siyas\u0259tinin ac\u0131 n\u0259tic\u0259l\u0259rini d\u00fcnya ictimaiyy\u0259tin\u0259 \u00e7atd\u0131rmaq, faci\u0259 haqq\u0131nda geni\u015f m\u0259lumatland\u0131rma i\u015fi aparmaqd\u0131r. \u00dcmumilikd\u0259 1 000-d\u0259n \u00e7ox g\u0259ncin i\u015ftirak\u0131 il\u0259 ke\u00e7iril\u0259c\u0259k kampaniya \u00e7\u0259r\u00e7iv\u0259sind\u0259 \u201cTwitter\u201d sosial \u015f\u0259b\u0259k\u0259si \u00fcz\u0259rind\u0259n Xocal\u0131 h\u0259qiq\u0259tl\u0259rinin d\u00fcnya ictimaiyy\u0259tin\u0259 \u00e7atd\u0131r\u0131lmas\u0131 istiqam\u0259tind\u0259 xarici dill\u0259rd\u0259 maarifl\u0259ndirici, infoqrafik m\u0259lumatlar\u0131n payla\u015f\u0131lmas\u0131 n\u0259z\u0259rd\u0259 tutulub. \u201c\u0130r\u0259li\u201d g\u0259ncl\u0259ri xaricd\u0259 ya\u015fayan h\u0259myerlil\u0259rimizin d\u0259 i\u015ftirak\u0131 il\u0259 \u00fcz\u0259rind\u0259 \u201cJustice For Khojaly\u201d yaz\u0131lan v\u0259r\u0259ql\u0259rl\u0259 \u015f\u0259kil \u00e7\u0259kdir\u0259r\u0259k,&hellip;<\/p>\n","protected":false},"author":2,"featured_media":134074,"comment_status":"closed","ping_status":"closed","sticky":false,"template":"","format":"standard","meta":{"om_disable_all_campaigns":false,"_monsterinsights_skip_tracking":false,"_monsterinsights_sitenote_active":false,"_monsterinsights_sitenote_note":"","_monsterinsights_sitenote_category":0},"categories":[1],"tags":[],"aioseo_notices":[],"gutentor_comment":0,"rttpg_featured_image_url":{"full":["https:\/\/arantv.az\/wp-content\/uploads\/2020\/02\/xocali.jpg",620,413,false],"landscape":["https:\/\/arantv.az\/wp-content\/uploads\/2020\/02\/xocali.jpg",620,413,false],"portraits":["https:\/\/arantv.az\/wp-content\/uploads\/2020\/02\/xocali.jpg",620,413,false],"thumbnail":["https:\/\/arantv.az\/wp-content\/uploads\/2020\/02\/xocali-150x150.jpg",150,150,true],"medium":["https:\/\/arantv.az\/wp-content\/uploads\/2020\/02\/xocali-300x200.jpg",300,200,true],"large":["https:\/\/arantv.az\/wp-content\/uploads\/2020\/02\/xocali.jpg",620,413,false],"1536x1536":["https:\/\/arantv.az\/wp-content\/uploads\/2020\/02\/xocali.jpg",620,413,false],"2048x2048":["https:\/\/arantv.az\/wp-content\/uploads\/2020\/02\/xocali.jpg",620,413,false],"post-thumbnail":["https:\/\/arantv.az\/wp-content\/uploads\/2020\/02\/xocali-240x172.jpg",240,172,true],"advps-thumb-one":["https:\/\/arantv.az\/wp-content\/uploads\/2020\/02\/xocali.jpg",620,413,false]},"rttpg_author":{"display_name":"V\u00fcsal Rafiqo\u011flu","author_link":"https:\/\/arantv.az\/?author=2"},"rttpg_comment":0,"rttpg_category":"<a href=\"https:\/\/arantv.az\/?cat=1\" rel=\"category\">C\u0259miyy\u0259t<\/a>","rttpg_excerpt":"\u201c\u0130r\u0259li\u201d \u0130ctimai Birliyi g\u0259ncl\u0259ri Xocal\u0131 soyq\u0131r\u0131m\u0131n\u0131n 30-cu ild\u00f6n\u00fcm\u00fc il\u0259 \u0259laq\u0259dar sosial \u015f\u0259b\u0259k\u0259l\u0259rd\u0259 ke\u00e7ir\u0259c\u0259yi aksiyaya aktiv \u015f\u0259kild\u0259 qo\u015fulma\u011fa d\u0259v\u0259t edir. \u0130ctimai Birlikd\u0259n bildirilib ki, aksiyan\u0131n m\u0259qs\u0259di Az\u0259rbaycan xalq\u0131na qar\u015f\u0131 t\u00f6r\u0259dil\u0259n soyq\u0131r\u0131m\u0131, etnik t\u0259mizl\u0259m\u0259 v\u0259 i\u015f\u011fal siyas\u0259tinin ac\u0131 n\u0259tic\u0259l\u0259rini d\u00fcnya ictimaiyy\u0259tin\u0259 \u00e7atd\u0131rmaq, faci\u0259 haqq\u0131nda geni\u015f m\u0259lumatland\u0131rma i\u015fi aparmaqd\u0131r. \u00dcmumilikd\u0259 1 000-d\u0259n \u00e7ox g\u0259ncin i\u015ftirak\u0131 il\u0259 ke\u00e7iril\u0259c\u0259k kampaniya&hellip;","_links":{"self":[{"href":"https:\/\/arantv.az\/index.php?rest_route=\/wp\/v2\/posts\/441832"}],"collection":[{"href":"https:\/\/arantv.az\/index.php?rest_route=\/wp\/v2\/posts"}],"about":[{"href":"https:\/\/arantv.az\/index.php?rest_route=\/wp\/v2\/types\/post"}],"author":[{"embeddable":true,"href":"https:\/\/arantv.az\/index.php?rest_route=\/wp\/v2\/users\/2"}],"replies":[{"embeddable":true,"href":"https:\/\/arantv.az\/index.php?rest_route=%2Fwp%2Fv2%2Fcomments&post=441832"}],"version-history":[{"count":0,"href":"https:\/\/arantv.az\/index.php?rest_route=\/wp\/v2\/posts\/441832\/revisions"}],"wp:featuredmedia":[{"embeddable":true,"href":"https:\/\/arantv.az\/index.php?rest_route=\/wp\/v2\/media\/134074"}],"wp:attachment":[{"href":"https:\/\/arantv.az\/index.php?rest_route=%2Fwp%2Fv2%2Fmedia&parent=441832"}],"wp:term":[{"taxonomy":"category","embeddable":true,"href":"https:\/\/arantv.az\/index.php?rest_route=%2Fwp%2Fv2%2Fcategories&post=441832"},{"taxonomy":"post_tag","embeddable":true,"href":"https:\/\/arantv.az\/index.php?rest_route=%2Fwp%2Fv2%2Ftags&post=441832"}],"curies":[{"name":"wp","href":"https:\/\/api.w.org\/{rel}","templated":true}]}}