{"id":441843,"date":"2022-02-21T15:14:15","date_gmt":"2022-02-21T12:14:15","guid":{"rendered":"http:\/\/arantv.az\/?p=441843"},"modified":"2022-02-21T15:14:15","modified_gmt":"2022-02-21T12:14:15","slug":"rusiyanin-isgaldan-sonra-oldur%c9%99c%c9%99yi-ukraynalilarin-siyahisi-%c9%99l%c9%99-kecdi-kiml%c9%99r-var","status":"publish","type":"post","link":"https:\/\/arantv.az\/?p=441843","title":{"rendered":"Rusiyan\u0131n i\u015f\u011faldan sonra \u00f6ld\u00fcr\u0259c\u0259yi ukraynal\u0131lar\u0131n S\u0130YAHIs\u0131 \u0259l\u0259 ke\u00e7di: Kiml\u0259r var?"},"content":{"rendered":"<p><strong>AB\u015e Rusiya haqq\u0131nda daha bir inan\u0131lmaz iddia ir\u0259li s\u00fcr\u00fcb.<\/strong><\/p>\n<p>Bu bar\u0259d\u0259 &#8220;The Washington Post\u201dda m\u0259lumat yer al\u0131b. Bel\u0259 ki, A\u011f Evin Birl\u0259\u015fmi\u015f Mill\u0259tl\u0259r T\u0259\u015fkilat\u0131na m\u0259ktub g\u00f6nd\u0259rdiyi \u00fcz\u0259 \u00e7\u0131x\u0131b. M\u0259ktubda A\u011f Evin \u0259lind\u0259 Rusiyan\u0131n Ukraynan\u0131 i\u015f\u011fal ed\u0259nd\u0259n sonra &#8220;\u00f6ld\u00fcr\u00fcl\u0259c\u0259k v\u0259 ya d\u00fc\u015f\u0259rg\u0259y\u0259 g\u00f6nd\u0259ril\u0259c\u0259k ukraynal\u0131lar\u0131n siyah\u0131s\u0131\u201dn\u0131n oldu\u011fu qeyd edilib.<\/p>\n<p>Median\u0131n yayd\u0131\u011f\u0131 m\u0259ktuba \u0259sas\u0259n, Birl\u0259\u015fmi\u015f \u015etatlar BMT-y\u0259 bildirib ki, Moskvan\u0131n i\u015f\u011faldan sonrak\u0131 plan\u0131na &#8220;i\u015fg\u0259nc\u0259l\u0259r, yoxa \u00e7\u0131xmalar v\u0259 xalq\u0131n iztirablar\u0131\u201d kimi madd\u0259l\u0259r d\u0259 daxildir. M\u0259ktubu imzalayan AB\u015e-\u0131n BMT-nin Cenevr\u0259d\u0259ki daimi n\u00fcmay\u0259nd\u0259si Bat\u015feba Kroker b\u0259zi adlar\u0131n h\u0259d\u0259f\u0259 al\u0131naraq \u00f6ld\u00fcr\u00fcl\u0259 bil\u0259c\u0259yini deyib. Onun fikrinc\u0259, s\u00f6z\u00fcged\u0259n &#8220;\u00f6l\u00fcm siyah\u0131s\u0131&#8221;ndak\u0131 adlar Rusiyan\u0131n Ukraynadak\u0131 h\u00fccumuna qar\u015f\u0131 \u00e7\u0131xaca\u011f\u0131 ehtimal olunan \u015f\u0259xsl\u0259rdir. Kroker vur\u011fulay\u0131b ki, Moskvan\u0131n h\u0259d\u0259f alma\u011f\u0131 planla\u015fd\u0131rd\u0131\u011f\u0131 adlar aras\u0131nda Rusiya v\u0259 Belarusdan Ukraynaya qa\u00e7an dissidentl\u0259r, jurnalistl\u0259r, antikorrupsiya f\u0259allar\u0131, dini v\u0259 etnik azl\u0131qlar da yer alacaq.<\/p>\n<p>Q\u0259zet dig\u0259r x\u0259b\u0259rind\u0259, Putinin Ukraynaya h\u00fccuma ba\u015flamaq \u0259mrinin h\u0259rbi komandirl\u0259r\u0259 \u00e7atd\u0131r\u0131ld\u0131\u011f\u0131na dair k\u0259\u015ffiyyat m\u0259lumat\u0131n\u0131n oldu\u011funu da ir\u0259li s\u00fcr\u00fcb.\/\/Sfera.az<\/p>\n","protected":false},"excerpt":{"rendered":"<p>AB\u015e Rusiya haqq\u0131nda daha bir inan\u0131lmaz iddia ir\u0259li s\u00fcr\u00fcb. Bu bar\u0259d\u0259 &#8220;The Washington Post\u201dda m\u0259lumat yer al\u0131b. Bel\u0259 ki, A\u011f Evin Birl\u0259\u015fmi\u015f Mill\u0259tl\u0259r T\u0259\u015fkilat\u0131na m\u0259ktub g\u00f6nd\u0259rdiyi \u00fcz\u0259 \u00e7\u0131x\u0131b. M\u0259ktubda A\u011f Evin \u0259lind\u0259 Rusiyan\u0131n Ukraynan\u0131 i\u015f\u011fal ed\u0259nd\u0259n sonra &#8220;\u00f6ld\u00fcr\u00fcl\u0259c\u0259k v\u0259 ya d\u00fc\u015f\u0259rg\u0259y\u0259 g\u00f6nd\u0259ril\u0259c\u0259k ukraynal\u0131lar\u0131n siyah\u0131s\u0131\u201dn\u0131n oldu\u011fu qeyd edilib. Median\u0131n yayd\u0131\u011f\u0131 m\u0259ktuba \u0259sas\u0259n, Birl\u0259\u015fmi\u015f \u015etatlar BMT-y\u0259 bildirib ki, Moskvan\u0131n i\u015f\u011faldan sonrak\u0131 plan\u0131na &#8220;i\u015fg\u0259nc\u0259l\u0259r, yoxa \u00e7\u0131xmalar v\u0259 xalq\u0131n iztirablar\u0131\u201d kimi madd\u0259l\u0259r d\u0259 daxildir. M\u0259ktubu imzalayan AB\u015e-\u0131n BMT-nin Cenevr\u0259d\u0259ki daimi n\u00fcmay\u0259nd\u0259si Bat\u015feba Kroker b\u0259zi adlar\u0131n h\u0259d\u0259f\u0259 al\u0131naraq \u00f6ld\u00fcr\u00fcl\u0259 bil\u0259c\u0259yini deyib. Onun fikrinc\u0259, s\u00f6z\u00fcged\u0259n &#8220;\u00f6l\u00fcm&hellip;<\/p>\n","protected":false},"author":2,"featured_media":441844,"comment_status":"closed","ping_status":"closed","sticky":false,"template":"","format":"standard","meta":{"om_disable_all_campaigns":false,"_monsterinsights_skip_tracking":false,"_monsterinsights_sitenote_active":false,"_monsterinsights_sitenote_note":"","_monsterinsights_sitenote_category":0},"categories":[19],"tags":[],"aioseo_notices":[],"gutentor_comment":0,"rttpg_featured_image_url":{"full":["https:\/\/arantv.az\/wp-content\/uploads\/2022\/02\/e4776fd039a2fe4fff3d254b5f6dd0c0.jpg",450,300,false],"landscape":["https:\/\/arantv.az\/wp-content\/uploads\/2022\/02\/e4776fd039a2fe4fff3d254b5f6dd0c0.jpg",450,300,false],"portraits":["https:\/\/arantv.az\/wp-content\/uploads\/2022\/02\/e4776fd039a2fe4fff3d254b5f6dd0c0.jpg",450,300,false],"thumbnail":["https:\/\/arantv.az\/wp-content\/uploads\/2022\/02\/e4776fd039a2fe4fff3d254b5f6dd0c0-450x280.jpg",450,280,true],"medium":["https:\/\/arantv.az\/wp-content\/uploads\/2022\/02\/e4776fd039a2fe4fff3d254b5f6dd0c0.jpg",450,300,false],"large":["https:\/\/arantv.az\/wp-content\/uploads\/2022\/02\/e4776fd039a2fe4fff3d254b5f6dd0c0.jpg",450,300,false],"1536x1536":["https:\/\/arantv.az\/wp-content\/uploads\/2022\/02\/e4776fd039a2fe4fff3d254b5f6dd0c0.jpg",450,300,false],"2048x2048":["https:\/\/arantv.az\/wp-content\/uploads\/2022\/02\/e4776fd039a2fe4fff3d254b5f6dd0c0.jpg",450,300,false],"post-thumbnail":["https:\/\/arantv.az\/wp-content\/uploads\/2022\/02\/e4776fd039a2fe4fff3d254b5f6dd0c0-240x172.jpg",240,172,true],"advps-thumb-one":["https:\/\/arantv.az\/wp-content\/uploads\/2022\/02\/e4776fd039a2fe4fff3d254b5f6dd0c0.jpg",450,300,false]},"rttpg_author":{"display_name":"V\u00fcsal Rafiqo\u011flu","author_link":"https:\/\/arantv.az\/?author=2"},"rttpg_comment":0,"rttpg_category":"<a href=\"https:\/\/arantv.az\/?cat=19\" rel=\"category\">G\u00fcnd\u0259m<\/a>","rttpg_excerpt":"AB\u015e Rusiya haqq\u0131nda daha bir inan\u0131lmaz iddia ir\u0259li s\u00fcr\u00fcb. Bu bar\u0259d\u0259 &#8220;The Washington Post\u201dda m\u0259lumat yer al\u0131b. Bel\u0259 ki, A\u011f Evin Birl\u0259\u015fmi\u015f Mill\u0259tl\u0259r T\u0259\u015fkilat\u0131na m\u0259ktub g\u00f6nd\u0259rdiyi \u00fcz\u0259 \u00e7\u0131x\u0131b. M\u0259ktubda A\u011f Evin \u0259lind\u0259 Rusiyan\u0131n Ukraynan\u0131 i\u015f\u011fal ed\u0259nd\u0259n sonra &#8220;\u00f6ld\u00fcr\u00fcl\u0259c\u0259k v\u0259 ya d\u00fc\u015f\u0259rg\u0259y\u0259 g\u00f6nd\u0259ril\u0259c\u0259k ukraynal\u0131lar\u0131n siyah\u0131s\u0131\u201dn\u0131n oldu\u011fu qeyd edilib. Median\u0131n yayd\u0131\u011f\u0131 m\u0259ktuba \u0259sas\u0259n, Birl\u0259\u015fmi\u015f \u015etatlar BMT-y\u0259 bildirib&hellip;","_links":{"self":[{"href":"https:\/\/arantv.az\/index.php?rest_route=\/wp\/v2\/posts\/441843"}],"collection":[{"href":"https:\/\/arantv.az\/index.php?rest_route=\/wp\/v2\/posts"}],"about":[{"href":"https:\/\/arantv.az\/index.php?rest_route=\/wp\/v2\/types\/post"}],"author":[{"embeddable":true,"href":"https:\/\/arantv.az\/index.php?rest_route=\/wp\/v2\/users\/2"}],"replies":[{"embeddable":true,"href":"https:\/\/arantv.az\/index.php?rest_route=%2Fwp%2Fv2%2Fcomments&post=441843"}],"version-history":[{"count":0,"href":"https:\/\/arantv.az\/index.php?rest_route=\/wp\/v2\/posts\/441843\/revisions"}],"wp:featuredmedia":[{"embeddable":true,"href":"https:\/\/arantv.az\/index.php?rest_route=\/wp\/v2\/media\/441844"}],"wp:attachment":[{"href":"https:\/\/arantv.az\/index.php?rest_route=%2Fwp%2Fv2%2Fmedia&parent=441843"}],"wp:term":[{"taxonomy":"category","embeddable":true,"href":"https:\/\/arantv.az\/index.php?rest_route=%2Fwp%2Fv2%2Fcategories&post=441843"},{"taxonomy":"post_tag","embeddable":true,"href":"https:\/\/arantv.az\/index.php?rest_route=%2Fwp%2Fv2%2Ftags&post=441843"}],"curies":[{"name":"wp","href":"https:\/\/api.w.org\/{rel}","templated":true}]}}