{"id":441849,"date":"2022-02-21T15:16:08","date_gmt":"2022-02-21T12:16:08","guid":{"rendered":"http:\/\/arantv.az\/?p=441849"},"modified":"2022-02-21T15:16:08","modified_gmt":"2022-02-21T12:16:08","slug":"klaar-%c9%99liyevin-q%c9%99bulunda-bakinin-gozl%c9%99ntisi-s%c9%99rh","status":"publish","type":"post","link":"https:\/\/arantv.az\/?p=441849","title":{"rendered":"Klaar \u018fliyevin q\u0259bulunda: Bak\u0131n\u0131n g\u00f6zl\u0259ntisi \u2013 \u015e\u018fRH"},"content":{"rendered":"<p>Avropa \u0130ttifaq\u0131n\u0131n Az\u0259rbaycan-Erm\u0259nistan normalla\u015fmas\u0131 prosesin\u0259 \u0259sasl\u0131 t\u00f6hf\u0259l\u0259r ver\u0259n add\u0131mlara can atmas\u0131 Bak\u0131n\u0131n regional v\u0259 beyn\u0259lxalq \u0259h\u0259miyy\u0259tind\u0259n, enerji bazarlar\u0131nda oynad\u0131\u011f\u0131 roldan ir\u0259li g\u0259lir.<\/p>\n<p>Fevral\u0131n 21-d\u0259 Avropa \u0130ttifaq\u0131n\u0131n C\u0259nubi Qafqaz \u00fczr\u0259 x\u00fcsusi n\u00fcmay\u0259nd\u0259si Toivo Klaar\u0131n trafikini Bak\u0131ya salaraq Az\u0259rbaycan Prezidenti \u0130lham \u018fliyevin q\u0259bulunda olmas\u0131 intensiv t\u0259maslar\u0131n g\u00f6st\u0259ricisidir.<\/p>\n<div class=\"AdviadNativeVideo\"><\/div>\n<p>Az\u0259rbaycan Avropa \u0130ttifaq\u0131n\u0131n postm\u00fcnaqi\u015f\u0259 d\u00f6vr\u00fcnd\u0259ki \u0259dal\u0259tli bit\u0259r\u0259fli m\u00f6vqeyind\u0259n raz\u0131d\u0131r, h\u0259r\u00e7\u0259nd ki, \u0259vv\u0259ll\u0259r v\u0259ziyy\u0259t bir q\u0259d\u0259r f\u0259rqli idi.<\/p>\n<p>Az\u0259rbaycanla Avropa \u0130ttifaq\u0131 aras\u0131nda \u015fax\u0259l\u0259ndiril\u0259n \u0259laq\u0259l\u0259rin keyfiyy\u0259tc\u0259 yeni m\u0259rh\u0259l\u0259y\u0259 ke\u00e7idini yeni sazi\u015f nizamlayacaq.<\/p>\n<p>Sazi\u015f layih\u0259sinin 90 faizi raz\u0131la\u015fd\u0131r\u0131l\u0131b v\u0259 yax\u0131n aylarda imzalanaca\u011f\u0131 g\u00f6zl\u0259nilir.<\/p>\n<p>Bu s\u0259n\u0259d C\u0259nubi Qafqazda yaranan yeni reall\u0131qda Avropa \u0130ttifaq\u0131n\u0131 Az\u0259rbaycan\u0131n yan\u0131nda dayan\u0131ql\u0131 yer almas\u0131 \u00fc\u00e7\u00fcn stimulla\u015fd\u0131r\u0131c\u0131 rol oynayacaq.<\/p>\n<p>Daha ayd\u0131n t\u0259s\u0259vv\u00fcr yaratmaq \u00fc\u00e7\u00fcn dem\u0259liyik ki, haz\u0131rda s\u0259n\u0259d \u00fcz\u0259rind\u0259 dan\u0131\u015f\u0131qlar, m\u00fcdd\u0259tin uzad\u0131lmas\u0131na v\u0259 yenilikl\u0259r \u0259lav\u0259 olunmas\u0131na hesablan\u0131b.<\/p>\n<p>Avropa Qon\u015fuluq Siyas\u0259tinin yenil\u0259nm\u0259sind\u0259n sonra Avropa \u0130ttifaq\u0131 Az\u0259rbaycanla yeni T\u0259r\u0259fda\u015fl\u0131q Prioritetl\u0259ri s\u0259n\u0259di \u00fczr\u0259 dan\u0131\u015f\u0131qlar apard\u0131.<\/p>\n<p>Prezident \u0130lham \u018fliyevin i\u015ftirak\u0131 il\u0259 2018-ci ilin iyulun 11-d\u0259 Br\u00fcssel \u015f\u0259h\u0259rind\u0259 s\u0259n\u0259d \u00fczr\u0259 dan\u0131\u015f\u0131qlar\u0131n bitm\u0259sini qeyd ed\u0259n m\u0259rasim ke\u00e7irildi.<\/p>\n<p>S\u0259n\u0259d h\u0259min ilin sentyabr\u0131n 28-d\u0259 Az\u0259rbaycan \u2013 Avropa \u0130ttifaq\u0131 \u018fm\u0259kda\u015fl\u0131q \u015euras\u0131n\u0131n t\u00f6vsiy\u0259si il\u0259 q\u0259bul edildi v\u0259 h\u0259min tarixd\u0259n q\u00fcvv\u0259y\u0259 mindi.<\/p>\n<p>Haz\u0131rda \u0259m\u0259kda\u015fl\u0131\u011f\u0131n daha da d\u0259rinl\u0259\u015fm\u0259sini \u00f6z\u00fcnd\u0259 ehtiva ed\u0259n yeni m\u00fcdd\u0259alar\u0131n s\u0259n\u0259dd\u0259 \u00f6z \u0259ksini tapmas\u0131 il\u0259 ba\u011fl\u0131 dan\u0131\u015f\u0131qlar gedir. S\u0259n\u0259din m\u00fcdd\u0259tinin 2027-ci il\u0259d\u0259k uzad\u0131lmas\u0131 istiqam\u0259tind\u0259 i\u015f apar\u0131l\u0131r.<\/p>\n<p>Detallar a\u00e7\u0131qlanmasa da, bildirm\u0259k olar ki, yeni s\u0259n\u0259d yeni reall\u0131qlar kontekstind\u0259:<\/p>\n<p>1. Qurumlar\u0131n g\u00fccl\u0259ndirilm\u0259sin\u0259 v\u0259 yax\u015f\u0131 idar\u0259\u00e7iliy\u0259 t\u0259kan ver\u0259c\u0259k,<\/p>\n<p>2. \u0130qtisadi inki\u015faf\u0131 s\u00fcr\u0259tl\u0259ndir\u0259c\u0259k v\u0259 bazar imkanlar\u0131n\u0131 geni\u015fl\u0259ndir\u0259c\u0259k,<\/p>\n<p>3. Ba\u011flant\u0131lar, enerji s\u0259m\u0259r\u0259liliyi, \u0259traf m\u00fchit v\u0259 iqlim f\u0259aliyy\u0259tin\u0259 dair koordinasiya yaradacaq.<\/p>\n<p>Prezident \u0130lham \u018fliyev Klaarla g\u00f6r\u00fc\u015fd\u0259 deyib ki, sazi\u015f \u00fczr\u0259 dan\u0131\u015f\u0131qlar\u0131n intensiv \u015f\u0259kild\u0259 apar\u0131lmas\u0131 v\u0259 onun tez bir zamanda yekunla\u015fd\u0131r\u0131lmas\u0131 \u00fc\u00e7\u00fcn m\u00fcvafiq qurumlara tap\u015f\u0131r\u0131qlar verilib.<\/p>\n<p>Avropa \u0130ttifaq\u0131n\u0131n Bak\u0131 il\u0259 \u0130r\u0259van aras\u0131nda normalla\u015fma prosesind\u0259ki i\u015ftirak\u0131 onun Az\u0259rbaycanla \u0259laq\u0259l\u0259rin\u0259 yeni r\u0259ng qat\u0131r. Bu is\u0259 Az\u0259rbaycanla Avropa \u0130ttifaq\u0131 aras\u0131ndak\u0131 dialoqlar\u0131 konstruktiv hala g\u0259tirir.<\/p>\n<p>Avropa \u0130ttifaq\u0131 \u015euras\u0131n\u0131n Prezidenti \u015earl Mi\u015felin \u0259laq\u0259l\u0259rin inki\u015faf\u0131na t\u00f6hf\u0259si, postm\u00fcnaqi\u015f\u0259 d\u00f6vr\u00fcnd\u0259 t\u0259\u015fkilat\u0131n m\u00fcxt\u0259lif layih\u0259l\u0259rin d\u0259st\u0259kl\u0259nm\u0259si \u00fc\u00e7\u00fcn iki Az\u0259rbaycana milyard avro d\u0259y\u0259rind\u0259 g\u00fcz\u0259\u015ftli kredit x\u0259tti ay\u0131rmas\u0131 Bak\u0131ya veril\u0259n \u00f6n\u0259min g\u00f6st\u0259ricisidir.<\/p>\n<p>Avropa \u0130ttifaq\u0131n\u0131n qar\u015f\u0131s\u0131nda daha bir \u00f6hd\u0259lik dayan\u0131r.<\/p>\n<p>Bel\u0259 ki, fevral\u0131n 4-d\u0259 Fransa Prezidenti Emmanuel Makronun t\u0259\u015f\u0259bb\u00fcs\u00fc il\u0259 Az\u0259rbaycan Prezidenti \u0130lham \u018fliyevin, Fransan\u0131n Avropa \u0130ttifaq\u0131na s\u0259drliyi qismind\u0259 Prezident Emmanuel Makronun, Avropa \u0130ttifaq\u0131 \u015euras\u0131n\u0131n Prezidenti \u015earl Mi\u015felin v\u0259 Erm\u0259nistan ba\u015f naziri Nikol Pa\u015finyan\u0131n i\u015ftirak\u0131 il\u0259 videoformatda g\u00f6r\u00fc\u015f ke\u00e7irilmi\u015fdi.<\/p>\n<p>H\u0259min g\u00f6r\u00fc\u015fd\u0259 \u0130lham \u018fliyev birinci Erm\u0259nistan-Az\u0259rbaycan m\u00fcharib\u0259sind\u0259 itkin d\u00fc\u015f\u0259n 3890 v\u0259t\u0259nda\u015f\u0131n taleyin\u0259 ayd\u0131nl\u0131q g\u0259tirilm\u0259sinin vacibliyini bildirmi\u015fdi.<\/p>\n<p>Haz\u0131rda is\u0259 Avropa \u0130ttifaq\u0131 t\u0259\u015f\u0259bb\u00fcskar oldu\u011fu h\u0259min g\u00f6r\u00fc\u015fd\u0259 \u0259ld\u0259 olunan raz\u0131l\u0131\u011f\u0131n realla\u015fmas\u0131 istiqam\u0259tind\u0259 \u00e7al\u0131\u015fmal\u0131d\u0131r v\u0259 Erm\u0259nistan\u0131n konstruktiv m\u00f6vqey\u0259 d\u0259v\u0259t etm\u0259lidir.<\/p>\n","protected":false},"excerpt":{"rendered":"<p>Avropa \u0130ttifaq\u0131n\u0131n Az\u0259rbaycan-Erm\u0259nistan normalla\u015fmas\u0131 prosesin\u0259 \u0259sasl\u0131 t\u00f6hf\u0259l\u0259r ver\u0259n add\u0131mlara can atmas\u0131 Bak\u0131n\u0131n regional v\u0259 beyn\u0259lxalq \u0259h\u0259miyy\u0259tind\u0259n, enerji bazarlar\u0131nda oynad\u0131\u011f\u0131 roldan ir\u0259li g\u0259lir. Fevral\u0131n 21-d\u0259 Avropa \u0130ttifaq\u0131n\u0131n C\u0259nubi Qafqaz \u00fczr\u0259 x\u00fcsusi n\u00fcmay\u0259nd\u0259si Toivo Klaar\u0131n trafikini Bak\u0131ya salaraq Az\u0259rbaycan Prezidenti \u0130lham \u018fliyevin q\u0259bulunda olmas\u0131 intensiv t\u0259maslar\u0131n g\u00f6st\u0259ricisidir. Az\u0259rbaycan Avropa \u0130ttifaq\u0131n\u0131n postm\u00fcnaqi\u015f\u0259 d\u00f6vr\u00fcnd\u0259ki \u0259dal\u0259tli bit\u0259r\u0259fli m\u00f6vqeyind\u0259n raz\u0131d\u0131r, h\u0259r\u00e7\u0259nd ki, \u0259vv\u0259ll\u0259r v\u0259ziyy\u0259t bir q\u0259d\u0259r f\u0259rqli idi. Az\u0259rbaycanla Avropa \u0130ttifaq\u0131 aras\u0131nda \u015fax\u0259l\u0259ndiril\u0259n \u0259laq\u0259l\u0259rin keyfiyy\u0259tc\u0259 yeni m\u0259rh\u0259l\u0259y\u0259 ke\u00e7idini yeni sazi\u015f nizamlayacaq. Sazi\u015f layih\u0259sinin 90 faizi raz\u0131la\u015fd\u0131r\u0131l\u0131b v\u0259 yax\u0131n aylarda imzalanaca\u011f\u0131 g\u00f6zl\u0259nilir. Bu s\u0259n\u0259d C\u0259nubi Qafqazda yaranan&hellip;<\/p>\n","protected":false},"author":2,"featured_media":441850,"comment_status":"closed","ping_status":"closed","sticky":false,"template":"","format":"standard","meta":{"om_disable_all_campaigns":false,"_monsterinsights_skip_tracking":false,"_monsterinsights_sitenote_active":false,"_monsterinsights_sitenote_note":"","_monsterinsights_sitenote_category":0},"categories":[4],"tags":[],"aioseo_notices":[],"gutentor_comment":0,"rttpg_featured_image_url":{"full":["https:\/\/arantv.az\/wp-content\/uploads\/2022\/02\/F25403BF-BED7-4F70-A300-D9BF9A8F5D24.jpg",620,433,false],"landscape":["https:\/\/arantv.az\/wp-content\/uploads\/2022\/02\/F25403BF-BED7-4F70-A300-D9BF9A8F5D24.jpg",620,433,false],"portraits":["https:\/\/arantv.az\/wp-content\/uploads\/2022\/02\/F25403BF-BED7-4F70-A300-D9BF9A8F5D24.jpg",620,433,false],"thumbnail":["https:\/\/arantv.az\/wp-content\/uploads\/2022\/02\/F25403BF-BED7-4F70-A300-D9BF9A8F5D24-500x280.jpg",500,280,true],"medium":["https:\/\/arantv.az\/wp-content\/uploads\/2022\/02\/F25403BF-BED7-4F70-A300-D9BF9A8F5D24-523x365.jpg",523,365,true],"large":["https:\/\/arantv.az\/wp-content\/uploads\/2022\/02\/F25403BF-BED7-4F70-A300-D9BF9A8F5D24.jpg",620,433,false],"1536x1536":["https:\/\/arantv.az\/wp-content\/uploads\/2022\/02\/F25403BF-BED7-4F70-A300-D9BF9A8F5D24.jpg",620,433,false],"2048x2048":["https:\/\/arantv.az\/wp-content\/uploads\/2022\/02\/F25403BF-BED7-4F70-A300-D9BF9A8F5D24.jpg",620,433,false],"post-thumbnail":["https:\/\/arantv.az\/wp-content\/uploads\/2022\/02\/F25403BF-BED7-4F70-A300-D9BF9A8F5D24-240x172.jpg",240,172,true],"advps-thumb-one":["https:\/\/arantv.az\/wp-content\/uploads\/2022\/02\/F25403BF-BED7-4F70-A300-D9BF9A8F5D24.jpg",620,433,false]},"rttpg_author":{"display_name":"V\u00fcsal Rafiqo\u011flu","author_link":"https:\/\/arantv.az\/?author=2"},"rttpg_comment":0,"rttpg_category":"<a href=\"https:\/\/arantv.az\/?cat=4\" rel=\"category\">Siyas\u0259t<\/a>","rttpg_excerpt":"Avropa \u0130ttifaq\u0131n\u0131n Az\u0259rbaycan-Erm\u0259nistan normalla\u015fmas\u0131 prosesin\u0259 \u0259sasl\u0131 t\u00f6hf\u0259l\u0259r ver\u0259n add\u0131mlara can atmas\u0131 Bak\u0131n\u0131n regional v\u0259 beyn\u0259lxalq \u0259h\u0259miyy\u0259tind\u0259n, enerji bazarlar\u0131nda oynad\u0131\u011f\u0131 roldan ir\u0259li g\u0259lir. Fevral\u0131n 21-d\u0259 Avropa \u0130ttifaq\u0131n\u0131n C\u0259nubi Qafqaz \u00fczr\u0259 x\u00fcsusi n\u00fcmay\u0259nd\u0259si Toivo Klaar\u0131n trafikini Bak\u0131ya salaraq Az\u0259rbaycan Prezidenti \u0130lham \u018fliyevin q\u0259bulunda olmas\u0131 intensiv t\u0259maslar\u0131n g\u00f6st\u0259ricisidir. Az\u0259rbaycan Avropa \u0130ttifaq\u0131n\u0131n postm\u00fcnaqi\u015f\u0259 d\u00f6vr\u00fcnd\u0259ki \u0259dal\u0259tli bit\u0259r\u0259fli m\u00f6vqeyind\u0259n raz\u0131d\u0131r, h\u0259r\u00e7\u0259nd&hellip;","_links":{"self":[{"href":"https:\/\/arantv.az\/index.php?rest_route=\/wp\/v2\/posts\/441849"}],"collection":[{"href":"https:\/\/arantv.az\/index.php?rest_route=\/wp\/v2\/posts"}],"about":[{"href":"https:\/\/arantv.az\/index.php?rest_route=\/wp\/v2\/types\/post"}],"author":[{"embeddable":true,"href":"https:\/\/arantv.az\/index.php?rest_route=\/wp\/v2\/users\/2"}],"replies":[{"embeddable":true,"href":"https:\/\/arantv.az\/index.php?rest_route=%2Fwp%2Fv2%2Fcomments&post=441849"}],"version-history":[{"count":0,"href":"https:\/\/arantv.az\/index.php?rest_route=\/wp\/v2\/posts\/441849\/revisions"}],"wp:featuredmedia":[{"embeddable":true,"href":"https:\/\/arantv.az\/index.php?rest_route=\/wp\/v2\/media\/441850"}],"wp:attachment":[{"href":"https:\/\/arantv.az\/index.php?rest_route=%2Fwp%2Fv2%2Fmedia&parent=441849"}],"wp:term":[{"taxonomy":"category","embeddable":true,"href":"https:\/\/arantv.az\/index.php?rest_route=%2Fwp%2Fv2%2Fcategories&post=441849"},{"taxonomy":"post_tag","embeddable":true,"href":"https:\/\/arantv.az\/index.php?rest_route=%2Fwp%2Fv2%2Ftags&post=441849"}],"curies":[{"name":"wp","href":"https:\/\/api.w.org\/{rel}","templated":true}]}}