{"id":441855,"date":"2022-02-21T15:26:42","date_gmt":"2022-02-21T12:26:42","guid":{"rendered":"http:\/\/arantv.az\/?p=441855"},"modified":"2022-02-21T15:26:42","modified_gmt":"2022-02-21T12:26:42","slug":"az%c9%99rbaycan-v%c9%99-rusiya-prezidentl%c9%99ri-mutt%c9%99fiqlik-f%c9%99aliyy%c9%99ti-haqqinda-b%c9%99yannam%c9%99y%c9%99-imza-atacaq","status":"publish","type":"post","link":"https:\/\/arantv.az\/?p=441855","title":{"rendered":"Az\u0259rbaycan v\u0259 Rusiya Prezidentl\u0259ri m\u00fctt\u0259fiqlik f\u0259aliyy\u0259ti haqq\u0131nda b\u0259yannam\u0259y\u0259 imza atacaq"},"content":{"rendered":"<p>Az\u0259rbaycan Prezidenti \u0130lham \u018fliyev v\u0259 Rusiya Federasiyas\u0131n\u0131n Prezidenti Vladimir Putin sabah (fevral\u0131n 22-d\u0259) Moskvada Qaraba\u011fla ba\u011fl\u0131 raz\u0131la\u015fmalar\u0131n icras\u0131n\u0131 m\u00fczakir\u0259 ed\u0259c\u0259kl\u0259r.<\/p>\n<div class=\"AdviadNativeVideo\"><\/div>\n<p>R\u0259smi Kremlin yayd\u0131\u011f\u0131 m\u0259lumatda qeyd olunur ki, \u0130lham \u018fliyev v\u0259 Vladimir Putin qar\u015f\u0131l\u0131ql\u0131 m\u00fctt\u0259fiqlik f\u0259aliyy\u0259ti haqq\u0131nda b\u0259yannam\u0259y\u0259 d\u0259 imza atacaqlar.<\/p>\n<p>T\u0259r\u0259fl\u0259r h\u0259m\u00e7inin siyasi, ticari-iqtisadi v\u0259 humanitar sah\u0259l\u0259rd\u0259 ikit\u0259r\u0259fli m\u00fcnasib\u0259tl\u0259rin g\u0259l\u0259c\u0259k inki\u015faf\u0131n\u0131 m\u00fczakir\u0259 ed\u0259c\u0259k.<\/p>\n<p>M\u0259nb\u0259: Kremlin.ru<\/p>\n","protected":false},"excerpt":{"rendered":"<p>Az\u0259rbaycan Prezidenti \u0130lham \u018fliyev v\u0259 Rusiya Federasiyas\u0131n\u0131n Prezidenti Vladimir Putin sabah (fevral\u0131n 22-d\u0259) Moskvada Qaraba\u011fla ba\u011fl\u0131 raz\u0131la\u015fmalar\u0131n icras\u0131n\u0131 m\u00fczakir\u0259 ed\u0259c\u0259kl\u0259r. R\u0259smi Kremlin yayd\u0131\u011f\u0131 m\u0259lumatda qeyd olunur ki, \u0130lham \u018fliyev v\u0259 Vladimir Putin qar\u015f\u0131l\u0131ql\u0131 m\u00fctt\u0259fiqlik f\u0259aliyy\u0259ti haqq\u0131nda b\u0259yannam\u0259y\u0259 d\u0259 imza atacaqlar. T\u0259r\u0259fl\u0259r h\u0259m\u00e7inin siyasi, ticari-iqtisadi v\u0259 humanitar sah\u0259l\u0259rd\u0259 ikit\u0259r\u0259fli m\u00fcnasib\u0259tl\u0259rin g\u0259l\u0259c\u0259k inki\u015faf\u0131n\u0131 m\u00fczakir\u0259 ed\u0259c\u0259k. M\u0259nb\u0259: Kremlin.ru<\/p>\n","protected":false},"author":2,"featured_media":441856,"comment_status":"closed","ping_status":"closed","sticky":false,"template":"","format":"standard","meta":{"om_disable_all_campaigns":false,"_monsterinsights_skip_tracking":false,"_monsterinsights_sitenote_active":false,"_monsterinsights_sitenote_note":"","_monsterinsights_sitenote_category":0},"categories":[7],"tags":[],"aioseo_notices":[],"gutentor_comment":0,"rttpg_featured_image_url":{"full":["https:\/\/arantv.az\/wp-content\/uploads\/2022\/02\/269948537_1175903922944581_1426599503085702002_n.jpg",620,413,false],"landscape":["https:\/\/arantv.az\/wp-content\/uploads\/2022\/02\/269948537_1175903922944581_1426599503085702002_n.jpg",620,413,false],"portraits":["https:\/\/arantv.az\/wp-content\/uploads\/2022\/02\/269948537_1175903922944581_1426599503085702002_n.jpg",620,413,false],"thumbnail":["https:\/\/arantv.az\/wp-content\/uploads\/2022\/02\/269948537_1175903922944581_1426599503085702002_n-500x280.jpg",500,280,true],"medium":["https:\/\/arantv.az\/wp-content\/uploads\/2022\/02\/269948537_1175903922944581_1426599503085702002_n-548x365.jpg",548,365,true],"large":["https:\/\/arantv.az\/wp-content\/uploads\/2022\/02\/269948537_1175903922944581_1426599503085702002_n.jpg",620,413,false],"1536x1536":["https:\/\/arantv.az\/wp-content\/uploads\/2022\/02\/269948537_1175903922944581_1426599503085702002_n.jpg",620,413,false],"2048x2048":["https:\/\/arantv.az\/wp-content\/uploads\/2022\/02\/269948537_1175903922944581_1426599503085702002_n.jpg",620,413,false],"post-thumbnail":["https:\/\/arantv.az\/wp-content\/uploads\/2022\/02\/269948537_1175903922944581_1426599503085702002_n-240x172.jpg",240,172,true],"advps-thumb-one":["https:\/\/arantv.az\/wp-content\/uploads\/2022\/02\/269948537_1175903922944581_1426599503085702002_n.jpg",620,413,false]},"rttpg_author":{"display_name":"V\u00fcsal Rafiqo\u011flu","author_link":"https:\/\/arantv.az\/?author=2"},"rttpg_comment":0,"rttpg_category":"<a href=\"https:\/\/arantv.az\/?cat=7\" rel=\"category\">D\u00fcnya<\/a>","rttpg_excerpt":"Az\u0259rbaycan Prezidenti \u0130lham \u018fliyev v\u0259 Rusiya Federasiyas\u0131n\u0131n Prezidenti Vladimir Putin sabah (fevral\u0131n 22-d\u0259) Moskvada Qaraba\u011fla ba\u011fl\u0131 raz\u0131la\u015fmalar\u0131n icras\u0131n\u0131 m\u00fczakir\u0259 ed\u0259c\u0259kl\u0259r. R\u0259smi Kremlin yayd\u0131\u011f\u0131 m\u0259lumatda qeyd olunur ki, \u0130lham \u018fliyev v\u0259 Vladimir Putin qar\u015f\u0131l\u0131ql\u0131 m\u00fctt\u0259fiqlik f\u0259aliyy\u0259ti haqq\u0131nda b\u0259yannam\u0259y\u0259 d\u0259 imza atacaqlar. T\u0259r\u0259fl\u0259r h\u0259m\u00e7inin siyasi, ticari-iqtisadi v\u0259 humanitar sah\u0259l\u0259rd\u0259 ikit\u0259r\u0259fli m\u00fcnasib\u0259tl\u0259rin g\u0259l\u0259c\u0259k inki\u015faf\u0131n\u0131 m\u00fczakir\u0259 ed\u0259c\u0259k. M\u0259nb\u0259: Kremlin.ru","_links":{"self":[{"href":"https:\/\/arantv.az\/index.php?rest_route=\/wp\/v2\/posts\/441855"}],"collection":[{"href":"https:\/\/arantv.az\/index.php?rest_route=\/wp\/v2\/posts"}],"about":[{"href":"https:\/\/arantv.az\/index.php?rest_route=\/wp\/v2\/types\/post"}],"author":[{"embeddable":true,"href":"https:\/\/arantv.az\/index.php?rest_route=\/wp\/v2\/users\/2"}],"replies":[{"embeddable":true,"href":"https:\/\/arantv.az\/index.php?rest_route=%2Fwp%2Fv2%2Fcomments&post=441855"}],"version-history":[{"count":0,"href":"https:\/\/arantv.az\/index.php?rest_route=\/wp\/v2\/posts\/441855\/revisions"}],"wp:featuredmedia":[{"embeddable":true,"href":"https:\/\/arantv.az\/index.php?rest_route=\/wp\/v2\/media\/441856"}],"wp:attachment":[{"href":"https:\/\/arantv.az\/index.php?rest_route=%2Fwp%2Fv2%2Fmedia&parent=441855"}],"wp:term":[{"taxonomy":"category","embeddable":true,"href":"https:\/\/arantv.az\/index.php?rest_route=%2Fwp%2Fv2%2Fcategories&post=441855"},{"taxonomy":"post_tag","embeddable":true,"href":"https:\/\/arantv.az\/index.php?rest_route=%2Fwp%2Fv2%2Ftags&post=441855"}],"curies":[{"name":"wp","href":"https:\/\/api.w.org\/{rel}","templated":true}]}}