{"id":441858,"date":"2022-02-21T15:32:12","date_gmt":"2022-02-21T12:32:12","guid":{"rendered":"http:\/\/arantv.az\/?p=441858"},"modified":"2022-02-21T15:32:12","modified_gmt":"2022-02-21T12:32:12","slug":"maqsud-mahmudov-qizillarimi-goturub-ukraynaya-qacdi","status":"publish","type":"post","link":"https:\/\/arantv.az\/?p=441858","title":{"rendered":"&#8220;Maqsud Mahmudov q\u0131z\u0131llar\u0131m\u0131 g\u00f6t\u00fcr\u00fcb Ukraynaya qa\u00e7d\u0131&#8221;"},"content":{"rendered":"<p>Bak\u0131 A\u011f\u0131r Cinay\u0259tl\u0259r M\u0259hk\u0259m\u0259sind\u0259 Ukraynada tutularaq Az\u0259rbaycana g\u0259tiril\u0259n i\u015f adam\u0131 Maqsud Mahmudovun bar\u0259sind\u0259ki cinay\u0259t i\u015fi \u00fczr\u0259 m\u0259hk\u0259m\u0259 prosesi davam etdirilib.<\/p>\n<p><strong>ARANTV.AZ<\/strong>\u00a0 <a href=\"https:\/\/az.trend.az\/\" target=\"_blank\" rel=\"noopener\">Trend<\/a>-\u0259 istinad\u0259n x\u0259b\u0259r verir ki,\u00a0hakim Faiq Q\u0259niyevin s\u0259drlik etdiyi prosesd\u0259 ifad\u0259 ver\u0259n z\u0259r\u0259r\u00e7\u0259kmi\u015f R\u0259na Soltanova bildirib ki, 2019-cu ild\u0259 L\u00f6kbatan q\u0259s\u0259b\u0259sind\u0259 yerl\u0259\u015f\u0259n lombarda q\u0131z\u0131l-zin\u0259t \u0259\u015fyalar\u0131 qoyub. Bir m\u00fcdd\u0259t sonra yaranm\u0131\u015f probleml\u0259 ba\u011fl\u0131 q\u0131z\u0131llar\u0131n\u0131n yar\u0131s\u0131n\u0131 ala bilm\u0259yib.<\/p>\n<p>Z\u0259r\u0259r\u00e7\u0259kmi\u015f \u015f\u0259xsin haz\u0131rk\u0131 ifad\u0259si il\u0259 istintaqa verdiyi ifad\u0259 aras\u0131nda ziddiyy\u0259t yaran\u0131b. R.Soltanova \u0259vv\u0259lki ifad\u0259sind\u0259 lombarda qoydu\u011fu q\u0131z\u0131llar\u0131n hams\u0131n\u0131 g\u00f6t\u00fcrd\u00fcy\u00fcn\u00fc deyib.<br \/>\nDaha sonra ifad\u0259 ver\u0259n z\u0259r\u0259r\u00e7\u0259kmi\u015f Nazl\u0131 \u015e\u0259biyeva bildirib ki, 2019-cu ild\u0259 lombarda qoydu\u011fu q\u0131z\u0131llar\u0131 yaln\u0131z \u00f6t\u0259n ay ala bilib.<\/p>\n<p>&#8220;L\u00f6kbatanda yerl\u0259\u015f\u0259n lombarda 500 manatl\u0131q q\u0131z\u0131l qoymu\u015fdum. Bir m\u00fcdd\u0259t sonra pulu \u00f6d\u0259yib q\u0131z\u0131llar\u0131m\u0131 g\u00f6t\u00fcrm\u0259k ist\u0259y\u0259nd\u0259 dedil\u0259r ki, Maqsud Mahmudov q\u0131z\u0131llar\u0131 g\u00f6t\u00fcr\u00fcb Ukraynaya qa\u00e7\u0131b. Dig\u0259r z\u0259r\u0259r\u00e7\u0259kmi\u015fl\u0259r kimi m\u0259n d\u0259 \u015fikay\u0259t etdim. \u00d6t\u0259n ay is\u0259 q\u0131z\u0131llar\u0131m\u0131 ala bildim. Haz\u0131rda he\u00e7 bir \u015fikay\u0259t v\u0259 t\u0259l\u0259bim yoxdur&#8221;, &#8211; dey\u0259 z\u0259r\u0259r\u00e7\u0259kmi\u015f bildirib.<\/p>\n<p>M\u0259hk\u0259m\u0259d\u0259 ifad\u0259 ver\u0259n dig\u0259r z\u0259r\u0259r\u00e7\u0259kmi\u015f \u015f\u0259xsl\u0259r d\u0259 h\u00fcquq-m\u00fchafiz\u0259 orqanlar\u0131na etdikl\u0259ri \u015fikay\u0259td\u0259n sonra q\u0131z\u0131llar\u0131n\u0131 geri ald\u0131qlar\u0131n\u0131 bildiribl\u0259r.<\/p>\n<div>\n<div class=\"AdviadNativeVideo\"><\/div>\n<\/div>\n<p>Proses sabah davam etdiril\u0259c\u0259k.<\/p>\n<p>Qeyd ed\u0259k ki, M.Mahmudova Cinay\u0259t M\u0259c\u0259ll\u0259sinin 178.3.2 (d\u0259l\u0259duzluq k\u00fclli miqdarda ziyan vurmaqla t\u00f6r\u0259dildikd\u0259) , 182.2.2 ( (t\u0259krar h\u0259d\u0259-qorxu il\u0259 t\u0259l\u0259b etm\u0259) v\u0259 183.2.2 (x\u00fcsusi d\u0259y\u0259ri olan \u0259\u015fyalar\u0131 talama &#8211; t\u0259krar t\u00f6r\u0259dildikd\u0259) madd\u0259l\u0259ri il\u0259 ittiham elan olunub. Daxili \u0130\u015fl\u0259r Nazirliyi t\u0259r\u0259find\u0259n beyn\u0259lxalq axtar\u0131\u015fa verilmi\u015f Mahmudov Maqsud Soltan o\u011flu \u00f6t\u0259n ilin iyul ay\u0131nda Ukrayna \u0259razisind\u0259 tutulub. O, sentyabr\u0131n 18-d\u0259 Ukraynadan Az\u0259rbaycana g\u0259tiril\u0259r\u0259k istintaqa t\u0259hvil verilib.<br \/>\n\u0130\u015f \u00fczr\u0259 91 n\u0259f\u0259r z\u0259r\u0259r\u00e7\u0259kmi\u015f tan\u0131n\u0131b.<\/p>\n","protected":false},"excerpt":{"rendered":"<p>Bak\u0131 A\u011f\u0131r Cinay\u0259tl\u0259r M\u0259hk\u0259m\u0259sind\u0259 Ukraynada tutularaq Az\u0259rbaycana g\u0259tiril\u0259n i\u015f adam\u0131 Maqsud Mahmudovun bar\u0259sind\u0259ki cinay\u0259t i\u015fi \u00fczr\u0259 m\u0259hk\u0259m\u0259 prosesi davam etdirilib. ARANTV.AZ\u00a0 Trend-\u0259 istinad\u0259n x\u0259b\u0259r verir ki,\u00a0hakim Faiq Q\u0259niyevin s\u0259drlik etdiyi prosesd\u0259 ifad\u0259 ver\u0259n z\u0259r\u0259r\u00e7\u0259kmi\u015f R\u0259na Soltanova bildirib ki, 2019-cu ild\u0259 L\u00f6kbatan q\u0259s\u0259b\u0259sind\u0259 yerl\u0259\u015f\u0259n lombarda q\u0131z\u0131l-zin\u0259t \u0259\u015fyalar\u0131 qoyub. Bir m\u00fcdd\u0259t sonra yaranm\u0131\u015f probleml\u0259 ba\u011fl\u0131 q\u0131z\u0131llar\u0131n\u0131n yar\u0131s\u0131n\u0131 ala bilm\u0259yib. Z\u0259r\u0259r\u00e7\u0259kmi\u015f \u015f\u0259xsin haz\u0131rk\u0131 ifad\u0259si il\u0259 istintaqa verdiyi ifad\u0259 aras\u0131nda ziddiyy\u0259t yaran\u0131b. R.Soltanova \u0259vv\u0259lki ifad\u0259sind\u0259 lombarda qoydu\u011fu q\u0131z\u0131llar\u0131n hams\u0131n\u0131 g\u00f6t\u00fcrd\u00fcy\u00fcn\u00fc deyib. Daha sonra ifad\u0259 ver\u0259n z\u0259r\u0259r\u00e7\u0259kmi\u015f Nazl\u0131 \u015e\u0259biyeva bildirib ki, 2019-cu ild\u0259 lombarda qoydu\u011fu&hellip;<\/p>\n","protected":false},"author":2,"featured_media":441859,"comment_status":"closed","ping_status":"closed","sticky":false,"template":"","format":"standard","meta":{"om_disable_all_campaigns":false,"_monsterinsights_skip_tracking":false,"_monsterinsights_sitenote_active":false,"_monsterinsights_sitenote_note":"","_monsterinsights_sitenote_category":0},"categories":[5],"tags":[],"aioseo_notices":[],"gutentor_comment":0,"rttpg_featured_image_url":{"full":["https:\/\/arantv.az\/wp-content\/uploads\/2022\/02\/1019595.jpg",620,390,false],"landscape":["https:\/\/arantv.az\/wp-content\/uploads\/2022\/02\/1019595.jpg",620,390,false],"portraits":["https:\/\/arantv.az\/wp-content\/uploads\/2022\/02\/1019595.jpg",620,390,false],"thumbnail":["https:\/\/arantv.az\/wp-content\/uploads\/2022\/02\/1019595-500x280.jpg",500,280,true],"medium":["https:\/\/arantv.az\/wp-content\/uploads\/2022\/02\/1019595-580x365.jpg",580,365,true],"large":["https:\/\/arantv.az\/wp-content\/uploads\/2022\/02\/1019595.jpg",620,390,false],"1536x1536":["https:\/\/arantv.az\/wp-content\/uploads\/2022\/02\/1019595.jpg",620,390,false],"2048x2048":["https:\/\/arantv.az\/wp-content\/uploads\/2022\/02\/1019595.jpg",620,390,false],"post-thumbnail":["https:\/\/arantv.az\/wp-content\/uploads\/2022\/02\/1019595-240x172.jpg",240,172,true],"advps-thumb-one":["https:\/\/arantv.az\/wp-content\/uploads\/2022\/02\/1019595.jpg",620,390,false]},"rttpg_author":{"display_name":"V\u00fcsal Rafiqo\u011flu","author_link":"https:\/\/arantv.az\/?author=2"},"rttpg_comment":0,"rttpg_category":"<a href=\"https:\/\/arantv.az\/?cat=5\" rel=\"category\">Hadis\u0259<\/a>","rttpg_excerpt":"Bak\u0131 A\u011f\u0131r Cinay\u0259tl\u0259r M\u0259hk\u0259m\u0259sind\u0259 Ukraynada tutularaq Az\u0259rbaycana g\u0259tiril\u0259n i\u015f adam\u0131 Maqsud Mahmudovun bar\u0259sind\u0259ki cinay\u0259t i\u015fi \u00fczr\u0259 m\u0259hk\u0259m\u0259 prosesi davam etdirilib. ARANTV.AZ\u00a0 Trend-\u0259 istinad\u0259n x\u0259b\u0259r verir ki,\u00a0hakim Faiq Q\u0259niyevin s\u0259drlik etdiyi prosesd\u0259 ifad\u0259 ver\u0259n z\u0259r\u0259r\u00e7\u0259kmi\u015f R\u0259na Soltanova bildirib ki, 2019-cu ild\u0259 L\u00f6kbatan q\u0259s\u0259b\u0259sind\u0259 yerl\u0259\u015f\u0259n lombarda q\u0131z\u0131l-zin\u0259t \u0259\u015fyalar\u0131 qoyub. Bir m\u00fcdd\u0259t sonra yaranm\u0131\u015f probleml\u0259 ba\u011fl\u0131 q\u0131z\u0131llar\u0131n\u0131n yar\u0131s\u0131n\u0131&hellip;","_links":{"self":[{"href":"https:\/\/arantv.az\/index.php?rest_route=\/wp\/v2\/posts\/441858"}],"collection":[{"href":"https:\/\/arantv.az\/index.php?rest_route=\/wp\/v2\/posts"}],"about":[{"href":"https:\/\/arantv.az\/index.php?rest_route=\/wp\/v2\/types\/post"}],"author":[{"embeddable":true,"href":"https:\/\/arantv.az\/index.php?rest_route=\/wp\/v2\/users\/2"}],"replies":[{"embeddable":true,"href":"https:\/\/arantv.az\/index.php?rest_route=%2Fwp%2Fv2%2Fcomments&post=441858"}],"version-history":[{"count":0,"href":"https:\/\/arantv.az\/index.php?rest_route=\/wp\/v2\/posts\/441858\/revisions"}],"wp:featuredmedia":[{"embeddable":true,"href":"https:\/\/arantv.az\/index.php?rest_route=\/wp\/v2\/media\/441859"}],"wp:attachment":[{"href":"https:\/\/arantv.az\/index.php?rest_route=%2Fwp%2Fv2%2Fmedia&parent=441858"}],"wp:term":[{"taxonomy":"category","embeddable":true,"href":"https:\/\/arantv.az\/index.php?rest_route=%2Fwp%2Fv2%2Fcategories&post=441858"},{"taxonomy":"post_tag","embeddable":true,"href":"https:\/\/arantv.az\/index.php?rest_route=%2Fwp%2Fv2%2Ftags&post=441858"}],"curies":[{"name":"wp","href":"https:\/\/api.w.org\/{rel}","templated":true}]}}