{"id":441886,"date":"2022-02-21T16:26:54","date_gmt":"2022-02-21T13:26:54","guid":{"rendered":"http:\/\/arantv.az\/?p=441886"},"modified":"2022-02-21T16:26:54","modified_gmt":"2022-02-21T13:26:54","slug":"mehriban-xanim-%c9%99liyevanin-f%c9%99aliyy%c9%99t-dair%c9%99si-cox-genisdir","status":"publish","type":"post","link":"https:\/\/arantv.az\/?p=441886","title":{"rendered":"Mehriban xan\u0131m \u018fliyevan\u0131n f\u0259aliyy\u0259t dair\u0259si \u00e7ox geni\u015fdir."},"content":{"rendered":"<div dir=\"auto\">Birinci vitse-prezident Mehriban xan\u0131m \u018fliyeva Az\u0259rbaycanda savadl\u0131, pe\u015f\u0259kar v\u0259 sa\u011flam yeni n\u0259slin formala\u015fmas\u0131na xidm\u0259t ed\u0259n \u00f6n\u0259mli t\u0259\u015f\u0259bb\u00fcsl\u0259rl\u0259 daim \u00e7\u0131x\u0131\u015f edir.<\/div>\n<div dir=\"auto\">Mehriban xan\u0131m \u018fliyevan\u0131n f\u0259aliyy\u0259t dair\u0259si \u00e7ox geni\u015fdir. O, el\u0259 bir \u015f\u0259xsiyy\u0259tdir ki, onun f\u0259aliyy\u0259ti t\u0259hsild\u0259n s\u0259hiyy\u0259y\u0259, idmandan m\u0259d\u0259niyy\u0259timizin t\u0259bli\u011fin\u0259, xeyriyy\u0259\u00e7ilikd\u0259n \u0259traf m\u00fchitin qorunmas\u0131na q\u0259d\u0259r geni\u015f bir f\u0259aliyy\u0259t areal\u0131n\u0131 \u0259hat\u0259 edir. Heyd\u0259r \u018fliyev Fondunun prezidenti kimi Mehriban xan\u0131m \u018fliyevan\u0131n Az\u0259rbaycan-UNESCO m\u00fcnasib\u0259tl\u0259rinin inki\u015faf\u0131 sah\u0259sind\u0259 g\u00f6rd\u00fcy\u00fc i\u015fl\u0259r x\u00fcsusi \u0259h\u0259miyy\u0259t k\u0259sb edir. On s\u0259kkiz ildir ki, Mehriban \u018fliyeva UNESCO-nun xo\u015fm\u0259raml\u0131 s\u0259firi kimi qeyri-maddi m\u0259d\u0259ni irsin t\u0259bli\u011fi v\u0259 qorunmas\u0131 missiyas\u0131n\u0131 \u015f\u0259r\u0259fl\u0259 yerin\u0259 yetirir. Eyni zamanda, ISESCO-nun da xo\u015fm\u0259raml\u0131 s\u0259firi olaraq Az\u0259rbaycan tarixini v\u0259 m\u0259d\u0259ni irsini, \u00f6lk\u0259mizl\u0259 ba\u011fl\u0131 h\u0259qiq\u0259tl\u0259ri d\u00fcnya ictimaiyy\u0259tin\u0259 \u00e7atd\u0131rmaq istiqam\u0259tind\u0259 davaml\u0131 f\u0259aliyy\u0259t g\u00f6st\u0259rir. M\u0259hz bu s\u0259yl\u0259rin n\u0259tic\u0259si olaraq \u0130\u00e7\u0259ri\u015f\u0259h\u0259r, o c\u00fcml\u0259d\u0259n \u015eirvan\u015fahlar Saray\u0131 v\u0259 Q\u0131z qalas\u0131, Qobustan qaya\u00fcst\u00fc r\u0259sml\u0259ri, Xan Saray\u0131 il\u0259 birg\u0259 \u015e\u0259kinin tarixi m\u0259rk\u0259zi UNESCO-nun \u00dcmumd\u00fcnya \u0130rs Siyah\u0131s\u0131na daxil edilib. H\u0259m\u00e7inin mu\u011fam v\u0259 a\u015f\u0131q s\u0259n\u0259timiz, \u201cKaman\u00e7a simli musiqi al\u0259tinin haz\u0131rlanmas\u0131 v\u0259 ifa\u00e7\u0131l\u0131q s\u0259n\u0259ti\u201d, \u201cD\u0259d\u0259 Qorqud irsi\u201d, Az\u0259rbaycan k\u0259la\u011fay\u0131 s\u0259n\u0259ti Qeyri-Maddi M\u0259d\u0259ni \u0130rs \u00fczr\u0259 Reprezentativ Siyah\u0131s\u0131na sal\u0131n\u0131b. Bundan ba\u015fqa, Az\u0259rbaycan 2019-cu ilin iyulunda UNESCO-nun \u00dcmumd\u00fcnya \u0130rs Komit\u0259sinin 43-c\u00fc sessiyas\u0131na u\u011furla ev sahibliyi edib.<\/div>\n<div dir=\"auto\">2017-ci il fevral\u0131n 21-d\u0259 Mehriban xan\u0131m \u018fliyevan\u0131n Birinci vitse-prezident v\u0259zif\u0259sin\u0259 t\u0259yin edilm\u0259si onun z\u0259ngin f\u0259aliyy\u0259tinin v\u0259 t\u0259\u015fkilat\u00e7\u0131l\u0131q bacar\u0131\u011f\u0131n\u0131n m\u0259ntiqi n\u0259tic\u0259si kimi d\u0259y\u0259rl\u0259ndirilir.<\/div>\n<div dir=\"auto\">Mehriban xan\u0131m \u018fliyeva sad\u0259c\u0259 \u00f6lk\u0259nin birinci xan\u0131m\u0131 olaraq deyil, \u00fcmumiyy\u0259tl\u0259 bir v\u0259t\u0259nda\u015f, qad\u0131n v\u0259 ana olaraq m\u00f6vqeyini ortaya qoyaraq Az\u0259rbaycan \u00fc\u00e7\u00fcn \u00e7ox b\u00f6y\u00fck i\u015fl\u0259r g\u00f6r\u00fcb. Mehriban xan\u0131m \u018fliyevan\u0131n ali d\u0259y\u0259rl\u0259r\u0259 s\u00f6yk\u0259n\u0259n f\u0259aliyy\u0259tind\u0259n s\u00f6z a\u00e7ark\u0259n onun bilavasit\u0259 t\u0259\u015f\u0259bb\u00fcs\u00fc il\u0259 u\u015faq v\u0259 yeniyetm\u0259l\u0259rin t\u0259hsili v\u0259 t\u0259limi sah\u0259sind\u0259 m\u00fcxt\u0259lif layih\u0259l\u0259rin h\u0259yata ke\u00e7irilm\u0259sin\u0259 d\u0259 x\u00fcsusi n\u0259z\u0259r salmaq laz\u0131md\u0131r. Sirr deyil ki, birinci xan\u0131m, x\u00fcsusil\u0259, valideyn qay\u011f\u0131s\u0131ndan m\u0259hrum olan, x\u0259st\u0259, yard\u0131ma ehtiyac duyan u\u015faqlar\u0131n \u0259sl himay\u0259\u00e7isi kimi f\u0259aliyy\u0259t g\u00f6st\u0259rir. H\u0259m\u00e7inin, Daun Sindromlu \u015e\u0259xsl\u0259rin Reabilitasiyas\u0131 M\u0259rk\u0259zinin, Talassemiya M\u0259rk\u0259zinin tikilm\u0259si, 50 mind\u0259n \u00e7ox insana sa\u011flaml\u0131\u011f\u0131na qovu\u015fmas\u0131 \u00fc\u00e7\u00fcn z\u0259ruri d\u0259st\u0259yin g\u00f6st\u0259rilm\u0259si kimi vacib t\u0259dbirl\u0259r Mehriban \u018fliyevan\u0131n \u00f6lk\u0259mizd\u0259 fiziki v\u0259 \u0259qli c\u0259h\u0259td\u0259n sa\u011flam n\u0259slin yeti\u015fm\u0259sin\u0259 verdiyi \u0259h\u0259miyy\u0259tin parlaq t\u0259zah\u00fcr\u00fcd\u00fcr.<\/div>\n<div dir=\"auto\">Mehriban xan\u0131m \u018fliyevan\u0131n f\u0259aliyy\u0259tind\u0259 \u0259halinin h\u0259ssas t\u0259b\u0259q\u0259l\u0259rinin, o c\u00fcml\u0259d\u0259n m\u0259cburi k\u00f6\u00e7k\u00fcnl\u0259rin, \u015f\u0259hid ail\u0259l\u0259rinin, qazil\u0259rin probleml\u0259rinin h\u0259lli x\u00fcsusi yer tutur. O, Birinci vitse-prezident kimi ilk m\u00fc\u015favir\u0259sini qa\u00e7q\u0131n v\u0259 m\u0259cburi k\u00f6\u00e7k\u00fcn ail\u0259l\u0259rin h\u0259yat \u015f\u0259raitinin yax\u015f\u0131la\u015fd\u0131r\u0131lmas\u0131na h\u0259sr etmi\u015fdi. H\u0259min m\u00fc\u015favir\u0259d\u0259n d\u0259rhal sonra m\u00fcvafiq t\u0259dbirl\u0259r plan\u0131 haz\u0131rland\u0131 v\u0259 real i\u015fl\u0259r ba\u015fland\u0131. Q\u0131sa m\u00fcdd\u0259td\u0259 y\u00fcz minl\u0259rl\u0259 qa\u00e7q\u0131n v\u0259 m\u0259cburi k\u00f6\u00e7k\u00fcn\u00fcn m\u0259nzil-m\u0259i\u015f\u0259t \u015f\u0259raiti yax\u015f\u0131la\u015fd\u0131r\u0131ld\u0131.<\/div>\n<div dir=\"auto\">Heyd\u0259r \u018fliyev Fondu V\u0259t\u0259n m\u00fcharib\u0259si zaman\u0131 \u015f\u0259hid olan h\u0259rb\u00e7il\u0259rin ail\u0259l\u0259rini v\u0259 qazil\u0259rimizi d\u0259 daim diqq\u0259td\u0259 saxlay\u0131r, onlar\u0131n qay\u011f\u0131s\u0131na qal\u0131r. Az\u0259rbaycan\u0131n Birinci vitse-prezidenti Mehriban \u018fliyevan\u0131n r\u0259hb\u0259rlik etdiyi Fond bu kateqoriyadan olan insanlar\u0131n qay\u011f\u0131lar\u0131 il\u0259 yax\u0131ndan maraqlan\u0131r, onlar\u0131 narahat ed\u0259n m\u0259s\u0259l\u0259l\u0259rin h\u0259lli \u00fc\u00e7\u00fcn m\u00fct\u0259madi olaraq t\u0259dbirl\u0259r h\u0259yata ke\u00e7irir. Birinci vitse-prezident Mehriban \u018fliyevan\u0131n tap\u015f\u0131r\u0131\u011f\u0131 il\u0259 Heyd\u0259r \u018fliyev Fondu t\u0259r\u0259find\u0259n Aprel d\u00f6y\u00fc\u015fl\u0259ri zaman\u0131, eyni zamanda, 44 g\u00fcnl\u00fck V\u0259t\u0259n m\u00fcharib\u0259sind\u0259 a\u011f\u0131r yaralanan qazil\u0259rimiz m\u00fcalic\u0259 v\u0259 reabilitasiya \u00fc\u00e7\u00fcn T\u00fcrkiy\u0259y\u0259 g\u00f6nd\u0259rilib, h\u0259m\u00e7inin m\u00fcharib\u0259d\u0259 sa\u011flaml\u0131qlar\u0131n\u0131 itirmi\u015f bir qrup \u0259sg\u0259r v\u0259 zabit y\u00fcks\u0259k texnologiyal\u0131 protezl\u0259rl\u0259 t\u0259min edilib.<\/div>\n<div dir=\"auto\">Mehriban xan\u0131m \u018fliyevan\u0131n \u00e7ox\u015fax\u0259li v\u0259 xo\u015fm\u0259raml\u0131 f\u0259aliyy\u0259ti h\u0259m Az\u0259rbaycanda, h\u0259m d\u0259 beyn\u0259lxalq miqyasda y\u00fcks\u0259k qiym\u0259tl\u0259ndirilir. Mehriban xan\u0131m \u018fliyeva Az\u0259rbaycan\u0131n \u0259n ali d\u00f6vl\u0259t m\u00fckafatlar\u0131na \u2013 \u201cHeyd\u0259r \u018fliyev\u201d ordenin\u0259 v\u0259 Heyd\u0259r \u018fliyev M\u00fckafat\u0131na layiq g\u00f6r\u00fclm\u00fc\u015fd\u00fcr. Xarici \u00f6lk\u0259l\u0259rin ali d\u00f6vl\u0259t m\u00fckafatlar\u0131 s\u0131ras\u0131nda x\u00fcsusi olaraq qeyd etm\u0259k olar: Fransan\u0131n \u201c\u015e\u0259r\u0259f Legionu\u201d, Rusiyan\u0131n \u201cDostluq\u201d v\u0259 \u201cH\u0259\u015ft\u0259rxan vilay\u0259ti qar\u015f\u0131s\u0131nda xidm\u0259tl\u0259rin\u0259 g\u00f6r\u0259\u201d, \u0130taliyan\u0131n \u201cXidm\u0259tl\u0259r\u0259 g\u00f6r\u0259\u201d B\u00f6y\u00fck Xa\u00e7 Kavaleri, Vatikan\u0131n IX Piy Ordeninin B\u00f6y\u00fck Xa\u00e7\u0131, Pol\u015fan\u0131n \u201cXidm\u0259tl\u0259r\u0259 g\u00f6r\u0259\u201d B\u00f6y\u00fck Komandor Xa\u00e7\u0131, Pakistan\u0131n \u201cHilal-ePakistan\u201d, Serbiyan\u0131n \u201cSreten\u201d, Macar\u0131stan\u0131n \u201cXidm\u0259tl\u0259r\u0259 g\u00f6r\u0259\u201d Komandor Xa\u00e7\u0131, Rus Pravoslav Kils\u0259sinin II d\u0259r\u0259c\u0259li M\u00fcq\u0259dd\u0259s M\u0259l\u0259ksima Knyaginya Olqa ordenl\u0259ri, UNESCO-nun \u201cQ\u0131z\u0131l Motsart\u201d medal\u0131, BMT-nin \u00dcmumd\u00fcnya \u018fqli M\u00fclkiyy\u0259t T\u0259\u015fkilat\u0131n\u0131n Q\u0131z\u0131l medal\u0131, Krans Montana Forumunun Q\u0131z\u0131l medal\u0131 v\u0259 \u201cPrix de la Fondation\u201d m\u00fckafat\u0131, Avropa Olimpiya Komit\u0259l\u0259rinin Ali Ordeni, Beyn\u0259lxalq \u018fdal\u0259tli Oyunlar Komit\u0259sinin \u201cX\u00fcsusi xidm\u0259tl\u0259r\u0259 g\u00f6r\u0259\u201d medal\u0131, Nizami G\u0259nc\u0259vi Beyn\u0259lxalq M\u0259rk\u0259zinin Q\u0131z\u0131l medal\u0131, K\u00fcveyt D\u00f6vl\u0259tinin F\u0259xri diplomu, \u00dcmumd\u00fcnya S\u0259hiyy\u0259 T\u0259\u015fkilat\u0131 \u0130craiyy\u0259 Komit\u0259sinin m\u00fckafat\u0131, \u201cQ\u0131z\u0131l \u00fcr\u0259k\u201d beyn\u0259lxalq m\u00fckafat\u0131, Beyn\u0259lxalq Olimpiya Akademiyas\u0131n\u0131n \u201cOlympic Excellence\u201d x\u00fcsusi f\u0259xri m\u00fckafat\u0131, T\u00fcrk-Alman Dostluq Federasiyas\u0131n\u0131n f\u0259xri m\u00fckafat\u0131. Mehriban xan\u0131m \u018fliyeva, eyni zamanda, Rusiya Federasiyas\u0131n\u0131n \u0130.M.Se\u00e7enov ad\u0131na Birinci Moskva D\u00f6vl\u0259t Tibb Universitetinin F\u0259xri professoru, Bolqar\u0131stan\u0131n M\u00fcq\u0259dd\u0259s Kiril v\u0259 Mefodi ad\u0131na Veliko T\u0131rnovo Universitetinin f\u0259xri doktoru se\u00e7ilmi\u015fdir.<\/div>\n<div dir=\"auto\">T\u0259hsil\u0259 g\u00f6st\u0259ril\u0259n qay\u011f\u0131 kontekstind\u0259 \u00f6t\u0259n ill\u0259rin n\u00f6vb\u0259ti t\u0259\u015f\u0259bb\u00fcsl\u0259ri x\u00fcsusi olaraq vur\u011fulanmal\u0131d\u0131r: \u201cYenil\u0259\u015f\u0259n Az\u0259rbaycana yeni m\u0259kt\u0259b\u201d proqram\u0131, \u201cU\u015faq evl\u0259ri v\u0259 internat m\u0259kt\u0259bl\u0259rinin inki\u015faf\u0131\u201d proqram\u0131, \u201cT\u0259hsil\u0259 d\u0259st\u0259k\u201d v\u0259 s. Qeyd olunan proqramlar\u0131n icras\u0131 n\u0259tic\u0259sind\u0259 t\u0259hsild\u0259, habel\u0259 yeni savadl\u0131 v\u0259 v\u0259t\u0259np\u0259rv\u0259r n\u0259slin formala\u015fd\u0131r\u0131lmas\u0131 prosesind\u0259 \u0259sasl\u0131 nailiyy\u0259tl\u0259r \u0259ld\u0259 olunmu\u015fdur. T\u0259kc\u0259 2020-2021-ci t\u0259dris ilind\u0259 Heyd\u0259r \u018fliyev Fondunun t\u0259\u015f\u0259bb\u00fcs\u00fc v\u0259 d\u0259st\u0259yi il\u0259 \u00f6lk\u0259mizd\u0259, o c\u00fcml\u0259d\u0259n Bak\u0131, G\u0259nc\u0259 v\u0259 Ming\u0259\u00e7evir \u015f\u0259h\u0259rl\u0259rind\u0259, el\u0259c\u0259 d\u0259 m\u00fcxt\u0259lif rayonlarda 100-\u0259 q\u0259d\u0259r, \u00fcmumilikd\u0259 is\u0259 \u00f6t\u0259n d\u00f6vr \u0259rzind\u0259 3000-d\u0259n art\u0131q t\u0259hsil m\u00fc\u0259ssis\u0259si in\u015fa v\u0259 \u0259sasl\u0131 t\u0259mir olunaraq m\u00fc\u0259llim v\u0259 \u015fagirdl\u0259rin ixtiyar\u0131na verilmi\u015fdir. M\u00fcasir tipli m\u0259kt\u0259bl\u0259rin in\u015fas\u0131, t\u0259dris prosesind\u0259 normal \u015f\u0259raitin yarad\u0131lmas\u0131, t\u0259hsilin keyfiyy\u0259tinin yax\u015f\u0131la\u015fd\u0131r\u0131lmas\u0131 son ill\u0259r \u0259rzind\u0259 Az\u0259rbaycan t\u0259hsilinin beyn\u0259lxalq t\u0259hsil m\u0259kan\u0131na inteqrasiyas\u0131n\u0131 g\u00fccl\u0259ndirmi\u015f v\u0259 beyn\u0259lxalq f\u0259nn olimpiadalar\u0131nda Az\u0259rbaycan m\u0259kt\u0259blisinin u\u011furlar\u0131n\u0131n \u0259sas t\u0259minat\u00e7\u0131s\u0131 olmu\u015fdur. Orta m\u0259kt\u0259b v\u0259 dig\u0259r t\u0259hsil m\u00fc\u0259ssis\u0259l\u0259rinin idman zallar\u0131 il\u0259 t\u0259chiz olunmas\u0131, futbol meydan\u00e7alar\u0131n\u0131n, yeni sal\u0131nan parklarda mini stadionlar\u0131n, idman qur\u011fular\u0131n\u0131n istifad\u0259y\u0259 verilm\u0259si, b\u00f6lg\u0259l\u0259rd\u0259 v\u0259 paytaxtda \u015fahmat m\u0259kt\u0259bl\u0259rinin, idman kompleksl\u0259rinin tikilm\u0259si Az\u0259rbaycanda idman h\u0259r\u0259kat\u0131n\u0131n geni\u015fl\u0259nm\u0259sin\u0259 s\u0259b\u0259b olmu\u015fdur. Sa\u011flaml\u0131\u011f\u0131n qorunmas\u0131 istiqam\u0259tind\u0259 beyn\u0259lxalq t\u0259dbirl\u0259r \u00e7\u0259r\u00e7iv\u0259sind\u0259 Heyd\u0259r \u018fliyev Fondu D\u00fcnya Diabet G\u00fcn\u00fc kampaniyas\u0131na qo\u015fulmu\u015f, \u0259halinin sa\u011flaml\u0131\u011f\u0131n\u0131n qorunmas\u0131, x\u00fcsusil\u0259 u\u015faqlar\u0131n fiziki c\u0259h\u0259td\u0259n sa\u011flam b\u00f6y\u00fcm\u0259sin\u0259 laz\u0131mi s\u0259viyy\u0259d\u0259 diqq\u0259t yetirilm\u0259si \u00fc\u00e7\u00fcn \u201cTalassemiyas\u0131z h\u0259yat namin\u0259\u201d layih\u0259sini ba\u015flam\u0131\u015fd\u0131r. Bundan \u0259lav\u0259, 2010-cu ild\u0259 Heyd\u0259r \u018fliyev Fondu v\u0259 UNICEF-in birg\u0259 t\u0259\u015fkilat\u00e7\u0131l\u0131\u011f\u0131 il\u0259 ke\u00e7iril\u0259n anemiya v\u0259 talassemiya \u00fczr\u0259 \u201cd\u0259yirmi masa\u201dda bu istiqam\u0259td\u0259 bir \u00e7ox m\u00fch\u00fcm probleml\u0259r m\u00fczakir\u0259 edilmi\u015fdir. M\u0259hz bu xidm\u0259tl\u0259rin\u0259 g\u00f6r\u0259 \u00dcmumd\u00fcnya S\u0259hiyy\u0259 T\u0259\u015fkilat\u0131 \u0130craiyy\u0259 Komit\u0259sinin 2007-ci il yanvar\u0131n 29-da Cenevr\u0259d\u0259 ke\u00e7iril\u0259n 120-ci sessiyas\u0131n\u0131n yekdil q\u0259rar\u0131 il\u0259 ana, u\u015faq v\u0259 ail\u0259 sa\u011flaml\u0131\u011f\u0131n\u0131n qorunmas\u0131 v\u0259 m\u00f6hk\u0259ml\u0259nm\u0259si i\u015find\u0259 m\u00fcst\u0259sna xidm\u0259tl\u0259rin\u0259 g\u00f6r\u0259 Mehriban xan\u0131m \u018fliyeva bu beyn\u0259lxalq t\u0259\u015fkilat\u0131n ali m\u00fckafat\u0131na layiq g\u00f6r\u00fclm\u00fc\u015fd\u00fcr.<\/div>\n<div dir=\"auto\">Biz bundan sonra da \u0259minik ki, m\u0259d\u0259niyy\u0259timizin v\u0259 t\u0259hsilimizin inki\u015faf\u0131nda daim \u0259zmkarl\u0131q n\u00fcmayi\u015f etdir\u0259n Mehriban xan\u0131m ictimai-siyasi, humanitar y\u00f6n\u00fcml\u00fc f\u0259aliyy\u0259ti il\u0259 yeni-yeni zirv\u0259l\u0259r f\u0259th ed\u0259c\u0259k, Az\u0259rbaycan\u0131m\u0131z\u0131n ad\u0131n\u0131 ucaldacaqd\u0131r. Bu g\u00fcn Az\u0259rbaycan xalq\u0131 sevgi v\u0259 q\u00fcrur hissi il\u0259 Mehriban xan\u0131m \u018fliyevan\u0131n f\u0259aliyy\u0259tini diqq\u0259tl\u0259 izl\u0259yir v\u0259 atd\u0131\u011f\u0131 h\u0259r add\u0131m\u0131 d\u0259st\u0259kl\u0259yir.<\/div>\n","protected":false},"excerpt":{"rendered":"<p>Birinci vitse-prezident Mehriban xan\u0131m \u018fliyeva Az\u0259rbaycanda savadl\u0131, pe\u015f\u0259kar v\u0259 sa\u011flam yeni n\u0259slin formala\u015fmas\u0131na xidm\u0259t ed\u0259n \u00f6n\u0259mli t\u0259\u015f\u0259bb\u00fcsl\u0259rl\u0259 daim \u00e7\u0131x\u0131\u015f edir. Mehriban xan\u0131m \u018fliyevan\u0131n f\u0259aliyy\u0259t dair\u0259si \u00e7ox geni\u015fdir. O, el\u0259 bir \u015f\u0259xsiyy\u0259tdir ki, onun f\u0259aliyy\u0259ti t\u0259hsild\u0259n s\u0259hiyy\u0259y\u0259, idmandan m\u0259d\u0259niyy\u0259timizin t\u0259bli\u011fin\u0259, xeyriyy\u0259\u00e7ilikd\u0259n \u0259traf m\u00fchitin qorunmas\u0131na q\u0259d\u0259r geni\u015f bir f\u0259aliyy\u0259t areal\u0131n\u0131 \u0259hat\u0259 edir. Heyd\u0259r \u018fliyev Fondunun prezidenti kimi Mehriban xan\u0131m \u018fliyevan\u0131n Az\u0259rbaycan-UNESCO m\u00fcnasib\u0259tl\u0259rinin inki\u015faf\u0131 sah\u0259sind\u0259 g\u00f6rd\u00fcy\u00fc i\u015fl\u0259r x\u00fcsusi \u0259h\u0259miyy\u0259t k\u0259sb edir. On s\u0259kkiz ildir ki, Mehriban \u018fliyeva UNESCO-nun xo\u015fm\u0259raml\u0131 s\u0259firi kimi qeyri-maddi m\u0259d\u0259ni irsin t\u0259bli\u011fi v\u0259 qorunmas\u0131 missiyas\u0131n\u0131 \u015f\u0259r\u0259fl\u0259 yerin\u0259 yetirir. Eyni zamanda,&hellip;<\/p>\n","protected":false},"author":2,"featured_media":441808,"comment_status":"closed","ping_status":"closed","sticky":false,"template":"","format":"standard","meta":{"om_disable_all_campaigns":false,"_monsterinsights_skip_tracking":false,"_monsterinsights_sitenote_active":false,"_monsterinsights_sitenote_note":"","_monsterinsights_sitenote_category":0},"categories":[4],"tags":[],"aioseo_notices":[],"gutentor_comment":0,"rttpg_featured_image_url":{"full":["https:\/\/arantv.az\/wp-content\/uploads\/2022\/02\/ba038e2a164544228336113993610774364.jpg",975,540,false],"landscape":["https:\/\/arantv.az\/wp-content\/uploads\/2022\/02\/ba038e2a164544228336113993610774364.jpg",975,540,false],"portraits":["https:\/\/arantv.az\/wp-content\/uploads\/2022\/02\/ba038e2a164544228336113993610774364.jpg",975,540,false],"thumbnail":["https:\/\/arantv.az\/wp-content\/uploads\/2022\/02\/ba038e2a164544228336113993610774364-500x280.jpg",500,280,true],"medium":["https:\/\/arantv.az\/wp-content\/uploads\/2022\/02\/ba038e2a164544228336113993610774364-660x365.jpg",660,365,true],"large":["https:\/\/arantv.az\/wp-content\/uploads\/2022\/02\/ba038e2a164544228336113993610774364-840x465.jpg",640,354,true],"1536x1536":["https:\/\/arantv.az\/wp-content\/uploads\/2022\/02\/ba038e2a164544228336113993610774364.jpg",975,540,false],"2048x2048":["https:\/\/arantv.az\/wp-content\/uploads\/2022\/02\/ba038e2a164544228336113993610774364.jpg",975,540,false],"post-thumbnail":["https:\/\/arantv.az\/wp-content\/uploads\/2022\/02\/ba038e2a164544228336113993610774364-240x172.jpg",240,172,true],"advps-thumb-one":["https:\/\/arantv.az\/wp-content\/uploads\/2022\/02\/ba038e2a164544228336113993610774364.jpg",975,540,false]},"rttpg_author":{"display_name":"V\u00fcsal Rafiqo\u011flu","author_link":"https:\/\/arantv.az\/?author=2"},"rttpg_comment":0,"rttpg_category":"<a href=\"https:\/\/arantv.az\/?cat=4\" rel=\"category\">Siyas\u0259t<\/a>","rttpg_excerpt":"Birinci vitse-prezident Mehriban xan\u0131m \u018fliyeva Az\u0259rbaycanda savadl\u0131, pe\u015f\u0259kar v\u0259 sa\u011flam yeni n\u0259slin formala\u015fmas\u0131na xidm\u0259t ed\u0259n \u00f6n\u0259mli t\u0259\u015f\u0259bb\u00fcsl\u0259rl\u0259 daim \u00e7\u0131x\u0131\u015f edir. Mehriban xan\u0131m \u018fliyevan\u0131n f\u0259aliyy\u0259t dair\u0259si \u00e7ox geni\u015fdir. O, el\u0259 bir \u015f\u0259xsiyy\u0259tdir ki, onun f\u0259aliyy\u0259ti t\u0259hsild\u0259n s\u0259hiyy\u0259y\u0259, idmandan m\u0259d\u0259niyy\u0259timizin t\u0259bli\u011fin\u0259, xeyriyy\u0259\u00e7ilikd\u0259n \u0259traf m\u00fchitin qorunmas\u0131na q\u0259d\u0259r geni\u015f bir f\u0259aliyy\u0259t areal\u0131n\u0131 \u0259hat\u0259 edir. Heyd\u0259r \u018fliyev Fondunun prezidenti kimi&hellip;","_links":{"self":[{"href":"https:\/\/arantv.az\/index.php?rest_route=\/wp\/v2\/posts\/441886"}],"collection":[{"href":"https:\/\/arantv.az\/index.php?rest_route=\/wp\/v2\/posts"}],"about":[{"href":"https:\/\/arantv.az\/index.php?rest_route=\/wp\/v2\/types\/post"}],"author":[{"embeddable":true,"href":"https:\/\/arantv.az\/index.php?rest_route=\/wp\/v2\/users\/2"}],"replies":[{"embeddable":true,"href":"https:\/\/arantv.az\/index.php?rest_route=%2Fwp%2Fv2%2Fcomments&post=441886"}],"version-history":[{"count":0,"href":"https:\/\/arantv.az\/index.php?rest_route=\/wp\/v2\/posts\/441886\/revisions"}],"wp:featuredmedia":[{"embeddable":true,"href":"https:\/\/arantv.az\/index.php?rest_route=\/wp\/v2\/media\/441808"}],"wp:attachment":[{"href":"https:\/\/arantv.az\/index.php?rest_route=%2Fwp%2Fv2%2Fmedia&parent=441886"}],"wp:term":[{"taxonomy":"category","embeddable":true,"href":"https:\/\/arantv.az\/index.php?rest_route=%2Fwp%2Fv2%2Fcategories&post=441886"},{"taxonomy":"post_tag","embeddable":true,"href":"https:\/\/arantv.az\/index.php?rest_route=%2Fwp%2Fv2%2Ftags&post=441886"}],"curies":[{"name":"wp","href":"https:\/\/api.w.org\/{rel}","templated":true}]}}