{"id":441888,"date":"2022-02-21T16:29:12","date_gmt":"2022-02-21T13:29:12","guid":{"rendered":"http:\/\/arantv.az\/?p=441888"},"modified":"2022-02-21T16:29:12","modified_gmt":"2022-02-21T13:29:12","slug":"az%c9%99rbaycanlilarin-adi-xarkov-kuc%c9%99l%c9%99rind%c9%99-video","status":"publish","type":"post","link":"https:\/\/arantv.az\/?p=441888","title":{"rendered":"Az\u0259rbaycanl\u0131lar\u0131n ad\u0131 Xarkov k\u00fc\u00e7\u0259l\u0259rind\u0259 &#8211; VIDEO"},"content":{"rendered":"<p>Xarkov n\u0259inki Ukraynada, b\u0259lk\u0259 d\u0259 b\u00fct\u00fcn Avropada yegan\u0259 \u015f\u0259h\u0259rdir ki, burada Az\u0259rbaycanla ba\u011fl\u0131 adlar\u0131\u00a0be\u015f\u00a0k\u00fc\u00e7\u0259, \u00fc\u00e7\u00a0heyk\u0259l v\u0259 parklar da\u015f\u0131y\u0131r.<\/p>\n<article class=\"news\">\n<div class=\"news-inner\">\n<p>Bunlardan biri dahi Az\u0259rbaycan \u015fairi Nizami G\u0259nc\u0259vinin heyk\u0259lidir. Yeri g\u0259lmi\u015fk\u0259n, dahi \u015fairin heyk\u0259li burada \u00f6t\u0259n ilin avqustunda ucald\u0131l\u0131b. Nizami G\u0259nc\u0259vinin heyk\u0259linin ucald\u0131ld\u0131\u011f\u0131 park da \u015fairin ad\u0131n\u0131 da\u015f\u0131y\u0131r.<\/p>\n<p>Ukraynan\u0131n \u015fimal-\u015f\u0259rqind\u0259, Rusiya il\u0259 s\u0259rh\u0259dd\u0259ki Xarkov \u015f\u0259h\u0259rind\u0259 Az\u0259rbaycanla ba\u011fl\u0131 abid\u0259l\u0259r bununla bitmir. Bel\u0259 ki, \u015f\u0259h\u0259rin m\u0259rk\u0259zi hiss\u0259l\u0259rind\u0259n birind\u0259 \u0130kinci D\u00fcnya m\u00fcharib\u0259si zaman\u0131 Xarkov u\u011frunda h\u0259lak olmu\u015f az\u0259rbaycanl\u0131 Sovet \u0130ttifaq\u0131 Q\u0259hr\u0259man\u0131 Fariz S\u0259f\u0259rovun da ad\u0131na b\u00f6y\u00fck bir park sal\u0131n\u0131b, monument ucald\u0131l\u0131b. \u015e\u0259h\u0259rd\u0259 h\u0259m\u00e7inin az\u0259rbaycanl\u0131 \u0259dib, tarixi siyasi xadim Mirz\u0259 F\u0259t\u0259li Axundovun da \u201cM\u00fct\u0259f\u0259kkirl\u0259r park\u0131\u201dnda abid\u0259si ucald\u0131l\u0131b. Y\u0259ni \u201cM\u00fct\u0259f\u0259kkirl\u0259r park\u0131\u201dn\u0131n m\u0259rk\u0259zind\u0259 \u00fc\u00e7 filosofun &#8211; Qriqori Skovoroda, Abay Kunanbayev v\u0259 Mirz\u0259 F\u0259t\u0259li Axundovun birg\u0259 abid\u0259 kompleksi ucald\u0131l\u0131b. Abid\u0259 kompleksinin m\u00fc\u0259llifi d\u0259 m\u0259rhum az\u0259rbaycanl\u0131 heyk\u0259lt\u0259ra\u015f, Ukraynan\u0131n xalq r\u0259ssam\u0131 Seyf\u0259ddin Qurbanovdur.<\/p>\n<p>Daha \u0259trafl\u0131 Baku TV-nin s\u00fcjetind\u0259:<\/p>\n<div><iframe loading=\"lazy\" title=\"YouTube video player\" src=\"https:\/\/www.youtube.com\/embed\/m1xeVz-hm-A\" width=\"560\" height=\"315\" frameborder=\"0\" allowfullscreen=\"allowfullscreen\" data-mce-fragment=\"1\"><\/iframe><\/div>\n<\/div>\n<\/article>\n","protected":false},"excerpt":{"rendered":"<p>Xarkov n\u0259inki Ukraynada, b\u0259lk\u0259 d\u0259 b\u00fct\u00fcn Avropada yegan\u0259 \u015f\u0259h\u0259rdir ki, burada Az\u0259rbaycanla ba\u011fl\u0131 adlar\u0131\u00a0be\u015f\u00a0k\u00fc\u00e7\u0259, \u00fc\u00e7\u00a0heyk\u0259l v\u0259 parklar da\u015f\u0131y\u0131r. Bunlardan biri dahi Az\u0259rbaycan \u015fairi Nizami G\u0259nc\u0259vinin heyk\u0259lidir. Yeri g\u0259lmi\u015fk\u0259n, dahi \u015fairin heyk\u0259li burada \u00f6t\u0259n ilin avqustunda ucald\u0131l\u0131b. Nizami G\u0259nc\u0259vinin heyk\u0259linin ucald\u0131ld\u0131\u011f\u0131 park da \u015fairin ad\u0131n\u0131 da\u015f\u0131y\u0131r. Ukraynan\u0131n \u015fimal-\u015f\u0259rqind\u0259, Rusiya il\u0259 s\u0259rh\u0259dd\u0259ki Xarkov \u015f\u0259h\u0259rind\u0259 Az\u0259rbaycanla ba\u011fl\u0131 abid\u0259l\u0259r bununla bitmir. Bel\u0259 ki, \u015f\u0259h\u0259rin m\u0259rk\u0259zi hiss\u0259l\u0259rind\u0259n birind\u0259 \u0130kinci D\u00fcnya m\u00fcharib\u0259si zaman\u0131 Xarkov u\u011frunda h\u0259lak olmu\u015f az\u0259rbaycanl\u0131 Sovet \u0130ttifaq\u0131 Q\u0259hr\u0259man\u0131 Fariz S\u0259f\u0259rovun da ad\u0131na b\u00f6y\u00fck bir park sal\u0131n\u0131b, monument ucald\u0131l\u0131b. \u015e\u0259h\u0259rd\u0259 h\u0259m\u00e7inin az\u0259rbaycanl\u0131 \u0259dib, tarixi&hellip;<\/p>\n","protected":false},"author":2,"featured_media":441889,"comment_status":"closed","ping_status":"closed","sticky":false,"template":"","format":"standard","meta":{"om_disable_all_campaigns":false,"_monsterinsights_skip_tracking":false,"_monsterinsights_sitenote_active":false,"_monsterinsights_sitenote_note":"","_monsterinsights_sitenote_category":0},"categories":[7],"tags":[],"aioseo_notices":[],"gutentor_comment":0,"rttpg_featured_image_url":{"full":["https:\/\/arantv.az\/wp-content\/uploads\/2022\/02\/FotoJet-27-3.jpg",620,416,false],"landscape":["https:\/\/arantv.az\/wp-content\/uploads\/2022\/02\/FotoJet-27-3.jpg",620,416,false],"portraits":["https:\/\/arantv.az\/wp-content\/uploads\/2022\/02\/FotoJet-27-3.jpg",620,416,false],"thumbnail":["https:\/\/arantv.az\/wp-content\/uploads\/2022\/02\/FotoJet-27-3-500x280.jpg",500,280,true],"medium":["https:\/\/arantv.az\/wp-content\/uploads\/2022\/02\/FotoJet-27-3-544x365.jpg",544,365,true],"large":["https:\/\/arantv.az\/wp-content\/uploads\/2022\/02\/FotoJet-27-3.jpg",620,416,false],"1536x1536":["https:\/\/arantv.az\/wp-content\/uploads\/2022\/02\/FotoJet-27-3.jpg",620,416,false],"2048x2048":["https:\/\/arantv.az\/wp-content\/uploads\/2022\/02\/FotoJet-27-3.jpg",620,416,false],"post-thumbnail":["https:\/\/arantv.az\/wp-content\/uploads\/2022\/02\/FotoJet-27-3-240x172.jpg",240,172,true],"advps-thumb-one":["https:\/\/arantv.az\/wp-content\/uploads\/2022\/02\/FotoJet-27-3.jpg",620,416,false]},"rttpg_author":{"display_name":"V\u00fcsal Rafiqo\u011flu","author_link":"https:\/\/arantv.az\/?author=2"},"rttpg_comment":0,"rttpg_category":"<a href=\"https:\/\/arantv.az\/?cat=7\" rel=\"category\">D\u00fcnya<\/a>","rttpg_excerpt":"Xarkov n\u0259inki Ukraynada, b\u0259lk\u0259 d\u0259 b\u00fct\u00fcn Avropada yegan\u0259 \u015f\u0259h\u0259rdir ki, burada Az\u0259rbaycanla ba\u011fl\u0131 adlar\u0131\u00a0be\u015f\u00a0k\u00fc\u00e7\u0259, \u00fc\u00e7\u00a0heyk\u0259l v\u0259 parklar da\u015f\u0131y\u0131r. Bunlardan biri dahi Az\u0259rbaycan \u015fairi Nizami G\u0259nc\u0259vinin heyk\u0259lidir. Yeri g\u0259lmi\u015fk\u0259n, dahi \u015fairin heyk\u0259li burada \u00f6t\u0259n ilin avqustunda ucald\u0131l\u0131b. Nizami G\u0259nc\u0259vinin heyk\u0259linin ucald\u0131ld\u0131\u011f\u0131 park da \u015fairin ad\u0131n\u0131 da\u015f\u0131y\u0131r. Ukraynan\u0131n \u015fimal-\u015f\u0259rqind\u0259, Rusiya il\u0259 s\u0259rh\u0259dd\u0259ki Xarkov \u015f\u0259h\u0259rind\u0259 Az\u0259rbaycanla ba\u011fl\u0131 abid\u0259l\u0259r&hellip;","_links":{"self":[{"href":"https:\/\/arantv.az\/index.php?rest_route=\/wp\/v2\/posts\/441888"}],"collection":[{"href":"https:\/\/arantv.az\/index.php?rest_route=\/wp\/v2\/posts"}],"about":[{"href":"https:\/\/arantv.az\/index.php?rest_route=\/wp\/v2\/types\/post"}],"author":[{"embeddable":true,"href":"https:\/\/arantv.az\/index.php?rest_route=\/wp\/v2\/users\/2"}],"replies":[{"embeddable":true,"href":"https:\/\/arantv.az\/index.php?rest_route=%2Fwp%2Fv2%2Fcomments&post=441888"}],"version-history":[{"count":0,"href":"https:\/\/arantv.az\/index.php?rest_route=\/wp\/v2\/posts\/441888\/revisions"}],"wp:featuredmedia":[{"embeddable":true,"href":"https:\/\/arantv.az\/index.php?rest_route=\/wp\/v2\/media\/441889"}],"wp:attachment":[{"href":"https:\/\/arantv.az\/index.php?rest_route=%2Fwp%2Fv2%2Fmedia&parent=441888"}],"wp:term":[{"taxonomy":"category","embeddable":true,"href":"https:\/\/arantv.az\/index.php?rest_route=%2Fwp%2Fv2%2Fcategories&post=441888"},{"taxonomy":"post_tag","embeddable":true,"href":"https:\/\/arantv.az\/index.php?rest_route=%2Fwp%2Fv2%2Ftags&post=441888"}],"curies":[{"name":"wp","href":"https:\/\/api.w.org\/{rel}","templated":true}]}}