{"id":441997,"date":"2022-02-22T07:12:27","date_gmt":"2022-02-22T04:12:27","guid":{"rendered":"http:\/\/arantv.az\/?p=441997"},"modified":"2022-02-22T07:12:27","modified_gmt":"2022-02-22T04:12:27","slug":"m%c9%99murlar-insanlarla-t%c9%99masda-olmalidirlar","status":"publish","type":"post","link":"https:\/\/arantv.az\/?p=441997","title":{"rendered":"M\u0259murlar insanlarla t\u0259masda olmal\u0131d\u0131rlar"},"content":{"rendered":"<p><em><strong>D\u00f6vl\u0259t ba\u015f\u00e7\u0131s\u0131n\u0131n kadr siyas\u0259tind\u0259 \u0259sas t\u0259l\u0259b xalqa vicdanla xidm\u0259t etm\u0259kdir<\/strong><\/em><\/p>\n<p>Prezident \u0130lham \u018fliyevin sosial- m\u0259d\u0259ni, iqtisadi-siyasi\u00a0 islahatlar\u0131n\u0131n bir h\u0259d\u0259fi var: \u00f6lk\u0259 \u0259halisinin rifah hal\u0131 daimi y\u00fcks\u0259lsin, d\u00f6vl\u0259tin siyasi v\u0259 iqtisadi t\u0259m\u0259ll\u0259ri daha da m\u00f6hk\u0259ml\u0259nsin. M\u0259hz bu istiqam\u0259td\u0259ki siyas\u0259tind\u0259 kadr m\u0259s\u0259l\u0259sini diqq\u0259td\u0259 saxlayan \u00f6lk\u0259 ba\u015f\u00e7\u0131s\u0131 onlara ciddi \u015f\u0259kild\u0259 tap\u015f\u0131r\u0131q v\u0259 t\u00f6vsiy\u0259l\u0259rini verir. Prezident h\u0259r bir g\u00f6r\u00fc\u015f\u00fcnd\u0259 v\u0259 K\u0130V-l\u0259r\u0259 m\u00fcsahib\u0259l\u0259rind\u0259 t\u0259krarlay\u0131r ki, h\u0259r bir m\u0259mur xalq\u0131n xidm\u0259t\u00e7isi olmal\u0131d\u0131r, ona canla-ba\u015fla xidm\u0259t etm\u0259lidir. Vicdanl\u0131, m\u0259suliyy\u0259tli, \u015f\u0259ffaf xidm\u0259t ba\u015fl\u0131ca meyar olmal\u0131d\u0131r .<\/p>\n<p>Fevral\u0131n 18-d\u0259 Bak\u0131 \u015f\u0259h\u0259ri Nizami v\u0259 N\u0259rimanov rayonlar\u0131n\u0131n, h\u0259m\u00e7inin K\u00fcrd\u0259mir rayonunun icra hakimiyy\u0259tl\u0259rinin yeni t\u0259yin olunan ba\u015f\u00e7\u0131lar\u0131n\u0131 videoformatda q\u0259bul ed\u0259rk\u0259n d\u00f6vl\u0259t ba\u015f\u00e7\u0131s\u0131 bir daha b\u00fct\u00fcn m\u0259murlara s\u0259sl\u0259ndi: \u00abDaim insanlarla t\u0259masda olmal\u0131s\u0131n\u0131z, onlar\u0131n probleml\u0259rini onlardan e\u015fitm\u0259lisiniz, laqeyd olmamal\u0131s\u0131n\u0131z. Y\u0259ni, b\u00fct\u00fcn m\u0259murlar qar\u015f\u0131s\u0131nda m\u0259nim t\u0259r\u0259fimd\u0259n qoyulan v\u0259zif\u0259l\u0259r bundan ibar\u0259tdir\u00bb.<\/p>\n<p>Bunun t\u0259kc\u0259 icra hakimiyy\u0259ti ba\u015f\u00e7\u0131lar\u0131na deyil, b\u00fct\u00fcn m\u0259murlara aid oldu\u011funu diqq\u0259t\u0259 \u00e7atd\u0131ran Prezident b\u0259yan etdi ki, he\u00e7 kim qanundan yuxar\u0131 ola bilm\u0259z. Qanun qar\u015f\u0131s\u0131nda ham\u0131 b\u0259rab\u0259rdir: \u00abD\u00f6vl\u0259t m\u0259murunun \u00fcz\u0259rin\u0259 d\u00fc\u015f\u0259n v\u0259zif\u0259 v\u0259 m\u0259suliyy\u0259t onlar\u0131 dediyim prinsipl\u0259r\u0259 riay\u0259t etm\u0259l\u0259rin\u0259 s\u00f6vq etm\u0259lidir. \u018fks t\u0259qdird\u0259 onlar c\u0259zaland\u0131r\u0131lacaq v\u0259 art\u0131q g\u00f6rd\u00fcy\u00fcm\u00fcz i\u015fl\u0259r bunu t\u0259sdiql\u0259yir. B\u00f6y\u00fck v\u0259zif\u0259 b\u00f6y\u00fck imtiyaz deyil, b\u00f6y\u00fck m\u0259suliyy\u0259tdir. Ona g\u00f6r\u0259 bu m\u0259suliyy\u0259ti d\u0259rk ed\u0259rk\u0259n siz \u00f6z add\u0131mlar\u0131n\u0131z\u0131 da bu istiqam\u0259td\u0259 atmal\u0131s\u0131n\u0131z\u00bb.<\/p>\n<p>\u00dcmumiyy\u0259tl\u0259, son d\u00f6vrl\u0259rd\u0259 d\u00f6vl\u0259t idar\u0259etm\u0259 sistemind\u0259 h\u0259yata ke\u00e7iril\u0259n struktur islahatlar\u0131 \u00e7\u0259r\u00e7iv\u0259sind\u0259 m\u00fcasir d\u00fc\u015f\u00fcnc\u0259li, milli maraqlar\u0131 \u0259sas tutan kadrlara y\u00fcks\u0259k etimad\u0131n g\u00f6st\u0259rilm\u0259si, onlar\u0131n r\u0259hb\u0259r v\u0259zif\u0259l\u0259r\u0259 ir\u0259li \u00e7\u0259kilm\u0259si h\u0259m \u00f6lk\u0259 v\u0259t\u0259nda\u015flar\u0131, h\u0259m d\u0259 beyn\u0259lxalq t\u0259\u015fkilatlar t\u0259r\u0259find\u0259n t\u0259qdir\u0259layiq hal kimi qiym\u0259tl\u0259ndirilir.<\/p>\n<p>Prezident \u0130lham \u018fliyev h\u0259r zaman qeyd edir ki, kadr siyas\u0259tind\u0259 \u015f\u0259xsi tan\u0131\u015fl\u0131q, r\u0259\u011fb\u0259t, dostluq \u0259laq\u0259l\u0259ri yox, pe\u015f\u0259karl\u0131q, v\u0259t\u0259np\u0259rv\u0259rlik v\u0259 milli d\u0259y\u0259rl\u0259r \u0259sas g\u00f6t\u00fcr\u00fclm\u0259lidir. Pe\u015f\u0259kar, V\u0259t\u0259n\u0259 ba\u011fl\u0131 olan, bilikli v\u0259 Az\u0259rbaycan\u0131n maraqlar\u0131n\u0131 layiqinc\u0259 m\u00fcdafi\u0259 ed\u0259 bil\u0259n kadrlar \u00f6n\u0259 \u00e7\u0259kilm\u0259lidir.<\/p>\n<p>Az\u0259rbaycanda d\u00f6vl\u0259t idar\u0259\u00e7iliyind\u0259 m\u00fcasir, kreativ d\u00fc\u015f\u00fcnc\u0259li kadrlar\u0131n ir\u0259li \u00e7\u0259kilm\u0259si \u0259n\u0259n\u0259si h\u0259r zaman m\u00f6vcud olub. M\u0259hz \u0130lham \u018fliyevin u\u011furla davam etdirdiyi siyas\u0259tin n\u0259tic\u0259sidir ki, art\u0131q \u00f6lk\u0259d\u0259 b\u00fct\u00fcn sah\u0259l\u0259rd\u0259 pe\u015f\u0259kar kadr potensial\u0131 formala\u015fmaqdad\u0131r. Yeni d\u00f6vl\u0259t idar\u0259\u00e7iliyi t\u0259l\u0259bl\u0259rin\u0259 cavab ver\u0259n islahatlarla ba\u011fl\u0131 q\u0259tiyy\u0259tli m\u00f6vqe ortaya qoyan\u00a0 Prezidentin\u00a0 kadr\u00a0 islahatlar\u0131n\u0131n \u0259sas m\u0259qs\u0259di idar\u0259etm\u0259d\u0259 \u00e7evikliyi v\u0259 s\u0259m\u0259r\u0259liliyi art\u0131rmaq, c\u0259miyy\u0259td\u0259 formala\u015fan yeni \u00e7a\u011f\u0131r\u0131\u015flara adekvat uy\u011funla\u015fman\u0131 t\u0259min etm\u0259kdir.<\/p>\n<p>Prezident \u0130lham \u018fliyev yeni t\u0259yin edil\u0259n rayon icra hakimiyy\u0259tl\u0259ri ba\u015f\u00e7\u0131lar\u0131n\u0131 videofrmatda q\u0259bul ed\u0259rk\u0259n bir daha bu m\u0259s\u0259l\u0259l\u0259r\u0259 toxundu v\u0259 \u00f6z m\u0259sl\u0259h\u0259tl\u0259rini verdi. Eyni zamanda \u0259vv\u0259lc\u0259d\u0259n x\u0259b\u0259rdarl\u0131\u011f\u0131n\u0131 da etdi. M\u0259s\u0259l\u0259 bel\u0259 qoyuldu ki, \u0259g\u0259r Prezidentin tap\u015f\u0131r\u0131qlar\u0131 layiqinc\u0259 yerin\u0259 yetiril\u0259rs\u0259, h\u0259m d\u00f6vl\u0259t, h\u0259m d\u0259 \u00f6lk\u0259 v\u0259t\u0259nda\u015flar\u0131 onlar\u0131n f\u0259aliyy\u0259tind\u0259n raz\u0131 qalacaq. Yox, \u0259g\u0259r bu etimad do\u011frulmasa, ilk n\u00f6vb\u0259d\u0259 c\u0259miyy\u0259td\u0259 m\u0259yusluq yaradacaq. Ona g\u00f6r\u0259 d\u0259 yeni t\u0259yin edilmi\u015f icra ba\u015f\u00e7\u0131lar\u0131 rayonlarda v\u0259ziyy\u0259ti t\u0259hlil etm\u0259li, insanlar\u0131 narahat ed\u0259n m\u0259s\u0259l\u0259l\u0259ri ciddi ara\u015fd\u0131rmal\u0131 v\u0259 onlar\u0131n h\u0259lli yollar\u0131 il\u0259 ba\u011fl\u0131 t\u0259klifl\u0259r haz\u0131rlamal\u0131d\u0131rlar.<\/p>\n<p>G\u00f6r\u00fcnd\u00fcy\u00fc kimi, Prezidentin u\u011furlu kadr islahatlar\u0131 davam edir. Bu, \u00f6lk\u0259 r\u0259hb\u0259rinin m\u00fct\u0259r\u0259qqi islahatlar\u0131n\u0131n t\u0259rkib hiss\u0259sidir. Az\u0259rbaycanda kadr islahatlar\u0131na ehtiyac\u0131n oldu\u011funu dey\u0259n\u00a0c\u0259nab \u0130lham \u018fliyev bu prosesl\u0259ri d\u0259y\u0259rl\u0259ndir\u0259rk\u0259n vur\u011fulay\u0131b ki, islahatlar t\u0259kmill\u0259\u015fm\u0259, yeni d\u00f6vr\u0259 uy\u011funla\u015fma v\u0259 t\u0259r\u0259qqi dem\u0259kdir. H\u0259qiq\u0259t\u0259n d\u0259 d\u00fcnya miqyas\u0131nda y\u00fcks\u0259k u\u011furlar \u0259ld\u0259 etmi\u015f \u00f6lk\u0259l\u0259rin t\u0259cr\u00fcb\u0259sin\u0259 n\u0259z\u0259r salsaq g\u00f6r\u0259rik ki, bu nailiyy\u0259tl\u0259r m\u0259hz islahatlar v\u0259 onlar\u0131n s\u0259m\u0259r\u0259liliyi hesab\u0131na \u0259ld\u0259 edilib.<\/p>\n<p>Bu g\u00fcn Az\u0259rbaycan\u0131 tarixinin \u0259n q\u00fcdr\u0259tli d\u00f6vl\u0259tin\u0259 \u00e7evir\u0259n Prezident \u0130lham \u018fliyev kadr v\u0259 struktur islahatlar\u0131 il\u0259 daha \u00e7evik v\u0259 operativ idar\u0259\u00e7ilik mexanizmi formala\u015fd\u0131rmaqla yeni bir modern d\u00f6vl\u0259t quruculu\u011fu modeli ortaya qoymaqdad\u0131r. X\u00fcsusil\u0259 b\u00fct\u00fcn islahatlar zaman\u0131 d\u00fc\u015f\u00fcn\u00fclm\u00fc\u015f, \u00f6l\u00e7\u00fcl\u00fcb-bi\u00e7ilmi\u015f add\u0131mlar atan \u00f6lk\u0259 ba\u015f\u00e7\u0131s\u0131 ilk n\u00f6vb\u0259d\u0259, xalq\u0131n v\u0259 d\u00f6vl\u0259tin maraqlar\u0131n\u0131, milli m\u0259nafeyi n\u0259z\u0259r\u0259 al\u0131r. C\u0259miyy\u0259tin islahatlara m\u00fcnasib\u0259tin\u0259 \u00e7ox y\u00fcks\u0259k \u00f6n\u0259m verir v\u0259 v\u0259t\u0259nda\u015flar\u0131n prosesl\u0259rl\u0259 ba\u011fl\u0131 n\u0259 d\u00fc\u015f\u00fcnm\u0259sin\u0259, hans\u0131 sah\u0259l\u0259rd\u0259 n\u0259d\u0259n raz\u0131 v\u0259 ya naraz\u0131 olmas\u0131na x\u00fcsusi diqq\u0259t yetirir. Ona g\u00f6r\u0259 d\u0259 \u00f6lk\u0259 ictimaiyy\u0259ti islahat\u00e7\u0131 Prezidentin b\u00fct\u00fcn yenilik v\u0259 d\u0259yi\u015fiklikl\u0259rini m\u00fcsb\u0259t d\u0259y\u0259rl\u0259ndirir.<\/p>\n","protected":false},"excerpt":{"rendered":"<p>D\u00f6vl\u0259t ba\u015f\u00e7\u0131s\u0131n\u0131n kadr siyas\u0259tind\u0259 \u0259sas t\u0259l\u0259b xalqa vicdanla xidm\u0259t etm\u0259kdir Prezident \u0130lham \u018fliyevin sosial- m\u0259d\u0259ni, iqtisadi-siyasi\u00a0 islahatlar\u0131n\u0131n bir h\u0259d\u0259fi var: \u00f6lk\u0259 \u0259halisinin rifah hal\u0131 daimi y\u00fcks\u0259lsin, d\u00f6vl\u0259tin siyasi v\u0259 iqtisadi t\u0259m\u0259ll\u0259ri daha da m\u00f6hk\u0259ml\u0259nsin. M\u0259hz bu istiqam\u0259td\u0259ki siyas\u0259tind\u0259 kadr m\u0259s\u0259l\u0259sini diqq\u0259td\u0259 saxlayan \u00f6lk\u0259 ba\u015f\u00e7\u0131s\u0131 onlara ciddi \u015f\u0259kild\u0259 tap\u015f\u0131r\u0131q v\u0259 t\u00f6vsiy\u0259l\u0259rini verir. Prezident h\u0259r bir g\u00f6r\u00fc\u015f\u00fcnd\u0259 v\u0259 K\u0130V-l\u0259r\u0259 m\u00fcsahib\u0259l\u0259rind\u0259 t\u0259krarlay\u0131r ki, h\u0259r bir m\u0259mur xalq\u0131n xidm\u0259t\u00e7isi olmal\u0131d\u0131r, ona canla-ba\u015fla xidm\u0259t etm\u0259lidir. Vicdanl\u0131, m\u0259suliyy\u0259tli, \u015f\u0259ffaf xidm\u0259t ba\u015fl\u0131ca meyar olmal\u0131d\u0131r . Fevral\u0131n 18-d\u0259 Bak\u0131 \u015f\u0259h\u0259ri Nizami v\u0259 N\u0259rimanov rayonlar\u0131n\u0131n, h\u0259m\u00e7inin K\u00fcrd\u0259mir rayonunun icra&hellip;<\/p>\n","protected":false},"author":2,"featured_media":441998,"comment_status":"closed","ping_status":"closed","sticky":false,"template":"","format":"standard","meta":{"om_disable_all_campaigns":false,"_monsterinsights_skip_tracking":false,"_monsterinsights_sitenote_active":false,"_monsterinsights_sitenote_note":"","_monsterinsights_sitenote_category":0},"categories":[8],"tags":[],"aioseo_notices":[],"gutentor_comment":0,"rttpg_featured_image_url":{"full":["https:\/\/arantv.az\/wp-content\/uploads\/2022\/02\/cd755a6c164035959261777733010471455.jpg",975,540,false],"landscape":["https:\/\/arantv.az\/wp-content\/uploads\/2022\/02\/cd755a6c164035959261777733010471455.jpg",975,540,false],"portraits":["https:\/\/arantv.az\/wp-content\/uploads\/2022\/02\/cd755a6c164035959261777733010471455.jpg",975,540,false],"thumbnail":["https:\/\/arantv.az\/wp-content\/uploads\/2022\/02\/cd755a6c164035959261777733010471455-500x280.jpg",500,280,true],"medium":["https:\/\/arantv.az\/wp-content\/uploads\/2022\/02\/cd755a6c164035959261777733010471455-660x365.jpg",660,365,true],"large":["https:\/\/arantv.az\/wp-content\/uploads\/2022\/02\/cd755a6c164035959261777733010471455-840x465.jpg",640,354,true],"1536x1536":["https:\/\/arantv.az\/wp-content\/uploads\/2022\/02\/cd755a6c164035959261777733010471455.jpg",975,540,false],"2048x2048":["https:\/\/arantv.az\/wp-content\/uploads\/2022\/02\/cd755a6c164035959261777733010471455.jpg",975,540,false],"post-thumbnail":["https:\/\/arantv.az\/wp-content\/uploads\/2022\/02\/cd755a6c164035959261777733010471455-240x172.jpg",240,172,true],"advps-thumb-one":["https:\/\/arantv.az\/wp-content\/uploads\/2022\/02\/cd755a6c164035959261777733010471455.jpg",975,540,false]},"rttpg_author":{"display_name":"V\u00fcsal Rafiqo\u011flu","author_link":"https:\/\/arantv.az\/?author=2"},"rttpg_comment":0,"rttpg_category":"<a href=\"https:\/\/arantv.az\/?cat=8\" rel=\"category\">\u018fsas s\u0259hif\u0259<\/a>","rttpg_excerpt":"D\u00f6vl\u0259t ba\u015f\u00e7\u0131s\u0131n\u0131n kadr siyas\u0259tind\u0259 \u0259sas t\u0259l\u0259b xalqa vicdanla xidm\u0259t etm\u0259kdir Prezident \u0130lham \u018fliyevin sosial- m\u0259d\u0259ni, iqtisadi-siyasi\u00a0 islahatlar\u0131n\u0131n bir h\u0259d\u0259fi var: \u00f6lk\u0259 \u0259halisinin rifah hal\u0131 daimi y\u00fcks\u0259lsin, d\u00f6vl\u0259tin siyasi v\u0259 iqtisadi t\u0259m\u0259ll\u0259ri daha da m\u00f6hk\u0259ml\u0259nsin. M\u0259hz bu istiqam\u0259td\u0259ki siyas\u0259tind\u0259 kadr m\u0259s\u0259l\u0259sini diqq\u0259td\u0259 saxlayan \u00f6lk\u0259 ba\u015f\u00e7\u0131s\u0131 onlara ciddi \u015f\u0259kild\u0259 tap\u015f\u0131r\u0131q v\u0259 t\u00f6vsiy\u0259l\u0259rini verir. Prezident h\u0259r bir g\u00f6r\u00fc\u015f\u00fcnd\u0259&hellip;","_links":{"self":[{"href":"https:\/\/arantv.az\/index.php?rest_route=\/wp\/v2\/posts\/441997"}],"collection":[{"href":"https:\/\/arantv.az\/index.php?rest_route=\/wp\/v2\/posts"}],"about":[{"href":"https:\/\/arantv.az\/index.php?rest_route=\/wp\/v2\/types\/post"}],"author":[{"embeddable":true,"href":"https:\/\/arantv.az\/index.php?rest_route=\/wp\/v2\/users\/2"}],"replies":[{"embeddable":true,"href":"https:\/\/arantv.az\/index.php?rest_route=%2Fwp%2Fv2%2Fcomments&post=441997"}],"version-history":[{"count":0,"href":"https:\/\/arantv.az\/index.php?rest_route=\/wp\/v2\/posts\/441997\/revisions"}],"wp:featuredmedia":[{"embeddable":true,"href":"https:\/\/arantv.az\/index.php?rest_route=\/wp\/v2\/media\/441998"}],"wp:attachment":[{"href":"https:\/\/arantv.az\/index.php?rest_route=%2Fwp%2Fv2%2Fmedia&parent=441997"}],"wp:term":[{"taxonomy":"category","embeddable":true,"href":"https:\/\/arantv.az\/index.php?rest_route=%2Fwp%2Fv2%2Fcategories&post=441997"},{"taxonomy":"post_tag","embeddable":true,"href":"https:\/\/arantv.az\/index.php?rest_route=%2Fwp%2Fv2%2Ftags&post=441997"}],"curies":[{"name":"wp","href":"https:\/\/api.w.org\/{rel}","templated":true}]}}