{"id":442000,"date":"2022-02-22T07:13:15","date_gmt":"2022-02-22T04:13:15","guid":{"rendered":"http:\/\/arantv.az\/?p=442000"},"modified":"2022-02-22T07:13:15","modified_gmt":"2022-02-22T04:13:15","slug":"el%c9%99-kadrlar-secilm%c9%99lidir-ki","status":"publish","type":"post","link":"https:\/\/arantv.az\/?p=442000","title":{"rendered":"El\u0259 kadrlar se\u00e7ilm\u0259lidir ki\u2026"},"content":{"rendered":"<p>Prezident \u0130lham \u018fliyev t\u0259r\u0259find\u0259n 2018-ci ild\u0259 ba\u015flad\u0131lan v\u0259 d\u00f6vl\u0259t idar\u0259\u00e7iliyinin b\u00fct\u00fcn istiqam\u0259tl\u0259rini \u0259hat\u0259 ed\u0259n h\u00fcquqi, institusional v\u0259 kadr islahatlar\u0131 bu g\u00fcn daha geni\u015f v\u00fcs\u0259t alaraq intensiv \u015f\u0259kild\u0259 davam etdirilm\u0259kd\u0259dir. \u00a0V\u0259t\u0259nda\u015flarla m\u00fcnasib\u0259td\u0259 \u015f\u0259ffafl\u0131\u011f\u0131n art\u0131r\u0131lmas\u0131, etik qaydalara \u0259m\u0259l edilm\u0259si, onlara\u00a0daha keyfiyy\u0259tli, rahat, m\u00fcasir \u015f\u0259kild\u0259 xidm\u0259t\u00a0g\u00f6st\u0259rilm\u0259si v\u0259 v\u0259t\u0259nda\u015f m\u0259mnunlu\u011funun t\u0259min edilm\u0259si m\u0259murlar qar\u015f\u0131s\u0131nda \u0259n z\u0259ruri v\u0259zif\u0259l\u0259r kimi m\u00fc\u0259yy\u0259nl\u0259\u015fdirilib.<\/p>\n<p>Bu g\u00fcn \u00f6lk\u0259mizd\u0259 u\u011furla realla\u015fd\u0131r\u0131lan irimiqyasl\u0131 islahatlar b\u00fct\u00fcn sah\u0259l\u0259ri \u0259hat\u0259 edir. T\u0259bii ki, bu prosesd\u0259 kadr islahatlar\u0131 da \u00e7ox \u00f6n\u0259mli rol oynay\u0131r. \u00c7\u00fcnki h\u0259r bir sah\u0259nin inki\u015faf\u0131nda kadr amili vacib \u015f\u0259rtdir. \u0130ndi yeni d\u00fcnyag\u00f6r\u00fc\u015fl\u00fc, m\u00fcasir t\u0259hsilli, qlobal d\u00fcnyan\u0131n dikt\u0259 etdiyi idar\u0259\u00e7ilik f\u0259ls\u0259f\u0259sinin t\u0259l\u0259bl\u0259rin\u0259 cavab ver\u0259n g\u0259nc kadrlar v\u0259zif\u0259l\u0259r\u0259 ir\u0259li \u00e7\u0259kilir.<\/p>\n<p>D\u00f6vl\u0259t m\u0259murlar\u0131n\u0131n v\u0259zif\u0259 borclar\u0131n\u0131 layiqinc\u0259 yerin\u0259 yetirm\u0259si \u00f6lk\u0259 ba\u015f\u00e7\u0131s\u0131n\u0131n daim diqq\u0259t yetirdiyi m\u0259s\u0259l\u0259l\u0259rd\u0259ndir. \u00d6lk\u0259 ba\u015f\u00e7\u0131s\u0131 daim \u00f6z nitql\u0259rind\u0259 layiqli m\u0259muru s\u0259ciyy\u0259l\u0259ndir\u0259n keyfiyy\u0259tl\u0259ri xarakteriz\u0259 ed\u0259r\u0259k, f\u0259aliyy\u0259tind\u0259 ciddi n\u00f6qsanlara yol ver\u0259n \u015f\u0259xsl\u0259ri t\u00f6r\u0259tdikl\u0259ri \u0259m\u0259ll\u0259rd\u0259n \u00e7\u0259kinm\u0259y\u0259 \u00e7a\u011f\u0131r\u0131r.<\/p>\n<p>Prezident \u0130lham \u018fliyev fevral\u0131n 18-d\u0259 Co\u015fqun C\u0259bray\u0131lovu Bak\u0131 \u015f\u0259h\u0259ri Nizami Rayon \u0130cra Hakimiyy\u0259tinin ba\u015f\u00e7\u0131s\u0131, Elgin H\u0259bibullayevi Bak\u0131 \u015f\u0259h\u0259ri N\u0259rimanov Rayon \u0130cra Hakimiyy\u0259tinin ba\u015f\u00e7\u0131s\u0131 v\u0259 Elxan \u0130brahimovu K\u00fcrd\u0259mir Rayon \u0130cra Hakimiyy\u0259tinin ba\u015f\u00e7\u0131s\u0131 t\u0259yin olunmalar\u0131 il\u0259 \u0259laq\u0259dar videoformatda q\u0259bul ed\u0259rk\u0259n bildirib ki, m\u0259murlar vicdanla i\u015fl\u0259m\u0259lidirl\u0259r, \u00f6z cibini doldurmaq \u00fc\u00e7\u00fcn yox, d\u00f6vl\u0259t maraqlar\u0131n\u0131 h\u0259r \u015feyd\u0259n \u00fcst\u00fcn tutmal\u0131d\u0131rlar. \u00d6lk\u0259 ba\u015f\u00e7\u0131s\u0131 \u00f6z prinsipial m\u00f6vqeyini\u00a0bir daha ortaya qoyaraq vur\u011fulay\u0131b ki, he\u00e7 kim v\u0259zif\u0259sind\u0259n sui-istifad\u0259 etm\u0259m\u0259lidir. B\u00fct\u00fcn m\u0259murlar bilm\u0259lidirl\u0259r ki, b\u00f6y\u00fck v\u0259zif\u0259 b\u00f6y\u00fck imtiyaz yox, \u0259ksin\u0259 b\u00f6y\u00fck m\u0259suliyy\u0259tdir: \u201cSiz daim insanlarla t\u0259masda olmal\u0131s\u0131n\u0131z, onlar\u0131n probleml\u0259rini onlardan e\u015fitm\u0259lisiniz, laqeyd olmamal\u0131s\u0131n\u0131z. Y\u0259ni, b\u00fct\u00fcn m\u0259murlar qar\u015f\u0131s\u0131nda m\u0259nim t\u0259r\u0259fimd\u0259n qoyulan v\u0259zif\u0259l\u0259r bundan ibar\u0259tdir. \u00c7\u00fcnki h\u0259r bir d\u00f6vl\u0259t m\u0259muru Prezident ba\u015fda olmaq \u015f\u0259rti il\u0259 xalq\u0131n xidm\u0259t\u00e7isidir. M\u0259n bunu d\u0259f\u0259l\u0259rl\u0259 \u00f6z \u00e7\u0131x\u0131\u015flar\u0131mda demi\u015f\u0259m v\u0259 icra ba\u015f\u00e7\u0131lar\u0131n\u0131 v\u0259zif\u0259y\u0259 t\u0259yin ed\u0259rk\u0259n demi\u015f\u0259m. Ancaq \u0259fsuslar olsun ki, b\u0259zi hallarda m\u0259nim t\u0259yin etdiyim v\u0259zif\u0259li \u015f\u0259xsl\u0259r \u00f6z v\u0259zif\u0259 borcunu yerin\u0259 yetirm\u0259k \u0259v\u0259zin\u0259 qanunsuz i\u015fl\u0259rl\u0259 m\u0259\u015f\u011ful idi, korrupsiya il\u0259, r\u00fc\u015fv\u0259txorluqla m\u0259\u015f\u011ful idi. Kas\u0131b insanlar\u0131n mal\u0131na g\u00f6z dikmi\u015fdil\u0259r, d\u00f6vl\u0259t t\u0259r\u0259find\u0259n ictimai i\u015fl\u0259r\u0259 c\u0259lb edil\u0259n insanlar\u0131n maa\u015f\u0131n\u0131 m\u0259nims\u0259mi\u015fdil\u0259r. Bu vicdans\u0131zl\u0131q v\u0259 \u0259xlaqs\u0131zl\u0131q n\u0259tic\u0259siz qalmad\u0131. Bildiyiniz kimi, bir \u00e7ox icra ba\u015f\u00e7\u0131lar\u0131 cinay\u0259t m\u0259suliyy\u0259tin\u0259 c\u0259lb olunub, art\u0131q bir \u00e7oxu m\u0259hkum edilib v\u0259 b\u0259zil\u0259rinin cinay\u0259t i\u015fl\u0259rinin istintaq\u0131 davam edir\u201d.<\/p>\n<p>M\u0259murlar yadda saxlamal\u0131d\u0131rlar ki, onlar xalq\u0131n xidm\u0259t\u00e7il\u0259ridirl\u0259r. Yaln\u0131z icra ba\u015f\u00e7\u0131lar\u0131 deyil, b\u00fct\u00fcn m\u0259murlar, d\u00f6vl\u0259t qurumlar\u0131n\u0131n n\u00fcmay\u0259nd\u0259l\u0259ri xalqla bir yerd\u0259 olmal\u0131, daim onlar\u0131n qay\u011f\u0131lar\u0131 v\u0259 probleml\u0259ri il\u0259 maraqlanmal\u0131d\u0131rlar. D\u00f6vl\u0259t ba\u015f\u00e7\u0131s\u0131 b\u0259yan edib ki, etimad\u0131 do\u011frultmayan m\u0259murlar bundan sonra da c\u0259zaland\u0131r\u0131lacaqlar. H\u0259r d\u0259f\u0259 icra ba\u015f\u00e7\u0131lar\u0131n\u0131, nazirl\u0259ri v\u0259zif\u0259y\u0259 t\u0259yin ed\u0259rk\u0259n d\u00f6vl\u0259t ba\u015f\u00e7\u0131s\u0131 onlara t\u00f6vsiy\u0259 v\u0259 tap\u015f\u0131r\u0131qlar\u0131n\u0131 verir. Dig\u0259r m\u0259murlar kimi, icra hakimiyy\u0259tl\u0259rinin ba\u015f\u00e7\u0131lar\u0131 da daim insanlarla \u00fcnsiyy\u0259td\u0259 olmal\u0131, onlar\u0131n probleml\u0259rinin h\u0259lli \u00fc\u00e7\u00fcn \u0259m\u0259li add\u0131mlar atmal\u0131, f\u0259aliyy\u0259tind\u0259 \u015f\u0259ffafl\u0131\u011fa \u00fcst\u00fcnl\u00fck verm\u0259lidir. B\u0259zi hallarda h\u0259m icra ba\u015f\u00e7\u0131lar\u0131, h\u0259m d\u0259 m\u00fcxt\u0259lif qurumlara r\u0259hb\u0259rlik ed\u0259n m\u0259murlar yeni v\u0259zif\u0259y\u0259 t\u0259yin olunan kimi pe\u015f\u0259kar kadrlar\u0131 i\u015fd\u0259n azad edir, \u00f6z\u00fcn\u0259 yax\u0131n olan adamlar\u0131, qohumlar\u0131n\u0131 v\u0259zif\u0259y\u0259 t\u0259yin edir. B\u00fct\u00fcn bunlar insanlarda naraz\u0131l\u0131q yarad\u0131r. \u00d6lk\u0259 ba\u015f\u00e7\u0131s\u0131 bir daha qeyd edib ki, kadrlar\u0131n se\u00e7ilm\u0259sind\u0259, ilk n\u00f6vb\u0259d\u0259, insanlar\u0131n i\u015f qabiliyy\u0259ti n\u0259z\u0259r\u0259 al\u0131nmal\u0131d\u0131r, d\u00f6vl\u0259t\u00e7iliy\u0259, d\u00f6vl\u0259t\u0259 s\u0259daq\u0259t, v\u0259t\u0259np\u0259rv\u0259rlik n\u0259z\u0259r\u0259 al\u0131nmal\u0131d\u0131r: \u201cTan\u0131\u015fl\u0131q, qohumluq \u0259laq\u0259l\u0259ri v\u0259 hans\u0131sa ba\u015fqa prinsipl\u0259r tamamil\u0259 aradan qald\u0131r\u0131lmal\u0131d\u0131r. El\u0259 kadrlar se\u00e7ilm\u0259lidir ki, bu kadrlar d\u00f6vl\u0259t m\u0259murlar\u0131 qar\u015f\u0131s\u0131nda duran v\u0259zif\u0259l\u0259ri \u015f\u0259r\u0259fl\u0259 yerin\u0259 yetirsinl\u0259r. Eyni zamanda, qeyd etdiyim kimi, v\u0259t\u0259np\u0259rv\u0259r insanlar, d\u00f6vl\u0259t\u0259, xalqa ba\u011fl\u0131 olan insanlar, \u0259lb\u0259tt\u0259 ki, \u00f6n plana \u00e7\u0131xmal\u0131d\u0131r v\u0259 kadr t\u0259yinatlar\u0131 apar\u0131landa bu, n\u0259z\u0259r\u0259 al\u0131nmal\u0131d\u0131r\u201d.<\/p>\n<p>\u00d6lk\u0259 ba\u015f\u00e7\u0131s\u0131n\u0131n tap\u015f\u0131r\u0131q v\u0259 t\u00f6vsiyy\u0259l\u0259rind\u0259n d\u00fczg\u00fcn n\u0259tic\u0259 \u00e7\u0131xarmayan, r\u00fc\u015fv\u0259t v\u0259 korrupsiya hallar\u0131na son qoymayan \u015f\u0259xsl\u0259rin qanunvericiliy\u0259 uy\u011fun olaraq ciddi c\u0259zaland\u0131r\u0131lmas\u0131 bu g\u00fcn d\u0259 davam edir. Sirr deyil ki, bu sah\u0259d\u0259 \u0259ld\u0259 edil\u0259n u\u011furlar, d\u00f6vl\u0259t qulluq\u00e7ular\u0131n\u0131n \u015f\u0259ffaf f\u0259aliyy\u0259ti v\u0259 v\u0259t\u0259nda\u015f m\u0259mnunlu\u011funun art\u0131r\u0131lmas\u0131 il\u0259 yana\u015f\u0131, b\u0259zi hallarda \u0259halini naraz\u0131 salma\u011fa y\u00f6n\u0259lmi\u015f neqativ hallar\u0131n h\u0259l\u0259 d\u0259 t\u0259krarlanmas\u0131 faktlar\u0131 da m\u00f6vcuddur. Bu c\u00fcr \u0259m\u0259ll\u0259r\u0259 son qoyulmas\u0131 t\u0259l\u0259bi il\u0259 \u0259n y\u00fcks\u0259k s\u0259viyy\u0259d\u0259 edilmi\u015f a\u00e7\u0131q \u00e7a\u011f\u0131r\u0131\u015flara v\u0259 x\u0259b\u0259rdarl\u0131qlara m\u0259h\u0259l qoymayan, if\u015fa olunmu\u015f h\u0259mkarlar\u0131n\u0131n aqib\u0259tind\u0259n n\u0259tic\u0259 \u00e7\u0131xarmayan v\u0259zif\u0259li \u015f\u0259xsl\u0259r bar\u0259sind\u0259 qanunvericiliy\u0259 uy\u011fun ciddi t\u0259dbirl\u0259r g\u00f6r\u00fclm\u0259kd\u0259dir. Bundan sonra da bel\u0259 olacaq. Prezidentimizin s\u00f6yl\u0259diyi kimi, he\u00e7 kim qanundan yuxar\u0131 ola bilm\u0259z. Qanun qar\u015f\u0131s\u0131nda ham\u0131 b\u0259rab\u0259rdir.<\/p>\n","protected":false},"excerpt":{"rendered":"<p>Prezident \u0130lham \u018fliyev t\u0259r\u0259find\u0259n 2018-ci ild\u0259 ba\u015flad\u0131lan v\u0259 d\u00f6vl\u0259t idar\u0259\u00e7iliyinin b\u00fct\u00fcn istiqam\u0259tl\u0259rini \u0259hat\u0259 ed\u0259n h\u00fcquqi, institusional v\u0259 kadr islahatlar\u0131 bu g\u00fcn daha geni\u015f v\u00fcs\u0259t alaraq intensiv \u015f\u0259kild\u0259 davam etdirilm\u0259kd\u0259dir. \u00a0V\u0259t\u0259nda\u015flarla m\u00fcnasib\u0259td\u0259 \u015f\u0259ffafl\u0131\u011f\u0131n art\u0131r\u0131lmas\u0131, etik qaydalara \u0259m\u0259l edilm\u0259si, onlara\u00a0daha keyfiyy\u0259tli, rahat, m\u00fcasir \u015f\u0259kild\u0259 xidm\u0259t\u00a0g\u00f6st\u0259rilm\u0259si v\u0259 v\u0259t\u0259nda\u015f m\u0259mnunlu\u011funun t\u0259min edilm\u0259si m\u0259murlar qar\u015f\u0131s\u0131nda \u0259n z\u0259ruri v\u0259zif\u0259l\u0259r kimi m\u00fc\u0259yy\u0259nl\u0259\u015fdirilib. Bu g\u00fcn \u00f6lk\u0259mizd\u0259 u\u011furla realla\u015fd\u0131r\u0131lan irimiqyasl\u0131 islahatlar b\u00fct\u00fcn sah\u0259l\u0259ri \u0259hat\u0259 edir. T\u0259bii ki, bu prosesd\u0259 kadr islahatlar\u0131 da \u00e7ox \u00f6n\u0259mli rol oynay\u0131r. \u00c7\u00fcnki h\u0259r bir sah\u0259nin inki\u015faf\u0131nda kadr amili vacib \u015f\u0259rtdir. \u0130ndi yeni d\u00fcnyag\u00f6r\u00fc\u015fl\u00fc, m\u00fcasir&hellip;<\/p>\n","protected":false},"author":2,"featured_media":442001,"comment_status":"closed","ping_status":"closed","sticky":false,"template":"","format":"standard","meta":{"om_disable_all_campaigns":false,"_monsterinsights_skip_tracking":false,"_monsterinsights_sitenote_active":false,"_monsterinsights_sitenote_note":"","_monsterinsights_sitenote_category":0},"categories":[8],"tags":[],"aioseo_notices":[],"gutentor_comment":0,"rttpg_featured_image_url":{"full":["https:\/\/arantv.az\/wp-content\/uploads\/2022\/02\/06a9d51e164398937925874726510424626.jpg",975,540,false],"landscape":["https:\/\/arantv.az\/wp-content\/uploads\/2022\/02\/06a9d51e164398937925874726510424626.jpg",975,540,false],"portraits":["https:\/\/arantv.az\/wp-content\/uploads\/2022\/02\/06a9d51e164398937925874726510424626.jpg",975,540,false],"thumbnail":["https:\/\/arantv.az\/wp-content\/uploads\/2022\/02\/06a9d51e164398937925874726510424626-500x280.jpg",500,280,true],"medium":["https:\/\/arantv.az\/wp-content\/uploads\/2022\/02\/06a9d51e164398937925874726510424626-660x365.jpg",660,365,true],"large":["https:\/\/arantv.az\/wp-content\/uploads\/2022\/02\/06a9d51e164398937925874726510424626-840x465.jpg",640,354,true],"1536x1536":["https:\/\/arantv.az\/wp-content\/uploads\/2022\/02\/06a9d51e164398937925874726510424626.jpg",975,540,false],"2048x2048":["https:\/\/arantv.az\/wp-content\/uploads\/2022\/02\/06a9d51e164398937925874726510424626.jpg",975,540,false],"post-thumbnail":["https:\/\/arantv.az\/wp-content\/uploads\/2022\/02\/06a9d51e164398937925874726510424626-240x172.jpg",240,172,true],"advps-thumb-one":["https:\/\/arantv.az\/wp-content\/uploads\/2022\/02\/06a9d51e164398937925874726510424626.jpg",975,540,false]},"rttpg_author":{"display_name":"V\u00fcsal Rafiqo\u011flu","author_link":"https:\/\/arantv.az\/?author=2"},"rttpg_comment":0,"rttpg_category":"<a href=\"https:\/\/arantv.az\/?cat=8\" rel=\"category\">\u018fsas s\u0259hif\u0259<\/a>","rttpg_excerpt":"Prezident \u0130lham \u018fliyev t\u0259r\u0259find\u0259n 2018-ci ild\u0259 ba\u015flad\u0131lan v\u0259 d\u00f6vl\u0259t idar\u0259\u00e7iliyinin b\u00fct\u00fcn istiqam\u0259tl\u0259rini \u0259hat\u0259 ed\u0259n h\u00fcquqi, institusional v\u0259 kadr islahatlar\u0131 bu g\u00fcn daha geni\u015f v\u00fcs\u0259t alaraq intensiv \u015f\u0259kild\u0259 davam etdirilm\u0259kd\u0259dir. \u00a0V\u0259t\u0259nda\u015flarla m\u00fcnasib\u0259td\u0259 \u015f\u0259ffafl\u0131\u011f\u0131n art\u0131r\u0131lmas\u0131, etik qaydalara \u0259m\u0259l edilm\u0259si, onlara\u00a0daha keyfiyy\u0259tli, rahat, m\u00fcasir \u015f\u0259kild\u0259 xidm\u0259t\u00a0g\u00f6st\u0259rilm\u0259si v\u0259 v\u0259t\u0259nda\u015f m\u0259mnunlu\u011funun t\u0259min edilm\u0259si m\u0259murlar qar\u015f\u0131s\u0131nda \u0259n z\u0259ruri v\u0259zif\u0259l\u0259r kimi m\u00fc\u0259yy\u0259nl\u0259\u015fdirilib.&hellip;","_links":{"self":[{"href":"https:\/\/arantv.az\/index.php?rest_route=\/wp\/v2\/posts\/442000"}],"collection":[{"href":"https:\/\/arantv.az\/index.php?rest_route=\/wp\/v2\/posts"}],"about":[{"href":"https:\/\/arantv.az\/index.php?rest_route=\/wp\/v2\/types\/post"}],"author":[{"embeddable":true,"href":"https:\/\/arantv.az\/index.php?rest_route=\/wp\/v2\/users\/2"}],"replies":[{"embeddable":true,"href":"https:\/\/arantv.az\/index.php?rest_route=%2Fwp%2Fv2%2Fcomments&post=442000"}],"version-history":[{"count":0,"href":"https:\/\/arantv.az\/index.php?rest_route=\/wp\/v2\/posts\/442000\/revisions"}],"wp:featuredmedia":[{"embeddable":true,"href":"https:\/\/arantv.az\/index.php?rest_route=\/wp\/v2\/media\/442001"}],"wp:attachment":[{"href":"https:\/\/arantv.az\/index.php?rest_route=%2Fwp%2Fv2%2Fmedia&parent=442000"}],"wp:term":[{"taxonomy":"category","embeddable":true,"href":"https:\/\/arantv.az\/index.php?rest_route=%2Fwp%2Fv2%2Fcategories&post=442000"},{"taxonomy":"post_tag","embeddable":true,"href":"https:\/\/arantv.az\/index.php?rest_route=%2Fwp%2Fv2%2Ftags&post=442000"}],"curies":[{"name":"wp","href":"https:\/\/api.w.org\/{rel}","templated":true}]}}