{"id":442010,"date":"2022-02-22T07:18:04","date_gmt":"2022-02-22T04:18:04","guid":{"rendered":"http:\/\/arantv.az\/?p=442010"},"modified":"2022-02-22T07:18:04","modified_gmt":"2022-02-22T04:18:04","slug":"antiinflyasiya-t%c9%99dbirl%c9%99ri-gucl%c9%99ndirilir-t%c9%99sirli-olacaqmi","status":"publish","type":"post","link":"https:\/\/arantv.az\/?p=442010","title":{"rendered":"Antiinflyasiya t\u0259dbirl\u0259ri g\u00fccl\u0259ndirilir: T\u0259sirli olacaqm\u0131?"},"content":{"rendered":"<p>X\u0259b\u0259r verildiyi kimi, fevral\u0131n 17-18-d\u0259 Ba\u015f nazir \u018fli \u018fs\u0259dovun s\u0259drliyi il\u0259 ke\u00e7iril\u0259n Az\u0259rbaycan Respublikas\u0131 \u0130qtisadi \u015euras\u0131n\u0131n n\u00f6vb\u0259ti iclas\u0131nda \u00f6lk\u0259d\u0259 antiinflyasiya t\u0259dbirl\u0259rinin g\u00fccl\u0259ndirilm\u0259si m\u0259s\u0259l\u0259si \u0259sas diqq\u0259t m\u0259rk\u0259zind\u0259 olub. \u0130clasda d\u00fcnya \u0259rzaq bazarlar\u0131nda m\u0259hsullar\u0131n qiym\u0259tl\u0259rind\u0259 k\u0259skin bahala\u015fman\u0131n \u00f6lk\u0259d\u0259 i\u015fg\u00fczar f\u0259all\u0131\u011fa, \u0259halinin rifah\u0131na v\u0259 al\u0131c\u0131l\u0131q qabiliyy\u0259tin\u0259 m\u0259nfi t\u0259sirinin qar\u015f\u0131s\u0131n\u0131n al\u0131nmas\u0131 m\u0259qs\u0259dil\u0259 t\u0259xir\u0259sal\u0131nmaz antiinflyasiya t\u0259dbirl\u0259rinin g\u00fccl\u0259ndirilm\u0259si geni\u015f m\u00fczakir\u0259 olunub. Bundan ba\u015fqa, Ba\u015f nazir fevral\u0131n 21-d\u0259\u00a0 &#8220;Az\u0259rbaycan Respublikas\u0131nda antiinflyasiya t\u0259dbirl\u0259rinin g\u00fccl\u0259ndirilm\u0259si il\u0259 ba\u011fl\u0131 t\u0259xir\u0259sal\u0131nmaz t\u0259dbirl\u0259r haqq\u0131nda&#8221; S\u0259r\u0259ncam imzalay\u0131b.<\/p>\n<p>Qeyd ed\u0259k ki, bir ay \u0259vv\u0259l &#8211; yanvar\u0131n 18-d\u0259 Ba\u015f nazir \u018fli \u018fs\u0259dovun s\u0259drliyi il\u0259 \u00f6lk\u0259d\u0259 \u0259rzaq t\u0259hl\u00fck\u0259sizliyi, qiym\u0259t art\u0131m\u0131 v\u0259 qar\u015f\u0131da duran v\u0259zif\u0259l\u0259r\u0259 h\u0259sr olunmu\u015f m\u00fc\u015favir\u0259 ke\u00e7irilmi\u015fdi. M\u00fc\u015favir\u0259d\u0259 \u0259halinin h\u0259yat s\u0259viyy\u0259sinin v\u0259 \u0259rzaqla etibarl\u0131 t\u0259minat\u0131n\u0131n bazarlar\u0131n s\u0259m\u0259r\u0259li f\u0259aliyy\u0259tind\u0259n bilavasit\u0259 as\u0131l\u0131 oldu\u011fu n\u0259z\u0259r\u0259 al\u0131naraq \u0259rzaq bazar\u0131n\u0131n s\u0259m\u0259r\u0259li t\u0259\u015fkili v\u0259 t\u0259nziml\u0259nm\u0259sinin daim diqq\u0259t m\u0259rk\u0259zind\u0259 olmas\u0131n\u0131n vacibliyi qeyd edilmi\u015fdi. X\u00fcsusil\u0259 vur\u011fulanm\u0131\u015fd\u0131 ki, haqs\u0131z r\u0259qab\u0259t, bazar s\u00f6vd\u0259l\u0259\u015fm\u0259si, qiym\u0259tl\u0259rin s\u00fcni art\u0131r\u0131lmas\u0131 hallar\u0131nda d\u00f6vl\u0259t qurumlar\u0131 inzibati r\u0131\u00e7aqlardan istifad\u0259 etm\u0259kl\u0259 m\u00f6ht\u0259kirlik hallar\u0131n\u0131n qar\u015f\u0131s\u0131n\u0131 q\u0259tiyy\u0259tl\u0259 almal\u0131, istehlak bazar\u0131na antiinhisar n\u0259zar\u0259ti g\u00fccl\u0259ndirilm\u0259lidir. N\u0259tic\u0259d\u0259 m\u00fc\u015favir\u0259d\u0259 \u00e7evik v\u0259 kompleks anti-inflyasiya proqram\u0131n\u0131n q\u0131sam\u00fcdd\u0259tli d\u00f6vrd\u0259 inflyasiya amill\u0259rini n\u0259zar\u0259td\u0259 saxlama\u011fa imkan ver\u0259 bil\u0259c\u0259yi q\u0259na\u0259tin\u0259 g\u0259linmi\u015fdi. \u00a0Aidiyy\u0259ti d\u00f6vl\u0259t qurumlar\u0131na q\u0131sa m\u00fcdd\u0259t \u0259rzind\u0259 \u201cAntiinflyasiya t\u0259dbirl\u0259rinin g\u00fccl\u0259ndirilm\u0259si haqq\u0131nda\u201d T\u0259dbirl\u0259r Plan\u0131 bar\u0259d\u0259 t\u0259klifl\u0259rini H\u00f6kum\u0259t\u0259 t\u0259qdim etm\u0259l\u0259ri tap\u015f\u0131r\u0131lm\u0131\u015fd\u0131. Bu bax\u0131mdan \u0130qtisadi \u015euras\u0131n\u0131n n\u00f6vb\u0259ti iclas\u0131n\u0131 bu m\u00fc\u015favir\u0259nin davam\u0131 kimi d\u0259 s\u0259ciyy\u0259l\u0259ndirm\u0259k olar.<\/p>\n<p>\u0130clasda Az\u0259rbaycanda inflyasiyan\u0131n iqtisadi f\u0259all\u0131q \u00fc\u00e7\u00fcn m\u0259qbul s\u0259viyy\u0259d\u0259 saxlan\u0131lmas\u0131, inflyasiyan\u0131n makroiqtisadi v\u0259 maliyy\u0259 sabitliyi \u00fc\u00e7\u00fcn x\u0259l\u0259l g\u0259tirm\u0259y\u0259n h\u0259dd\u0259 qorunmas\u0131, \u00f6lk\u0259d\u0259 qiym\u0259tl\u0259rin bazar prinsipl\u0259ri \u0259sas\u0131nda formala\u015fmas\u0131n\u0131 qorumaqla \u0259halinin sosial rifah\u0131na inflyasiyan\u0131n t\u0259sirl\u0259rinin minimalla\u015fd\u0131r\u0131lmas\u0131, daxili bazarda s\u00fcni qiym\u0259t art\u0131m\u0131 \u00fcz\u0259rind\u0259 monitorinqin g\u00fccl\u0259ndirilm\u0259si, sahibkarlar \u00fc\u00e7\u00fcn g\u00fcz\u0259\u015ftli kredit v\u0259 faiz subsidiyas\u0131 mexanizmi m\u0259s\u0259l\u0259l\u0259ri bar\u0259d\u0259 m\u00fczakir\u0259l\u0259r apar\u0131l\u0131b. \u0130clasda, h\u0259m\u00e7inin inflyasiyan\u0131n qar\u015f\u0131s\u0131n\u0131n al\u0131nmas\u0131 \u00fc\u00e7\u00fcn makroiqtisadi siyas\u0259t v\u0259 d\u00f6vl\u0259t t\u0259nziml\u0259nm\u0259si t\u0259dbirl\u0259ri, y\u00fcks\u0259k idxal inflyasiyas\u0131n\u0131n m\u0259hdudla\u015f\u0131r\u0131lmas\u0131 \u00fc\u00e7\u00fcn t\u0259dbirl\u0259r m\u00fczakir\u0259 olunub.<\/p>\n<p>\u00d6t\u0259n ay\u00a0 \u00f6lk\u0259d\u0259 illik 12,5 faizlik inflyasiya qeyd\u0259 al\u0131n\u0131b.\u00a0 R\u0259smi statistikaya g\u00f6r\u0259, 2022-ci ilin yanvar ay\u0131nda istehlak qiym\u0259tl\u0259ri indeksi 2021-ci ilin yanvar ay\u0131na nisb\u0259t\u0259n 112,5 faiz, o c\u00fcml\u0259d\u0259n \u0259rzaq m\u0259hsullar\u0131, i\u00e7kil\u0259r v\u0259 t\u00fct\u00fcn m\u0259mulatlar\u0131 \u00fczr\u0259 117,1 faiz, qeyri-\u0259rzaq m\u0259hsullar\u0131 \u00fczr\u0259 105,9 faiz, \u0259haliy\u0259 g\u00f6st\u0259rilmi\u015f \u00f6d\u0259ni\u015fli xidm\u0259tl\u0259r \u00fczr\u0259 111,1 faiz t\u0259\u015fkil edib.<\/p>\n<p>\u0130nflyasiyan\u0131 art\u0131ran ba\u015fl\u0131ca amill\u0259rd\u0259n biri olan \u0259rzaq m\u0259hsullar\u0131n\u0131n d\u00fcnya bazarlar\u0131ndak\u0131 qiym\u0259ti artmaqda davam edir. Bel\u0259 ki, BMT-nin \u018frzaq v\u0259 K\u0259nd T\u0259s\u0259rr\u00fcfat\u0131 T\u0259\u015fkilat\u0131n\u0131n Qlobal \u018frzaq Qiym\u0259tl\u0259ri \u0130ndeksi \u00f6t\u0259n ilin dekabr ay\u0131nda azalsa da\u00a0 bu ilin yanvar ay\u0131nda art\u0131b. \u018frzaq Qiym\u0259tl\u0259ri \u0130ndeksi yanvarda ayl\u0131q m\u00fcqayis\u0259d\u0259 1,1 faiz,\u00a0illik m\u00fcqayis\u0259d\u0259 is\u0259 19,6 faiz art\u0131b. Yanvar ay\u0131nda bitki ya\u011flar\u0131 v\u0259 s\u00fcd m\u0259hsullar\u0131 alt indeksl\u0259rind\u0259ki art\u0131mlar indeksin y\u00fcks\u0259lm\u0259sin\u0259 s\u0259b\u0259b olub. \u018frzaq m\u0259hsullar\u0131n\u0131n qiym\u0259tind\u0259ki art\u0131m\u0131n 2022-ci il \u0259rzind\u0259 davam ed\u0259c\u0259yi g\u00f6zl\u0259nilir.<\/p>\n<p>Bu m\u0259nada \u0259rzaq m\u0259hsullar\u0131n\u0131n bahala\u015fmas\u0131 cari ild\u0259 d\u0259 inflyasiyan\u0131 art\u0131ran ba\u015fl\u0131ca amill\u0259rd\u0259n olaraq qal\u0131r. El\u0259 buradan ir\u0259li g\u0259l\u0259r\u0259k \u0130qtisadi \u015euran\u0131n iclas\u0131nda v\u0259ziyy\u0259td\u0259n \u00e7\u0131x\u0131\u015f yolu olaraq minimum istehlak s\u0259b\u0259tinin t\u0259rkibind\u0259 \u0259sas \u0259rzaq m\u0259hsullar\u0131 \u00fczr\u0259 \u00f6z\u00fcn\u00fct\u0259minetm\u0259 s\u0259viyy\u0259sinin g\u00fccl\u0259ndirilm\u0259si, \u0259halinin istehlak etdiyi v\u0259 emal s\u0259nayesind\u0259 istifad\u0259 olunan \u0259sas k\u0259nd t\u0259s\u0259rr\u00fcfat\u0131 m\u0259hsullar\u0131n\u0131n istehsal\u0131n\u0131n art\u0131r\u0131lmas\u0131 perspektivl\u0259ri v\u0259 proqnozlar\u0131, o c\u00fcml\u0259d\u0259n bu kontekstd\u0259 \u00e7a\u011f\u0131r\u0131\u015flar m\u00fczakir\u0259 olunub. S\u00f6z\u00fcged\u0259n t\u0259dbirl\u0259r t\u0259kc\u0259 indi deyil, daim \u00f6lk\u0259 iqtisadiyyat\u0131n\u0131n qar\u015f\u0131s\u0131nda duran prioritet v\u0259zif\u0259l\u0259rd\u0259n olub. Bel\u0259 ki, indiy\u0259d\u0259k \u00f6lk\u0259nin \u0259rzaq t\u0259hl\u00fck\u0259sizliyinin t\u0259min edilm\u0259si h\u0259yata ke\u00e7iril\u0259n iqtisadi siyas\u0259tin ba\u015fl\u0131ca istiqam\u0259ti olub v\u0259 daim d\u00f6vl\u0259t d\u0259st\u0259yi il\u0259 \u0259hat\u0259 edilib. Bununla bel\u0259 \u0259rzaq m\u0259hsullar\u0131na t\u0259l\u0259bat\u0131n bir hiss\u0259si idxal hesab\u0131na \u00f6d\u0259nilm\u0259kd\u0259dir. Bu da d\u00fcnya bazarlar\u0131ndak\u0131 qiym\u0259t d\u0259yi\u015fiklikl\u0259rinin \u00f6lk\u0259daxilin\u0259 t\u0259sirini qa\u00e7\u0131lmaz edir. Lakin qiym\u0259t art\u0131m\u0131 \u015f\u0259raitind\u0259 bel\u0259 \u0259halinin real g\u0259lirl\u0259rinin v\u0259 al\u0131c\u0131l\u0131q qabiliyy\u0259tinin qorunmas\u0131na y\u00f6n\u0259lmi\u015f t\u0259dbirl\u0259r v\u0259 Az\u0259rbaycan Respublikas\u0131 Prezidentinin F\u0259rman v\u0259 s\u0259r\u0259ncamlar\u0131 il\u0259 \u0259m\u0259khaqlar\u0131, sosial \u00f6d\u0259ni\u015fl\u0259r v\u0259 sosial d\u0259st\u0259k t\u0259dbirl\u0259rinin art\u0131r\u0131lmas\u0131 s\u00f6z\u00fcged\u0259n t\u0259sirin miqyas\u0131n\u0131 \u0259h\u0259miyy\u0259tli d\u0259r\u0259c\u0259d\u0259 azald\u0131b. Bu sosial islahat paketin miqyas\u0131na ayd\u0131nl\u0131q g\u0259tirdiyi \u00fc\u00e7\u00fcn dey\u0259k ki, g\u00f6r\u00fcl\u0259n t\u0259dbirl\u0259r 3,4 milyon insan\u0131 \u0259hat\u0259 edir v\u0259 bu m\u0259qs\u0259dl\u0259r \u00fc\u00e7\u00fcn \u0259lav\u0259 2,1 milyard manat d\u00f6vl\u0259t v\u0259saiti ayr\u0131l\u0131b.<\/p>\n<p>Bununla bel\u0259, \u0130clasda sosial d\u0259st\u0259k t\u0259dbirl\u0259rinin davam etdirilm\u0259si, z\u0259rur\u0259t oldu\u011fu t\u0259qdird\u0259 \u00f6z\u00fcn\u00fcm\u0259\u015f\u011fulluq v\u0259 haqq\u0131\u00f6d\u0259nil\u0259n ictimai i\u015fl\u0259r proqram\u0131n\u0131n \u0259hat\u0259 dair\u0259sinin daha da geni\u015fl\u0259ndirilm\u0259si v\u0259 dig\u0259r aktual m\u0259s\u0259l\u0259l\u0259r bar\u0259d\u0259 geni\u015f m\u00fczakir\u0259l\u0259r apar\u0131l\u0131b v\u0259 m\u00fcvafiq tap\u015f\u0131r\u0131qlar verilib. Dig\u0259r t\u0259r\u0259fd\u0259n daxili bazarda s\u00fcni qiym\u0259t art\u0131m\u0131 \u00fcz\u0259rind\u0259 monitorinqin g\u00fccl\u0259ndiril\u0259c\u0259yi n\u0259z\u0259rd\u0259 tutulub. B\u00fct\u00fcn bu t\u0259dbirl\u0259r Ba\u015f nazirin imzalad\u0131\u011f\u0131 &#8220;Az\u0259rbaycan Respublikas\u0131nda antiinflyasiya t\u0259dbirl\u0259rinin g\u00fccl\u0259ndirilm\u0259si il\u0259 ba\u011fl\u0131 t\u0259xir\u0259sal\u0131nmaz t\u0259dbirl\u0259r haqq\u0131nda&#8221; S\u0259r\u0259ncamda da \u00f6z \u0259ksini tap\u0131b. S\u0259r\u0259ncamda \u00f6lk\u0259d\u0259 qiym\u0259tl\u0259rin bazar prinsipl\u0259ri \u0259sas\u0131nda formala\u015fmas\u0131n\u0131 qorumaq \u015f\u0259rtil\u0259 m\u00fc\u0259yy\u0259n t\u0259dbirl\u0259rin g\u00f6r\u00fclm\u0259si n\u0259z\u0259rd\u0259 tutulub.<\/p>\n<p>\u0130st\u0259nil\u0259n halda bu t\u0259dbirl\u0259rin t\u0259sirliliyi cari il \u00fczr\u0259 inflyasiya g\u00f6st\u0259ricisind\u0259 \u00f6z \u0259ksini tapacaq. M\u0259lum m\u0259s\u0259l\u0259dir ki, antiinflyasiya t\u0259dbirl\u0259rinin geni\u015fl\u0259ndirilm\u0259si inflyasiya il\u0259 m\u00fcbariz\u0259d\u0259 yeni t\u0259sir al\u0259tl\u0259rini t\u0259tbiq etm\u0259y\u0259 imkan ver\u0259c\u0259k. Lakin d\u00fcnya \u0259mt\u0259\u0259 bazarlar\u0131ndak\u0131 v\u0259ziyy\u0259tin, x\u00fcsus\u0259n d\u0259 \u0259rzaq m\u0259hsullar\u0131ndak\u0131 qiym\u0259t d\u0259yi\u015fiklikl\u0259rinin inflyasiyaya t\u0259siri bax\u0131m\u0131ndan \u00f6z aktuall\u0131\u011f\u0131n\u0131 qoruyub saxlayaca\u011f\u0131 da qa\u00e7\u0131lmaz g\u00f6r\u00fcn\u00fcr.<\/p>\n","protected":false},"excerpt":{"rendered":"<p>X\u0259b\u0259r verildiyi kimi, fevral\u0131n 17-18-d\u0259 Ba\u015f nazir \u018fli \u018fs\u0259dovun s\u0259drliyi il\u0259 ke\u00e7iril\u0259n Az\u0259rbaycan Respublikas\u0131 \u0130qtisadi \u015euras\u0131n\u0131n n\u00f6vb\u0259ti iclas\u0131nda \u00f6lk\u0259d\u0259 antiinflyasiya t\u0259dbirl\u0259rinin g\u00fccl\u0259ndirilm\u0259si m\u0259s\u0259l\u0259si \u0259sas diqq\u0259t m\u0259rk\u0259zind\u0259 olub. \u0130clasda d\u00fcnya \u0259rzaq bazarlar\u0131nda m\u0259hsullar\u0131n qiym\u0259tl\u0259rind\u0259 k\u0259skin bahala\u015fman\u0131n \u00f6lk\u0259d\u0259 i\u015fg\u00fczar f\u0259all\u0131\u011fa, \u0259halinin rifah\u0131na v\u0259 al\u0131c\u0131l\u0131q qabiliyy\u0259tin\u0259 m\u0259nfi t\u0259sirinin qar\u015f\u0131s\u0131n\u0131n al\u0131nmas\u0131 m\u0259qs\u0259dil\u0259 t\u0259xir\u0259sal\u0131nmaz antiinflyasiya t\u0259dbirl\u0259rinin g\u00fccl\u0259ndirilm\u0259si geni\u015f m\u00fczakir\u0259 olunub. Bundan ba\u015fqa, Ba\u015f nazir fevral\u0131n 21-d\u0259\u00a0 &#8220;Az\u0259rbaycan Respublikas\u0131nda antiinflyasiya t\u0259dbirl\u0259rinin g\u00fccl\u0259ndirilm\u0259si il\u0259 ba\u011fl\u0131 t\u0259xir\u0259sal\u0131nmaz t\u0259dbirl\u0259r haqq\u0131nda&#8221; S\u0259r\u0259ncam imzalay\u0131b. Qeyd ed\u0259k ki, bir ay \u0259vv\u0259l &#8211; yanvar\u0131n 18-d\u0259 Ba\u015f nazir \u018fli \u018fs\u0259dovun s\u0259drliyi il\u0259 \u00f6lk\u0259d\u0259 \u0259rzaq&hellip;<\/p>\n","protected":false},"author":2,"featured_media":441912,"comment_status":"closed","ping_status":"closed","sticky":false,"template":"","format":"standard","meta":{"om_disable_all_campaigns":false,"_monsterinsights_skip_tracking":false,"_monsterinsights_sitenote_active":false,"_monsterinsights_sitenote_note":"","_monsterinsights_sitenote_category":0},"categories":[19],"tags":[],"aioseo_notices":[],"gutentor_comment":0,"rttpg_featured_image_url":{"full":["https:\/\/arantv.az\/wp-content\/uploads\/2022\/02\/FotoJet-2-6.jpg",620,413,false],"landscape":["https:\/\/arantv.az\/wp-content\/uploads\/2022\/02\/FotoJet-2-6.jpg",620,413,false],"portraits":["https:\/\/arantv.az\/wp-content\/uploads\/2022\/02\/FotoJet-2-6.jpg",620,413,false],"thumbnail":["https:\/\/arantv.az\/wp-content\/uploads\/2022\/02\/FotoJet-2-6-500x280.jpg",500,280,true],"medium":["https:\/\/arantv.az\/wp-content\/uploads\/2022\/02\/FotoJet-2-6-548x365.jpg",548,365,true],"large":["https:\/\/arantv.az\/wp-content\/uploads\/2022\/02\/FotoJet-2-6.jpg",620,413,false],"1536x1536":["https:\/\/arantv.az\/wp-content\/uploads\/2022\/02\/FotoJet-2-6.jpg",620,413,false],"2048x2048":["https:\/\/arantv.az\/wp-content\/uploads\/2022\/02\/FotoJet-2-6.jpg",620,413,false],"post-thumbnail":["https:\/\/arantv.az\/wp-content\/uploads\/2022\/02\/FotoJet-2-6-240x172.jpg",240,172,true],"advps-thumb-one":["https:\/\/arantv.az\/wp-content\/uploads\/2022\/02\/FotoJet-2-6.jpg",620,413,false]},"rttpg_author":{"display_name":"V\u00fcsal Rafiqo\u011flu","author_link":"https:\/\/arantv.az\/?author=2"},"rttpg_comment":0,"rttpg_category":"<a href=\"https:\/\/arantv.az\/?cat=19\" rel=\"category\">G\u00fcnd\u0259m<\/a>","rttpg_excerpt":"X\u0259b\u0259r verildiyi kimi, fevral\u0131n 17-18-d\u0259 Ba\u015f nazir \u018fli \u018fs\u0259dovun s\u0259drliyi il\u0259 ke\u00e7iril\u0259n Az\u0259rbaycan Respublikas\u0131 \u0130qtisadi \u015euras\u0131n\u0131n n\u00f6vb\u0259ti iclas\u0131nda \u00f6lk\u0259d\u0259 antiinflyasiya t\u0259dbirl\u0259rinin g\u00fccl\u0259ndirilm\u0259si m\u0259s\u0259l\u0259si \u0259sas diqq\u0259t m\u0259rk\u0259zind\u0259 olub. \u0130clasda d\u00fcnya \u0259rzaq bazarlar\u0131nda m\u0259hsullar\u0131n qiym\u0259tl\u0259rind\u0259 k\u0259skin bahala\u015fman\u0131n \u00f6lk\u0259d\u0259 i\u015fg\u00fczar f\u0259all\u0131\u011fa, \u0259halinin rifah\u0131na v\u0259 al\u0131c\u0131l\u0131q qabiliyy\u0259tin\u0259 m\u0259nfi t\u0259sirinin qar\u015f\u0131s\u0131n\u0131n al\u0131nmas\u0131 m\u0259qs\u0259dil\u0259 t\u0259xir\u0259sal\u0131nmaz antiinflyasiya t\u0259dbirl\u0259rinin g\u00fccl\u0259ndirilm\u0259si geni\u015f m\u00fczakir\u0259 olunub.&hellip;","_links":{"self":[{"href":"https:\/\/arantv.az\/index.php?rest_route=\/wp\/v2\/posts\/442010"}],"collection":[{"href":"https:\/\/arantv.az\/index.php?rest_route=\/wp\/v2\/posts"}],"about":[{"href":"https:\/\/arantv.az\/index.php?rest_route=\/wp\/v2\/types\/post"}],"author":[{"embeddable":true,"href":"https:\/\/arantv.az\/index.php?rest_route=\/wp\/v2\/users\/2"}],"replies":[{"embeddable":true,"href":"https:\/\/arantv.az\/index.php?rest_route=%2Fwp%2Fv2%2Fcomments&post=442010"}],"version-history":[{"count":0,"href":"https:\/\/arantv.az\/index.php?rest_route=\/wp\/v2\/posts\/442010\/revisions"}],"wp:featuredmedia":[{"embeddable":true,"href":"https:\/\/arantv.az\/index.php?rest_route=\/wp\/v2\/media\/441912"}],"wp:attachment":[{"href":"https:\/\/arantv.az\/index.php?rest_route=%2Fwp%2Fv2%2Fmedia&parent=442010"}],"wp:term":[{"taxonomy":"category","embeddable":true,"href":"https:\/\/arantv.az\/index.php?rest_route=%2Fwp%2Fv2%2Fcategories&post=442010"},{"taxonomy":"post_tag","embeddable":true,"href":"https:\/\/arantv.az\/index.php?rest_route=%2Fwp%2Fv2%2Ftags&post=442010"}],"curies":[{"name":"wp","href":"https:\/\/api.w.org\/{rel}","templated":true}]}}