{"id":442018,"date":"2022-02-22T07:21:56","date_gmt":"2022-02-22T04:21:56","guid":{"rendered":"http:\/\/arantv.az\/?p=442018"},"modified":"2022-02-22T07:21:56","modified_gmt":"2022-02-22T04:21:56","slug":"toivo-klaar-az%c9%99rbaycandaki-gorusl%c9%99rind%c9%99n-yazdi","status":"publish","type":"post","link":"https:\/\/arantv.az\/?p=442018","title":{"rendered":"Toivo Klaar Az\u0259rbaycandak\u0131 g\u00f6r\u00fc\u015fl\u0259rind\u0259n yazd\u0131"},"content":{"rendered":"<p>&#8220;Fevral\u0131n 21-d\u0259 Az\u0259rbaycanda Prezident \u0130lham \u018fliyev, xarici i\u015fl\u0259r naziri Ceyhun Bayramov v\u0259 ANAMA-n\u0131n r\u0259hb\u0259ri V\u00fcqar S\u00fcleymanovla m\u0259zmunlu g\u00f6r\u00fc\u015fl\u0259r ke\u00e7irdik&#8221;.<\/p>\n<p><strong>ARANTV.AZ<\/strong> &#8220;qafqazinfo&#8221;-ya istinad\u0259n x\u0259b\u0259r verir ki, bu bar\u0259d\u0259 Avropa \u0130ttifaq\u0131n\u0131n C\u0259nubi Qafqaz \u00fczr\u0259 x\u00fcsusi n\u00fcmay\u0259nd\u0259si Toivo Klaar \u00f6z Tvitter hesab\u0131nda payla\u015f\u0131m edib.<\/p>\n<p>&#8220;Biz m\u00f6vcud v\u0259ziyy\u0259ti v\u0259 Avropa \u0130ttifaq\u0131, Az\u0259rbaycan v\u0259 Erm\u0259nistan liderl\u0259rinin g\u00f6r\u00fc\u015fl\u0259rinin effektiv davam\u0131n\u0131 m\u00fczakir\u0259 etdik&#8221;, &#8211; Toivo Klaar bildirib.<\/p>\n","protected":false},"excerpt":{"rendered":"<p>&#8220;Fevral\u0131n 21-d\u0259 Az\u0259rbaycanda Prezident \u0130lham \u018fliyev, xarici i\u015fl\u0259r naziri Ceyhun Bayramov v\u0259 ANAMA-n\u0131n r\u0259hb\u0259ri V\u00fcqar S\u00fcleymanovla m\u0259zmunlu g\u00f6r\u00fc\u015fl\u0259r ke\u00e7irdik&#8221;. ARANTV.AZ &#8220;qafqazinfo&#8221;-ya istinad\u0259n x\u0259b\u0259r verir ki, bu bar\u0259d\u0259 Avropa \u0130ttifaq\u0131n\u0131n C\u0259nubi Qafqaz \u00fczr\u0259 x\u00fcsusi n\u00fcmay\u0259nd\u0259si Toivo Klaar \u00f6z Tvitter hesab\u0131nda payla\u015f\u0131m edib. &#8220;Biz m\u00f6vcud v\u0259ziyy\u0259ti v\u0259 Avropa \u0130ttifaq\u0131, Az\u0259rbaycan v\u0259 Erm\u0259nistan liderl\u0259rinin g\u00f6r\u00fc\u015fl\u0259rinin effektiv davam\u0131n\u0131 m\u00fczakir\u0259 etdik&#8221;, &#8211; Toivo Klaar bildirib.<\/p>\n","protected":false},"author":2,"featured_media":442019,"comment_status":"closed","ping_status":"closed","sticky":false,"template":"","format":"standard","meta":{"om_disable_all_campaigns":false,"_monsterinsights_skip_tracking":false,"_monsterinsights_sitenote_active":false,"_monsterinsights_sitenote_note":"","_monsterinsights_sitenote_category":0},"categories":[7],"tags":[],"aioseo_notices":[],"gutentor_comment":0,"rttpg_featured_image_url":{"full":["https:\/\/arantv.az\/wp-content\/uploads\/2022\/02\/16454740503293910334_1000x669.jpg",637,400,false],"landscape":["https:\/\/arantv.az\/wp-content\/uploads\/2022\/02\/16454740503293910334_1000x669.jpg",637,400,false],"portraits":["https:\/\/arantv.az\/wp-content\/uploads\/2022\/02\/16454740503293910334_1000x669.jpg",637,400,false],"thumbnail":["https:\/\/arantv.az\/wp-content\/uploads\/2022\/02\/16454740503293910334_1000x669-500x280.jpg",500,280,true],"medium":["https:\/\/arantv.az\/wp-content\/uploads\/2022\/02\/16454740503293910334_1000x669-581x365.jpg",581,365,true],"large":["https:\/\/arantv.az\/wp-content\/uploads\/2022\/02\/16454740503293910334_1000x669.jpg",637,400,false],"1536x1536":["https:\/\/arantv.az\/wp-content\/uploads\/2022\/02\/16454740503293910334_1000x669.jpg",637,400,false],"2048x2048":["https:\/\/arantv.az\/wp-content\/uploads\/2022\/02\/16454740503293910334_1000x669.jpg",637,400,false],"post-thumbnail":["https:\/\/arantv.az\/wp-content\/uploads\/2022\/02\/16454740503293910334_1000x669-240x172.jpg",240,172,true],"advps-thumb-one":["https:\/\/arantv.az\/wp-content\/uploads\/2022\/02\/16454740503293910334_1000x669.jpg",637,400,false]},"rttpg_author":{"display_name":"V\u00fcsal Rafiqo\u011flu","author_link":"https:\/\/arantv.az\/?author=2"},"rttpg_comment":0,"rttpg_category":"<a href=\"https:\/\/arantv.az\/?cat=7\" rel=\"category\">D\u00fcnya<\/a>","rttpg_excerpt":"&#8220;Fevral\u0131n 21-d\u0259 Az\u0259rbaycanda Prezident \u0130lham \u018fliyev, xarici i\u015fl\u0259r naziri Ceyhun Bayramov v\u0259 ANAMA-n\u0131n r\u0259hb\u0259ri V\u00fcqar S\u00fcleymanovla m\u0259zmunlu g\u00f6r\u00fc\u015fl\u0259r ke\u00e7irdik&#8221;. ARANTV.AZ &#8220;qafqazinfo&#8221;-ya istinad\u0259n x\u0259b\u0259r verir ki, bu bar\u0259d\u0259 Avropa \u0130ttifaq\u0131n\u0131n C\u0259nubi Qafqaz \u00fczr\u0259 x\u00fcsusi n\u00fcmay\u0259nd\u0259si Toivo Klaar \u00f6z Tvitter hesab\u0131nda payla\u015f\u0131m edib. &#8220;Biz m\u00f6vcud v\u0259ziyy\u0259ti v\u0259 Avropa \u0130ttifaq\u0131, Az\u0259rbaycan v\u0259 Erm\u0259nistan liderl\u0259rinin g\u00f6r\u00fc\u015fl\u0259rinin effektiv davam\u0131n\u0131 m\u00fczakir\u0259&hellip;","_links":{"self":[{"href":"https:\/\/arantv.az\/index.php?rest_route=\/wp\/v2\/posts\/442018"}],"collection":[{"href":"https:\/\/arantv.az\/index.php?rest_route=\/wp\/v2\/posts"}],"about":[{"href":"https:\/\/arantv.az\/index.php?rest_route=\/wp\/v2\/types\/post"}],"author":[{"embeddable":true,"href":"https:\/\/arantv.az\/index.php?rest_route=\/wp\/v2\/users\/2"}],"replies":[{"embeddable":true,"href":"https:\/\/arantv.az\/index.php?rest_route=%2Fwp%2Fv2%2Fcomments&post=442018"}],"version-history":[{"count":0,"href":"https:\/\/arantv.az\/index.php?rest_route=\/wp\/v2\/posts\/442018\/revisions"}],"wp:featuredmedia":[{"embeddable":true,"href":"https:\/\/arantv.az\/index.php?rest_route=\/wp\/v2\/media\/442019"}],"wp:attachment":[{"href":"https:\/\/arantv.az\/index.php?rest_route=%2Fwp%2Fv2%2Fmedia&parent=442018"}],"wp:term":[{"taxonomy":"category","embeddable":true,"href":"https:\/\/arantv.az\/index.php?rest_route=%2Fwp%2Fv2%2Fcategories&post=442018"},{"taxonomy":"post_tag","embeddable":true,"href":"https:\/\/arantv.az\/index.php?rest_route=%2Fwp%2Fv2%2Ftags&post=442018"}],"curies":[{"name":"wp","href":"https:\/\/api.w.org\/{rel}","templated":true}]}}